{"id":15546,"date":"2021-12-10T22:38:09","date_gmt":"2021-12-10T20:38:09","guid":{"rendered":"https:\/\/blogs.deia.eus\/anasagasti\/?p=15546"},"modified":"2021-12-10T22:38:12","modified_gmt":"2021-12-10T20:38:12","slug":"las-reflexiones-de-pedro-j","status":"publish","type":"post","link":"https:\/\/blogs.deia.eus\/anasagasti\/2021\/12\/10\/las-reflexiones-de-pedro-j\/","title":{"rendered":"Las reflexiones de Pedro J."},"content":{"rendered":"\n<p><strong>S\u00e1bado 10 de diciembre de 2021<\/strong><\/p>\n\n\n\n<div class=\"wp-block-image\"><figure class=\"aligncenter size-full\"><a href=\"https:\/\/blogs.deia.eus\/anasagasti\/files\/2021\/12\/Ramirez.jpg\"><img loading=\"lazy\" decoding=\"async\" width=\"404\" height=\"269\" src=\"https:\/\/blogs.deia.eus\/anasagasti\/files\/2021\/12\/Ramirez.jpg\" alt=\"\" class=\"wp-image-15547\" \/><\/a><\/figure><\/div>\n\n\n\n<p>El otro d\u00eda, sali\u00f3 hablando por la tele (programa La Sexta Noche de la noche del s\u00e1bado), el ex director de \u00abEl Mundo, Pedro J Ram\u00edrez. En la entrevista que se le hizo (si no me equivoco, ha debido de escribir un libro&#8230;), este se\u00f1or, dej\u00f3 \u00abcaer\u00bb de pasada que la sociedad vasca no ha hecho a\u00fan autocr\u00edtica del per\u00edodo, de ETA&#8230;, bueno&#8230;, cierto es que siempre se pudo haber hecho m\u00e1s y aunque se hubiera hecho infinitamente m\u00e1s, siempre se podr\u00eda haber hecho m\u00e1s a\u00fan. Pero al final, la culpa es de la sociedad vasca&#8230;, es decir, de los vascos&#8230;, de todos&#8230;, es la idea de verdad de cierta gente, que empez\u00f3 diciendo que la culpa de ETA era del franquismo, m\u00e1s tarde dijo que de la propia ETA, luego que de las izquierdas revolucionarias, luego del nacionalismo vasco, de la iglesia vasca, del euskera y la educaci\u00f3n, y finalmente lo que quieren decir es que la culpa es de toda la sociedad vasca (aunque nunca dice nada de los que ejercieron esta violencia personalmente&#8230;),<\/p>\n\n\n\n<p>Dicho de otra manera, de todos los vascos o de los vascos, esto es lo que en el fondo quieren decir&#8230;, un pensamiento racista que culpa generalmente a todo un colectivo y que tiene su mayor predicamento entre la derecha m\u00e1s extrema espa\u00f1ola (y de alg\u00fan intelectualoide que la nutre, ya que en Espa\u00f1a todas las derechas se confunden con la m\u00e1s extrema).<\/p>\n\n\n\n<p>Esto de que la culpa es de los vascos (y ni siquiera del nacionalismo vasco con lo que a veces tratan de confundir), es algo que todos los vascos deber\u00edamos tener siempre en cuenta, independientemente de nuestra ideolog\u00eda, hay gente que nos culpa a todos y est\u00e1 por lo tanto contra todos, sin diferenciar&#8230;, y ante esto deber\u00edamos unirnos. Junto con eso de que la culpa es de los vascos, hay otras dos ideas propias de la ultraderecha (y de alg\u00fan intelectualoide que la nutre, ya que en Espa\u00f1a todas las derechas se confunden con la m\u00e1s extrema), otra es que todo es ETA&#8230;, y otra que ETA sigue existiendo y est\u00e1 m\u00e1s fuerte que nunca&#8230;, las tres son un todo uno solo, el top del top respecto a este tema. Supongo que esto es as\u00ed, porque hay gente (que aunque lo niegue&#8230;), tiene interiorizado que ETA representa a los vascos y los vascos somos representados por ETA y al final pese a negarlo, terminan por manifestarlo.&nbsp;<\/p>\n\n\n\n<p>Piensan lo siguiente; ha perdido ETA, vamos que han perdido los vascos y viceversa&#8230;.&nbsp;<\/p>\n\n\n\n<p>Pedro Jota, record\u00f3 el asesinato del periodista de El Mundo, L\u00f3pez de la Calle, en su pueblo de Andoain, a manos de ETA, el cuenta una historia que yo no conoc\u00eda, y que si el la cuenta supongo cierta, seg\u00fan \u00e9l, tras el asesinato de este hombre, alguien escribi\u00f3 cerca de su casa \u00abTE JODES&#8230;\u00bb, refiri\u00e9ndose al propio asesinado L\u00f3pez de la Calle.Sin&nbsp; duda alguna un hecho atroz y totalmente condenable, tanto el asesinato c\u00f3mo la incalificable pintada, y m\u00e1s a\u00fan ambas cosas juntas, y toda la solidaridad para la familia del fallecido, que si en ese momento no se expres\u00f3 as\u00ed, sin duda alguna no se estuvo a la altura (ni yo, ni mucha gente viv\u00edamos ah\u00ed, no conociendo esa realidad concreta, conoc\u00edamos la de nuestro pueblo y vecinos, de eso si podr\u00eda decirnos algo, aunque puede ser muy distinta de una zona rural, cada cual sabr\u00e1 lo que hizo o no, p\u00fablico o no y los que juzgan pero que tampoco vinieron corriendo desde Madrid, no tienen porqu\u00e9 saber lo que tu pensaste o hiciste&#8230;), tambi\u00e9n habl\u00f3 del obispo de San Sebasti\u00e1n que pidi\u00f3 en aquel momento el di\u00e1logo o algo similar, y que si no era el momento o no deber\u00eda de haberlo hecho.<\/p>\n\n\n\n<p>Todo esto tan terrible pudo ser as\u00ed, pero tambi\u00e9n puede verse a quien se entere del momento, que el obispo conden\u00f3 el atentado, y que miles de personas salieron en Andoain a las calles en contra del atentado, entre esos manifestantes (todos vascos), hab\u00eda mucha gente de izquierdas y nacionalistas vascos, por supuesto no todos, pero muchos y salvo alguna persona de fuera (como el propio Pedro J., todos los manifestantes eran vascos y vecinos de Andoain). Adem\u00e1s da la sensaci\u00f3n de que eso que se hace con la izquierda abertzale, que es decir que nada es suficiente y todo llega tarde (algo que no se hizo con los fascistas, ni con otros de ETA como ETA PM, etc.), se quiere hacer con la sociedad vasca, que sin ser perfecta, hizo asociaciones contra ETA, lazo azul, recogidas de firmas, manifestaciones, concentraciones, m\u00e1s adelante incluso reconocimiento a las v\u00edctimas de ETA (que igual debi\u00f3 de hacerse antes, pero que nunca se ha hecho a ese nivel por otro tipo de v\u00edctimas&#8230;), etc.<\/p>\n\n\n\n<p>Y de todas estas cosas que hay numerosas pruebas y muy antiguas (muy desde el final del franquismo), cosas que entonces se fomentaban y aplaud\u00edan (por lo que si las hicimos, ahora habr\u00eda que reconocerlas, \u00bfno?.De hecho fueron muy importantes y da\u00f1aron mucho a ETA, seamos sinceros&#8230;), manifestaciones en las que estuvieron incluso fuerzas nacionalistas, y no siempre estuvieron algunos que luego se pasa ron todo el tiempo sermoneando a los dem\u00e1s.&nbsp;<\/p>\n\n\n\n<p>&nbsp;Desde luego, si los vascos no estuvimos a la altura con todo esto (y siempre se puede hacer m\u00e1s), a ver que otro pueblo ha hecho estas o m\u00e1s cosas, \u00bflas hizo el pueblo espa\u00f1ol durante el franquismo?, \u00bfd\u00f3nde estaban con los fusilamientos?, \u00bfcon los exiliados?, \u00bfcon las megaconstrucciones franquistas hechas con presos pol\u00edticos?, \u00bfcon las torturas?, \u00bfcon la colaboraci\u00f3n con los nazis en Rusia?, \u00bfcon la desaparici\u00f3n de ni\u00f1os?, \u00bfcon las v\u00edctimas?, \u00bfcon los robos de bienes?, \u00bfcon la impunidad fascista?, \u00bfes que acaso no sabe Pedro Jota que en muchos pueblos espa\u00f1oles han tenido que convivir durante d\u00e9cadas las v\u00edctimas con los asesinos de sus familiares, sabi\u00e9ndolo ambos.<\/p>\n\n\n\n<p>\u00bfClaro que lo sabe!, \u00bfy la autocr\u00edtica de la sociedad espa\u00f1ola?, pues la misma que tiene ante las cr\u00edticas al imperio, \u00abLEYENDA NEGRA\u00bb&#8230;, todas son mentiras hechas desde fuera por los que nos odian y envidian&#8230;?\u00bf, \u00bfpor qu\u00e9 desde la ONU a d\u00eda de hoy no se habla de la sociedad vasca, pero si de las zanjas llenas de cuerpos por los fascistas en Espa\u00f1a?, \u00bfpor qu\u00e9 en Espa\u00f1a hay revisionistas hist\u00f3ricos c\u00f3mo Moa, Vidal, etc., y no hay un \u00abconsenso democr\u00e1tico\u00bb sobre lo que fue la II\u00aa Rep\u00fablica, el golpe de estado, la guerra civil, la dictadura y la Transici\u00f3n?.&nbsp;<\/p>\n\n\n\n<p>Estos son hechos, no demagogia&#8230;, pero cuando hablamos de lo que hizo o no una sociedad, siempre llegamos al mismo punto, algunas personas que juzgan a todo el mundo (como si fuese algo homog\u00e9neo&#8230;), hay que ver lo que han hecho, o no hecho o dicho, ellos mismos en este tema y otros (y no me refiero a aquel v\u00eddeo sexual de Pedro Jota, que tambi\u00e9n se mencion\u00f3 en la entrevista, seg\u00fan \u00e9l&#8230;, \u00bfmontaje cre\u00ed escuchar&#8230;?), no sino a c\u00f3mo ha sido el propio Pedro J., en este tema y otros.<\/p>\n\n\n\n<p>No deja adem\u00e1s de ser curioso, que aquellos que se pasaron a\u00f1os diciendo a los dem\u00e1s que \u00abalgo hab\u00eda que hacer contra el franquismo\u00bb, no pararon hasta que surgi\u00f3 ETA, a la que aplaudieron&#8230;, y luego de nuevo volvieron con las mismas \u00abalgo hab\u00eda que hacer contra ETA\u00bb, y se hizo, manifestaciones pac\u00edficas, \u00bfno es suficiente?, \u00bfqu\u00e9 esperaban entonces?, \u00bfotra organizaci\u00f3n terrorista?, \u00bfes que no aprendieron ya la primera vez?, no creo que se les pueda tomar en serio. A la historia nos remitimos, \u00a1quiz\u00e1s en vez de jalear la primera vez, que algo hab\u00eda que hacer contra Franco, se hubiesen quedado en casa y la historia hubiese sido otra&#8230;!.&nbsp;<\/p>\n\n\n\n<p>Es cierto que Pedro Jota, tuvo una actitud muy beligerante contra el GAL, pero a d\u00eda de hoy, da la sensaci\u00f3n que en su d\u00eda, odiaba m\u00e1s al PSOE de Gonz\u00e1lez que al propio GAL&#8230;, pero veamos m\u00e1s cosas hechas por el se\u00f1or Ram\u00edrez (por ejemplo empe\u00f1arse que los atentados yihadistas del 11 M los hizo ETA&#8230;, para que as\u00ed el PP no perdiese las elecciones, pese a ser mentira&#8230;, de hecho \u00abigual\u00bb todav\u00eda lo mantiene, pues lo hizo mucho tiempo&#8230;).<\/p>\n\n\n\n<p>1.- Las v\u00edctimas del 11 M ni \u00abolvidan ni perdonan\u00bb a Pedro J. Ram\u00edrez: \u00abNos ha hecho much\u00edsimo da\u00f1o\u00bb. https:\/\/www.elplural.com\/politica\/espana\/las-victimas-del-11-m-ni-olvidan-ni-perdonan-a-pedro-j-ramirez-nos-ha-hecho-muchisimo-dano_42784102 Una de las que habla es Pilar Manj\u00f3n.<\/p>\n\n\n\n<p>2.- Suicidio de Magdalena. <a href=\"https:\/\/www.uv.es\/pla\/alteritat\/Magdalena.htm\">https:\/\/www.uv.es\/pla\/alteritat\/Magdalena.htm<\/a>. Magdalena G.P., Esposa del comisario Rodolfo Ru\u00edz Mart\u00ednez, y tambi\u00e9n polic\u00eda, trabajaba en pasaportes. El 11M, el Comisario Ru\u00edz estaba a cargo de la comisar\u00eda de Vallecas.&nbsp; Pedro J., y el Mundo, hab\u00edan presuntamente destrozado a su familia, as\u00ed lo manifiesta Magdalena antes de suicidarse el d\u00eda 9 de octubre de 2008, en un hospital psiqui\u00e1trico de Madrid, ahorc\u00e1ndose con un trozo de s\u00e1bana.<\/p>\n\n\n\n<p>No s\u00e9&#8230;, \u00abEl que est\u00e9 libre de todo pecado, que tire la primera piedra\u201d, \u00abM\u00e1s se ve la paja en ojo ajeno, que la viga en el propio&#8230;\u00bb, \u00abNo juzguez y no ser\u00e1s juzgado&#8230;\u00bb, \u00abLa historia la escriben los vencedores&#8230;\u00bb, Algunos de forma propagand\u00edstica confunden \u00e9tica, moral, verdad y periodismo con intereses pol\u00edticos&#8230; Y nunca har\u00e1n mucho m\u00e1s que esto,&nbsp;pues es el nivel que tienen, muy escaso, mientras que en Espa\u00f1a se sigue sin hablar del GAL a la vez que se homenajea a Felipe Gonz\u00e1lez de forma p\u00fablica (de esto Pedro Jota, ya nada dice), el Gobierno Vasco e incluso el PNV ha pedido perd\u00f3n por no haber estado siempre a la altura (lo que no les convierte en culpables, ni c\u00f3mplices, que es distinto), los vascos no solo no somos fascistas, ni nazis (que son los que bombardean Gernika), sino que aplicamos nuestra \u00e9tica (a nivel personal y grupal), mucho mejor que otro, a la historia y datos nos remitimos (como ya hemos hecho), \u00a1Mala suerte!.&nbsp; Sony<\/p>\n<!-- AddThis Advanced Settings generic via filter on the_content --><!-- AddThis Share Buttons generic via filter on the_content -->","protected":false},"excerpt":{"rendered":"<p>S\u00e1bado 10 de diciembre de 2021 El otro d\u00eda, sali\u00f3 hablando por la tele (programa La Sexta Noche de la noche del s\u00e1bado), el ex director de \u00abEl Mundo, Pedro J Ram\u00edrez. En la entrevista que se le hizo (si no me equivoco, ha debido de escribir un libro&#8230;), este se\u00f1or, dej\u00f3 \u00abcaer\u00bb de pasada &hellip; <a href=\"https:\/\/blogs.deia.eus\/anasagasti\/2021\/12\/10\/las-reflexiones-de-pedro-j\/\" class=\"more-link\">Sigue leyendo <span class=\"screen-reader-text\">Las reflexiones de Pedro J.<\/span><\/a><!-- AddThis Advanced Settings generic via filter on get_the_excerpt --><!-- AddThis Share Buttons generic via filter on get_the_excerpt --><\/p>\n","protected":false},"author":19,"featured_media":0,"comment_status":"open","ping_status":"open","sticky":false,"template":"","format":"standard","meta":{"footnotes":""},"categories":[1],"tags":[],"class_list":["post-15546","post","type-post","status-publish","format-standard","hentry","category-general"],"_links":{"self":[{"href":"https:\/\/blogs.deia.eus\/anasagasti\/wp-json\/wp\/v2\/posts\/15546","targetHints":{"allow":["GET"]}}],"collection":[{"href":"https:\/\/blogs.deia.eus\/anasagasti\/wp-json\/wp\/v2\/posts"}],"about":[{"href":"https:\/\/blogs.deia.eus\/anasagasti\/wp-json\/wp\/v2\/types\/post"}],"author":[{"embeddable":true,"href":"https:\/\/blogs.deia.eus\/anasagasti\/wp-json\/wp\/v2\/users\/19"}],"replies":[{"embeddable":true,"href":"https:\/\/blogs.deia.eus\/anasagasti\/wp-json\/wp\/v2\/comments?post=15546"}],"version-history":[{"count":1,"href":"https:\/\/blogs.deia.eus\/anasagasti\/wp-json\/wp\/v2\/posts\/15546\/revisions"}],"predecessor-version":[{"id":15548,"href":"https:\/\/blogs.deia.eus\/anasagasti\/wp-json\/wp\/v2\/posts\/15546\/revisions\/15548"}],"wp:attachment":[{"href":"https:\/\/blogs.deia.eus\/anasagasti\/wp-json\/wp\/v2\/media?parent=15546"}],"wp:term":[{"taxonomy":"category","embeddable":true,"href":"https:\/\/blogs.deia.eus\/anasagasti\/wp-json\/wp\/v2\/categories?post=15546"},{"taxonomy":"post_tag","embeddable":true,"href":"https:\/\/blogs.deia.eus\/anasagasti\/wp-json\/wp\/v2\/tags?post=15546"}],"curies":[{"name":"wp","href":"https:\/\/api.w.org\/{rel}","templated":true}]}}