{"id":15549,"date":"2021-12-11T22:47:26","date_gmt":"2021-12-11T20:47:26","guid":{"rendered":"https:\/\/blogs.deia.eus\/anasagasti\/?p=15549"},"modified":"2021-12-11T22:47:28","modified_gmt":"2021-12-11T20:47:28","slug":"informacion-internacional-en-etb","status":"publish","type":"post","link":"https:\/\/blogs.deia.eus\/anasagasti\/2021\/12\/11\/informacion-internacional-en-etb\/","title":{"rendered":"Informaci\u00f3n internacional en ETB"},"content":{"rendered":"\n<p><strong>S\u00e1bado 11 de diciembre de 2021<\/strong><\/p>\n\n\n\n<div class=\"wp-block-image\"><figure class=\"aligncenter size-full\"><a href=\"https:\/\/blogs.deia.eus\/anasagasti\/files\/2021\/12\/Corresponsales-de-ETB.jpg\"><img loading=\"lazy\" decoding=\"async\" width=\"768\" height=\"838\" src=\"https:\/\/blogs.deia.eus\/anasagasti\/files\/2021\/12\/Corresponsales-de-ETB.jpg\" alt=\"\" class=\"wp-image-15550\" srcset=\"https:\/\/blogs.deia.eus\/anasagasti\/files\/2021\/12\/Corresponsales-de-ETB.jpg 768w, https:\/\/blogs.deia.eus\/anasagasti\/files\/2021\/12\/Corresponsales-de-ETB-580x633.jpg 580w\" sizes=\"auto, (max-width: 768px) 100vw, 768px\" \/><\/a><\/figure><\/div>\n\n\n\n<p>Euskal Telebista tiene un magn\u00edfico elenco de corresponsales extranjeros. Y cuando digo magn\u00edfico, digo magn\u00edfico. Formado, sobre todo, por mujeres periodistas. Amaia Uribe en USA, Olatz Arrieta en Bruselas, Ane Roteta en Londres, Ane Irazabal en Roma y estos d\u00edas en Alemania, Arantxi Padilla en Colombia, Mikel Aiestaran en Medio Oriente haciendo un gran trabajo &nbsp;como lo hizo en &nbsp;Kabul, Olatz Urkia en China, Olatz Simon en Paris, Xabier Madariaga en cualquier esquina de inter\u00e9s &nbsp;y seguramente alguien m\u00e1s, sin saber si todos est\u00e1n en plantilla o son free lance. El caso es que el elenco es muy bueno.<\/p>\n\n\n\n<p>Los vac\u00edos las televisiones los suplen comprando informaci\u00f3n a otras televisoras o agencias, que es lo que se deber\u00eda hacer m\u00e1s a menudo.<\/p>\n\n\n\n<p>\u00bfD\u00f3nde est\u00e1 el problema?.<\/p>\n\n\n\n<p>En que sus informaciones siempre son muy puntuales porque carecen de minutos para bordar el trabajo y &nbsp;porque la informaci\u00f3n deportiva se lleva todo el tiempo, todo &nbsp;el minutaje. En setiembre cronometr\u00e9 la informaci\u00f3n de las regatas que se &nbsp;llev\u00f3 23 minutos. \u00bfEs esto normal?.<\/p>\n\n\n\n<p>Dieron un golpe de estado en Guinea Conakry. Sali\u00f3 una mini noticia de agencia, y ah\u00ed qued\u00f3 todo. Nunca se hace seguimiento de estos temas. En M\u00e9xico la oposici\u00f3n venezolana negocia, o quiere hacerlo, con la dictadura madurista. Ni un segundo, lo mismo que sobre Cuba, Nicaragua o Chile, pa\u00edses donde el Gobierno Vasco tiene Delegados que para ETB no existen y creo tienen buena informaci\u00f3n.<\/p>\n\n\n\n<p>Los vascos en la historia hemos estado en todas partes y &nbsp;viajamos mucho. Nos &nbsp;interesa la pol\u00edtica internacional. El programa Vascos por el Mundo es un programa bien hecho, con historias de \u00e9xito que te ense\u00f1an c\u00f3mo se vive en otras partes, la historia de esas ciudades y sus lugares representativos pero no es un programa de an\u00e1lisis, aunque ocupe bien su lugar. Sin embargo &nbsp;ETB, a pesar de su magn\u00edfico elenco no le saca chispas al mismo. \u00bfEs problema de direcci\u00f3n o de valoraci\u00f3n o de prioridades?.<\/p>\n\n\n\n<p>Y eso que estamos en Europa, nuestra salida pol\u00edtica natural. Se nos llena la boca diciendo &nbsp;que somos europeos. Pero no nos enteramos de casi &nbsp;nada de cu\u00e1les son sus debates, que tanto nos afectan. El 70% de la legislaci\u00f3n que hemos de cumplir es europea, pero la informaci\u00f3n europea es residual y la vemos muy lejos y como si no nos concerniera. No s\u00e9 que ser\u00eda del estado espa\u00f1ol sin las ayudas europeas que han de llegar en breve. \u00bfSabemos que si Europa no hubiera comprado las vacunas andar\u00edamos sin poder pagarlas y sin existencias?.<\/p>\n\n\n\n<p>Una pena que no haya programas especiales sobre estas realidades que tanto nos afectan.<\/p>\n\n\n\n<p>Un ejemplo de inter\u00e9s informativos de estos d\u00edas hubiera sido conocer el programa de actuaci\u00f3n del nuevo gobierno tripartito alem\u00e1n, que tanto nos interesa por las exportaciones vascas a dicho pa\u00eds, o el discurso de la Sra Sturgeon en Escocia anunciando un nuevo refer\u00e9ndum, o los por qu\u00e9s de lo que ocurre en Ucrania, a punto, o no, de una &nbsp;guerra, o las claves del viaje del Papa a Chipre.<\/p>\n\n\n\n<p>Cuando fui miembro del Consejo de Administraci\u00f3n de EITB promovimos que los deportes tuvieran su espacio propio ya que no a todos les interesa el f\u00fatbol y lo que pasa en Guinea Conakry o en Afganist\u00e1n, tarde o temprano nos va&nbsp; a afectar. Si alguien mete un gol de penalti ser\u00e1 muy emocionante pero el resultado para nuestro d\u00eda a d\u00eda es inocuo a no ser que nuestro fanatismo rompa moldes. La emigraci\u00f3n, la carrera armament\u00edstica, el islamismo, las dictaduras americanas, los sesenta a\u00f1os de la ca\u00edda del Muro, los chalecos amarillos, el Brexit, son mil veces m\u00e1s importantes que un gol, o a m\u00ed me lo parece.<\/p>\n\n\n\n<p>Y as\u00ed como hay programas espec\u00edficos de cocina, deber\u00eda haber programas espec\u00edficos deportivos o de pol\u00edtica exterior pues la abundancia de los distintos deportes y de la presencia de los equipos vascos, masculinos y femeninos, en todas las canchas, hace que la informaci\u00f3n internacional entre el Covid y los deportes se quede en nada.<\/p>\n\n\n\n<p>Los informativos son pedagog\u00eda pol\u00edtica y esa pedagog\u00eda moral y c\u00edvica que no se est\u00e1 haciendo, buena o mala &nbsp;influye en los valores de la gente.<\/p>\n<!-- AddThis Advanced Settings generic via filter on the_content --><!-- AddThis Share Buttons generic via filter on the_content -->","protected":false},"excerpt":{"rendered":"<p>S\u00e1bado 11 de diciembre de 2021 Euskal Telebista tiene un magn\u00edfico elenco de corresponsales extranjeros. Y cuando digo magn\u00edfico, digo magn\u00edfico. Formado, sobre todo, por mujeres periodistas. Amaia Uribe en USA, Olatz Arrieta en Bruselas, Ane Roteta en Londres, Ane Irazabal en Roma y estos d\u00edas en Alemania, Arantxi Padilla en Colombia, Mikel Aiestaran en &hellip; <a href=\"https:\/\/blogs.deia.eus\/anasagasti\/2021\/12\/11\/informacion-internacional-en-etb\/\" class=\"more-link\">Sigue leyendo <span class=\"screen-reader-text\">Informaci\u00f3n internacional en ETB<\/span><\/a><!-- AddThis Advanced Settings generic via filter on get_the_excerpt --><!-- AddThis Share Buttons generic via filter on get_the_excerpt --><\/p>\n","protected":false},"author":19,"featured_media":0,"comment_status":"open","ping_status":"open","sticky":false,"template":"","format":"standard","meta":{"footnotes":""},"categories":[1],"tags":[],"class_list":["post-15549","post","type-post","status-publish","format-standard","hentry","category-general"],"_links":{"self":[{"href":"https:\/\/blogs.deia.eus\/anasagasti\/wp-json\/wp\/v2\/posts\/15549","targetHints":{"allow":["GET"]}}],"collection":[{"href":"https:\/\/blogs.deia.eus\/anasagasti\/wp-json\/wp\/v2\/posts"}],"about":[{"href":"https:\/\/blogs.deia.eus\/anasagasti\/wp-json\/wp\/v2\/types\/post"}],"author":[{"embeddable":true,"href":"https:\/\/blogs.deia.eus\/anasagasti\/wp-json\/wp\/v2\/users\/19"}],"replies":[{"embeddable":true,"href":"https:\/\/blogs.deia.eus\/anasagasti\/wp-json\/wp\/v2\/comments?post=15549"}],"version-history":[{"count":1,"href":"https:\/\/blogs.deia.eus\/anasagasti\/wp-json\/wp\/v2\/posts\/15549\/revisions"}],"predecessor-version":[{"id":15551,"href":"https:\/\/blogs.deia.eus\/anasagasti\/wp-json\/wp\/v2\/posts\/15549\/revisions\/15551"}],"wp:attachment":[{"href":"https:\/\/blogs.deia.eus\/anasagasti\/wp-json\/wp\/v2\/media?parent=15549"}],"wp:term":[{"taxonomy":"category","embeddable":true,"href":"https:\/\/blogs.deia.eus\/anasagasti\/wp-json\/wp\/v2\/categories?post=15549"},{"taxonomy":"post_tag","embeddable":true,"href":"https:\/\/blogs.deia.eus\/anasagasti\/wp-json\/wp\/v2\/tags?post=15549"}],"curies":[{"name":"wp","href":"https:\/\/api.w.org\/{rel}","templated":true}]}}