{"id":15565,"date":"2021-12-15T19:02:53","date_gmt":"2021-12-15T17:02:53","guid":{"rendered":"https:\/\/blogs.deia.eus\/anasagasti\/?p=15565"},"modified":"2021-12-15T19:02:54","modified_gmt":"2021-12-15T17:02:54","slug":"recuerdo-en-amurrio-a-galindez-65-anos-de-su-secuestro-en-nueva-york","status":"publish","type":"post","link":"https:\/\/blogs.deia.eus\/anasagasti\/2021\/12\/15\/recuerdo-en-amurrio-a-galindez-65-anos-de-su-secuestro-en-nueva-york\/","title":{"rendered":"Recuerdo en Amurrio a Galindez, 65 a\u00f1os de su secuestro en Nueva York"},"content":{"rendered":"\n<p><strong>Mi\u00e9rcoles 15 de diciembre de 2021<\/strong><\/p>\n\n\n\n<div class=\"wp-block-image\"><figure class=\"aligncenter size-large\"><a href=\"https:\/\/blogs.deia.eus\/anasagasti\/files\/2021\/12\/Aguirre-y-Galindez-1942_1-2.jpg\"><img loading=\"lazy\" decoding=\"async\" width=\"940\" height=\"500\" src=\"https:\/\/blogs.deia.eus\/anasagasti\/files\/2021\/12\/Aguirre-y-Galindez-1942_1-2-940x500.jpg\" alt=\"\" class=\"wp-image-15566\" srcset=\"https:\/\/blogs.deia.eus\/anasagasti\/files\/2021\/12\/Aguirre-y-Galindez-1942_1-2-940x500.jpg 940w, https:\/\/blogs.deia.eus\/anasagasti\/files\/2021\/12\/Aguirre-y-Galindez-1942_1-2-580x309.jpg 580w, https:\/\/blogs.deia.eus\/anasagasti\/files\/2021\/12\/Aguirre-y-Galindez-1942_1-2-768x409.jpg 768w, https:\/\/blogs.deia.eus\/anasagasti\/files\/2021\/12\/Aguirre-y-Galindez-1942_1-2.jpg 1024w\" sizes=\"auto, (max-width: 940px) 100vw, 940px\" \/><\/a><\/figure><\/div>\n\n\n\n<p>Estuve ayer en Amurrio en la Casa Parroquial, junto a la Iglesia dando una charla. Hab\u00eda estado \u00a0la \u00faltima vez cuando se celebr\u00f3 el ochenta aniversario del cura Lezama, el gran emprendedor eclesi\u00e1stico de obras sociales, periodista, hostelero, secretario de Taranc\u00f3n y con parroquia en Madrid. Gran promotor de restaurantes por el mundo. Entr\u00f3 a la Iglesia con un globo en la mano. Luego fuimos a su caser\u00edo Iruaritz cerca de la ermita de San Prudencio. Escribi\u00f3 un libro, \u201dEl capit\u00e1n del Arriluze\u201d sobre la peripecia de su abuelo, del PNV, que termin\u00f3 encallando su barco para proteger a sus marinos. Un libro que seguramente se convertir\u00e1 en pel\u00edcula. Ojal\u00e1.<\/p>\n\n\n\n<p>En esta ocasi\u00f3n la Organizaci\u00f3n Municipal del EAJ-PNV me invit\u00f3 a dar una charla. Tiene la Casa Parroquial una sala para conferencias, muy bien arreglada, donde habl\u00e9 de diez historias siendo la \u00faltima mi experiencia con la figura de Jes\u00fas de Galindez. Mi aita le conoci\u00f3 en Ciudad Trujillo (Santo Domingo) cuando lleg\u00f3 en diciembre de 1939. All\u00ed estaba Galindez que hab\u00eda llegado el mes anterior y era el secretario de la delegaci\u00f3n del Gobierno Vasco siendo Eusebio Irujo el delegado. Les dijo a aquellos j\u00f3venes jelkides que se fueran cuanto antes de aquella satrap\u00eda. Cuando mataron a Galindez &nbsp;en 1956 mi aita hizo gestiones con el presidente Bosch para que en Santo Domingo le dedicaran una plaza o una calle. La tiene hoy. Su muerte fue un esc\u00e1ndalo mundial y marc\u00f3 el principio del fin de la dictadura de Trujillo.<\/p>\n\n\n\n<p>He promovido cuatro publicaciones sobre Galindez y es normal que el recuerdo se vaya difuminando. Pero les dije a los que tienen una personalidad tan singular, tan volcada en la difusi\u00f3n de lo vasco, tan defensor del valle de Aiala, del derecho vasco, de su defensa en la ONU de las sanciones al r\u00e9gimen de Franco, de su trabajo con Gurrutxaga, Jon Bilbao, Abrisketa, L\u00f3pez Mendizabal para hacer una historia vasca en empe\u00f1o del Lehendakari Agirre que se deber\u00eda hacer un esfuerzo para que su legado no vaya quedando en el olvido. Dec\u00eda Saramago que se comienza por el olvido y se acaba en la indiferencia.<\/p>\n\n\n\n<p>Galindez amaba Amurrio con toda su alma. Dej\u00f3 escrito lo siguiente como su testamento:<\/p>\n\n\n\n<p><em>\u201cMe declaro cristiano y vasco. Como tal quiero ser enterrado en la fe y en la tierra de mis antepasados cuando esto sea posible. Y ruego a quien se haga cargo de mi cuerpo&nbsp; y bienes que mis restos sean llevados un d\u00eda a Amurrio, en la provincia de Alava, Euzkadi, para ser enterrados all\u00ed. Quisiera que fuese&nbsp; en la finca que mi padre&nbsp; tiene cerca de Zaraobe, en la parte alta donde se divisan las monta\u00f1as&nbsp; de mi Patria\u201d.<\/em><\/p>\n\n\n\n<p>Desgraciadamente no pudo ser. Lo secuestraron en Nueva York y Trujillo lo asesin\u00f3 en Santo Domingo aunque el 13 de marzo de 1986, treinta a\u00f1os despu\u00e9s de su desaparici\u00f3n, se inaugur\u00f3&nbsp; una estela funeraria&nbsp; en el alto de Larrabeobe siendo Diputado general Juan Maria Ollora. Estuvieron el Consejero de presidencia del gobierno Ardanza, Juan Ram\u00f3n Gevara y el presidente del EBB, Xabier Arzalluz. Rodeados de los estandartes de las siete cuadrillas alavesas y centrando la estela funeraria en un c\u00edrculo de piedra noble, dos l\u00e1pidas en euskera y castellano&nbsp; proclaman las palabras de Jes\u00fas de Galindez donde quiso ser enterrado. <em>\u201dY alg\u00fan d\u00eda me tender\u00e9 a dormir junto al \u00e1rbol que escog\u00ed en lo alto de la colina, en el valle solitario de mi pueblo, a solas con mi tierra&nbsp; y con mi lluvia. Estas me comprender\u00e1n al fin\u201d.<\/em><\/p>\n\n\n\n<p>Xabier Arzalluz destac\u00f3 que \u201ca mi me admira que sean pocos los que se acuerden hoy de Jes\u00fas de Galindez . Y no es que fuera del PNV, que lo fue, &nbsp;ya que luch\u00f3 mucho m\u00e1s all\u00e1 de lo que es la lucha por Euzkadi, siguiendo el mandato de que todas las libertades son solidarias. No se dan demasiados ejemplos en este mundo de gentes que arriesguen su vida y la pierden de una forma cruel por defender la libertad y la justicia\u201d.<\/p>\n\n\n\n<p>Con Xabier Arzalluz estuve en la casa del c\u00f3nsul estadounidense, cuando los Estados Unidos ten\u00edan consulado en Bilbao. Vino Richard Gardner en visita oficial y quiso hablar con nosotros. Quer\u00eda contarnos el entonces embajador en Madrid que \u00e9l era un joven abogado en Nueva York y el Lehendakari Agirre, tras la desaparici\u00f3n de Galindez, y como no hab\u00eda testado al morir, sus propiedades hab\u00edan pasado autom\u00e1ticamente a la ciudad de Nueva York y Agirre le encarg\u00f3 que intercediera ante la autoridad de la gran ciudad &nbsp;&nbsp;haci\u00e9ndole ver que los archivos pertenec\u00edan al Gobierno Vasco pero al no tener \u00e9ste personalidad jur\u00eddica reconocida, nada pudo hacer. Es una asignatura pendiente que el actual Gobierno Vasco creo deber\u00eda gestionar.<\/p>\n\n\n\n<p>En su d\u00eda le solicit\u00e9 al alcalde Jos\u00e9 \u00c1ngel Cuerda que donara a la ciudad de Bah\u00eda Blanca, un mosaico con el nombre de Paseo Jes\u00fas de Galindez, un magn\u00edfico paseo costanero, que en tiempos de la dictadura de Videla quisieron quitar pero la firmeza de los vascos de Bah\u00eda Blanca liderados por el comandante de gudaris Francisco Gorritxo, impidi\u00f3 lo quitaran. Y ah\u00ed sigue. Cuerda lo inaugur\u00f3 personalmente.<\/p>\n\n\n\n<p>En aquellos tiempos hab\u00eda m\u00e1s sensibilidad para estas cosas en las instituciones que ahora. Se hacen muchas jornadas de todo tipo pero escasas &nbsp;sobre hechos que marcan la historia de un pueblo. Y la figura de Galindez deber\u00eda estar m\u00e1s presente en el martilorogio vasco de lo que est\u00e1.<\/p>\n\n\n\n<p>Han pasado 65 a\u00f1os de su desaparici\u00f3n y conviene recordar estas cosas y transmitirlas a las nuevas generaciones&nbsp; porque la figura de Galindez, una figura descomunal, deber\u00eda estar presente, todos los a\u00f1os el 12 de marzo, con un acto, el que sea, para que su sacrificio no se borre de nuestro imaginario colectivo. Repito&nbsp; la frase de Saramago: \u201dSe comienza por el olvido y se acaba en la indiferencia\u201d.<\/p>\n\n\n\n<p>Finaliz\u00f3 la charla con un coloquio muy interesante y participativo que dur\u00f3 tanto o m\u00e1s que la charla misma. Estuvo en ella, adem\u00e1s del Alcalde Txerra Molinuevo y Teniente Alcaldesa de Amurrio Estibaliz Sasiain, Covadonga Solaguren exparlamentaria de Araba, Carlos Astarloa que hab\u00eda venido desde Llodio con su mujer y al que aprecio desde siempre.<\/p>\n<!-- AddThis Advanced Settings generic via filter on the_content --><!-- AddThis Share Buttons generic via filter on the_content -->","protected":false},"excerpt":{"rendered":"<p>Mi\u00e9rcoles 15 de diciembre de 2021 Estuve ayer en Amurrio en la Casa Parroquial, junto a la Iglesia dando una charla. Hab\u00eda estado \u00a0la \u00faltima vez cuando se celebr\u00f3 el ochenta aniversario del cura Lezama, el gran emprendedor eclesi\u00e1stico de obras sociales, periodista, hostelero, secretario de Taranc\u00f3n y con parroquia en Madrid. Gran promotor de &hellip; <a href=\"https:\/\/blogs.deia.eus\/anasagasti\/2021\/12\/15\/recuerdo-en-amurrio-a-galindez-65-anos-de-su-secuestro-en-nueva-york\/\" class=\"more-link\">Sigue leyendo <span class=\"screen-reader-text\">Recuerdo en Amurrio a Galindez, 65 a\u00f1os de su secuestro en Nueva York<\/span><\/a><!-- AddThis Advanced Settings generic via filter on get_the_excerpt --><!-- AddThis Share Buttons generic via filter on get_the_excerpt --><\/p>\n","protected":false},"author":19,"featured_media":0,"comment_status":"open","ping_status":"open","sticky":false,"template":"","format":"standard","meta":{"footnotes":""},"categories":[1],"tags":[],"class_list":["post-15565","post","type-post","status-publish","format-standard","hentry","category-general"],"_links":{"self":[{"href":"https:\/\/blogs.deia.eus\/anasagasti\/wp-json\/wp\/v2\/posts\/15565","targetHints":{"allow":["GET"]}}],"collection":[{"href":"https:\/\/blogs.deia.eus\/anasagasti\/wp-json\/wp\/v2\/posts"}],"about":[{"href":"https:\/\/blogs.deia.eus\/anasagasti\/wp-json\/wp\/v2\/types\/post"}],"author":[{"embeddable":true,"href":"https:\/\/blogs.deia.eus\/anasagasti\/wp-json\/wp\/v2\/users\/19"}],"replies":[{"embeddable":true,"href":"https:\/\/blogs.deia.eus\/anasagasti\/wp-json\/wp\/v2\/comments?post=15565"}],"version-history":[{"count":1,"href":"https:\/\/blogs.deia.eus\/anasagasti\/wp-json\/wp\/v2\/posts\/15565\/revisions"}],"predecessor-version":[{"id":15567,"href":"https:\/\/blogs.deia.eus\/anasagasti\/wp-json\/wp\/v2\/posts\/15565\/revisions\/15567"}],"wp:attachment":[{"href":"https:\/\/blogs.deia.eus\/anasagasti\/wp-json\/wp\/v2\/media?parent=15565"}],"wp:term":[{"taxonomy":"category","embeddable":true,"href":"https:\/\/blogs.deia.eus\/anasagasti\/wp-json\/wp\/v2\/categories?post=15565"},{"taxonomy":"post_tag","embeddable":true,"href":"https:\/\/blogs.deia.eus\/anasagasti\/wp-json\/wp\/v2\/tags?post=15565"}],"curies":[{"name":"wp","href":"https:\/\/api.w.org\/{rel}","templated":true}]}}