{"id":15568,"date":"2021-12-16T23:07:55","date_gmt":"2021-12-16T21:07:55","guid":{"rendered":"https:\/\/blogs.deia.eus\/anasagasti\/?p=15568"},"modified":"2021-12-16T23:07:57","modified_gmt":"2021-12-16T21:07:57","slug":"50-anos-de-la-desaparicion-de-joseba-rezola","status":"publish","type":"post","link":"https:\/\/blogs.deia.eus\/anasagasti\/2021\/12\/16\/50-anos-de-la-desaparicion-de-joseba-rezola\/","title":{"rendered":"50 A\u00f1os de la desaparici\u00f3n de Joseba Rezola"},"content":{"rendered":"\n<p><strong>Jueves 16 de diciembre de 2021<\/strong><\/p>\n\n\n\n<div class=\"wp-block-image\"><figure class=\"aligncenter size-full is-resized\"><a href=\"https:\/\/blogs.deia.eus\/anasagasti\/files\/2021\/12\/Rezola.jpg\"><img loading=\"lazy\" decoding=\"async\" src=\"https:\/\/blogs.deia.eus\/anasagasti\/files\/2021\/12\/Rezola.jpg\" alt=\"\" class=\"wp-image-15569\" width=\"490\" height=\"689\" srcset=\"https:\/\/blogs.deia.eus\/anasagasti\/files\/2021\/12\/Rezola.jpg 735w, https:\/\/blogs.deia.eus\/anasagasti\/files\/2021\/12\/Rezola-580x817.jpg 580w\" sizes=\"auto, (max-width: 490px) 100vw, 490px\" \/><\/a><\/figure><\/div>\n\n\n\n<p>Este 17 de diciembre, viernes, se cumplen cincuenta de la desaparici\u00f3n de quien fuera vicepresidente del Gobierno Vasco en el exilio, Joseba Rezola Arratibel, natural de Ordizia y brazo derecho en la guerra del Lehendakari Agirre como Secretario de Defensa. Rezola era una magn\u00edfica persona, un buscador de acuerdos, un l\u00edder que escuchaba m\u00e1s que hablaba, un cristiano consecuente, un tipo generoso que cedi\u00f3 su puesto en el avi\u00f3n \u201cNegus\u201d, que le iba a sacar de Laredo, lo que le ocasion\u00f3 su condena a muerte por \u201cauxilio a la rebeli\u00f3n\u201d. Un gigant\u00f3n de casi 1:90, espaldas anchas, sonrisa franca que qued\u00f3 hecho una piltrafa, reumatismo deformante, tras las diversas c\u00e1rceles, las enfermedades adquiridas en ellas como consecuencia\u00a0 del trato inhumano,\u00a0 la avitaminosis, falta de higiene, la sarna, los piojos y una sanidad truculenta as\u00ed como el hacinamiento en celdas min\u00fasculas. Un patriota cuya mayor p\u00e9rdida fue la de su ni\u00f1a Maiteder con dos meses de edad, estando \u00e9l en Santo\u00f1a y Aurora su mujer, refugiada en Camb\u00f3. \u201dCuando le condenaron a muerte escuch\u00f3 la sentencia inmutable. Cuando le dijeron que su hija hab\u00eda fallecido, de forma inconsolable. Hace falta vivir eso para entenderlo\u201d contaba un burukide amigo.<\/p>\n\n\n\n<p>El periodista ingl\u00e9s George Steer, corresponsal del Times, lo describi\u00f3 as\u00ed en \u201cEl \u00c1rbol de Gernika\u201d: \u00abSu figura alargada, sus ojos azules inflexibles, su voz firme, queda\u00adr\u00e1n impresas para siempre en mi sentido de la historia. \u00a1Cu\u00e1ntas veces me sent\u00e9 a su lado en la comida o en la cena del Carlton y charlamos con toda franqueza de cada retirada, de cada reacci\u00f3n por nuestra parte!. Su sereno estudio de Napole\u00f3n en la postrera noche de la defensa de Bilbao, la indolente y medio desconcertante risa que brot\u00f3 de su boca impasible la noche que regres\u00f3 con su bot\u00edn italiano. \u00bfC\u00f3mo pod\u00eda\u00admos olvidarlas?. Rezola era una roca de bronce. Un hombre indomable que desconoc\u00eda el miedo. Era el prototipo de la fraternidad, el tes\u00f3n, la serenidad y el humanitarismo al cual en el subconsciente se parecen todos los vascos\u00bb.<\/p>\n\n\n\n<p>Conviene pues recordarlo si no queremos que la cadena se rompa. \u00c9l lo ten\u00eda claro hacia los dem\u00e1s. Lleg\u00f3 a escribir: \u201cNo podemos dejarlos en el olvido. Son un ejemplo y un s\u00edmbolo. Nuestros j\u00f3ve\u00adnes no tienen que buscar fuera h\u00e9roes para posters o afiches, los tienen en casa, en su familia tal vez. Tan valientes, tan inconformistas, tan rebeldes, tan sacrificados, tan idealistas, tan disciplinados como para morir en las trincheras de nuestros montes o ante el pelot\u00f3n de ejecuci\u00f3n\u00bb.<\/p>\n\n\n\n<p>El Lehendakari Ardanza y Xabier Arzalluz colocaron en la casa donde naci\u00f3 en Ordizia una placa en su recuerdo.<\/p>\n\n\n\n<p>A la muerte de Xabier de Landaburu, fue designado &nbsp;para representar al Partido Nacionalista Vasco en el Gobierno de Euzkadi, en calidad de Vicepresidente del mismo. Su eficacia con Leizaola presionando&nbsp; para que el juicio de Burgos fuera a puerta abierta salv\u00f3 la vida de los encausados.<\/p>\n\n\n\n<p>Tuve el honor de trabajar con \u00e9l tres a\u00f1os, \u00e9l en Donibane y yo en Caracas. El usaba el alias de Imaz y yo el de&nbsp; Ignacio Romero. Tengo la vivencia&nbsp; de una noche invernal&nbsp; en su cuarto de estar lleno de papeles y el recuerdo de sus ojos azules brillantes como brasas en un cuerpo golpeado por la enfermedad que superaba con su vitalidad, la claridad de sus ideas y su liderazgo positivo. Todo un tipo que deja huella.<\/p>\n\n\n\n<p>Fue el alma de la Txalupa (Radio Euzkadi clandestina) que transmit\u00eda desde Venezuela. Sus cartas informativas ten\u00edan de todo. Partes de escucha, anuncios de actos, juicios sobre hechos, muchas noticias de todo tipo y darnos mucho \u00e1nimo en nuestro trabajo. En 1971 iba a estar con \u00e9l en su casita de la Rue Sopite en Donibane, despu\u00e9s de la Nochebuena, pero falleci\u00f3 el 17. El mundo se nos cay\u00f3 encima. El motor de la Txalupa, de la Cuarta Rueda de la Resistencia como nos llamaba hab\u00eda entrado en el silencio. Fue muy duro recomponerlo todo sin su autoridad&nbsp; y sobre todo sin nadie que tuviera tanta fe en la comunicaci\u00f3n. A los d\u00edas fui a su entierro. Los gudaris emocionados&nbsp; portaban el f\u00e9retro de su jefe. En el cementerio, el Lehendakari Leizaola dirigi\u00f3 unas sentidas palabras y ley\u00f3 una poes\u00eda que hab\u00eda escrito. Terminado el acto se la ped\u00ed. La editamos en el Gudari que hicimos con este t\u00edtulo: \u201dEl h\u00e9roe Humilde. Gudari de Gudaris\u201d. Aquella poes\u00eda&nbsp; que&nbsp; guard\u00e9 como oro en pa\u00f1o se la entregu\u00e9&nbsp; a la presidenta de la Fundaci\u00f3n Mireia Zarate en la conferencia que tuvimos sobre Rezola, conferencia que repetir\u00e9 este viernes en Ordizia en el sal\u00f3n de actos de Barrena y el domingo 26 en el cementerio de Ordizia tendr\u00e1 lugar una ofrenda floral. Este mi\u00e9rcoles se ha inaugurado en el vest\u00edbulo del Palacio Barrena una exposici\u00f3n fotogr\u00e1fica, muestra que permanecer\u00e1 abierta hasta el d\u00eda 23.<\/p>\n\n\n\n<p>Itarko lo defini\u00f3 muy bien. \u201dFue un gran resistente, uno de los m\u00e1s responsables, sin gestos, sin dramatizar, suavemente, tranquilamente, entusiastamente\u201d. Lo dicho. Una roca de bronce. Un jelkide.<\/p>\n<!-- AddThis Advanced Settings generic via filter on the_content --><!-- AddThis Share Buttons generic via filter on the_content -->","protected":false},"excerpt":{"rendered":"<p>Jueves 16 de diciembre de 2021 Este 17 de diciembre, viernes, se cumplen cincuenta de la desaparici\u00f3n de quien fuera vicepresidente del Gobierno Vasco en el exilio, Joseba Rezola Arratibel, natural de Ordizia y brazo derecho en la guerra del Lehendakari Agirre como Secretario de Defensa. Rezola era una magn\u00edfica persona, un buscador de acuerdos, &hellip; <a href=\"https:\/\/blogs.deia.eus\/anasagasti\/2021\/12\/16\/50-anos-de-la-desaparicion-de-joseba-rezola\/\" class=\"more-link\">Sigue leyendo <span class=\"screen-reader-text\">50 A\u00f1os de la desaparici\u00f3n de Joseba Rezola<\/span><\/a><!-- AddThis Advanced Settings generic via filter on get_the_excerpt --><!-- AddThis Share Buttons generic via filter on get_the_excerpt --><\/p>\n","protected":false},"author":19,"featured_media":0,"comment_status":"open","ping_status":"open","sticky":false,"template":"","format":"standard","meta":{"footnotes":""},"categories":[1],"tags":[],"class_list":["post-15568","post","type-post","status-publish","format-standard","hentry","category-general"],"_links":{"self":[{"href":"https:\/\/blogs.deia.eus\/anasagasti\/wp-json\/wp\/v2\/posts\/15568","targetHints":{"allow":["GET"]}}],"collection":[{"href":"https:\/\/blogs.deia.eus\/anasagasti\/wp-json\/wp\/v2\/posts"}],"about":[{"href":"https:\/\/blogs.deia.eus\/anasagasti\/wp-json\/wp\/v2\/types\/post"}],"author":[{"embeddable":true,"href":"https:\/\/blogs.deia.eus\/anasagasti\/wp-json\/wp\/v2\/users\/19"}],"replies":[{"embeddable":true,"href":"https:\/\/blogs.deia.eus\/anasagasti\/wp-json\/wp\/v2\/comments?post=15568"}],"version-history":[{"count":1,"href":"https:\/\/blogs.deia.eus\/anasagasti\/wp-json\/wp\/v2\/posts\/15568\/revisions"}],"predecessor-version":[{"id":15570,"href":"https:\/\/blogs.deia.eus\/anasagasti\/wp-json\/wp\/v2\/posts\/15568\/revisions\/15570"}],"wp:attachment":[{"href":"https:\/\/blogs.deia.eus\/anasagasti\/wp-json\/wp\/v2\/media?parent=15568"}],"wp:term":[{"taxonomy":"category","embeddable":true,"href":"https:\/\/blogs.deia.eus\/anasagasti\/wp-json\/wp\/v2\/categories?post=15568"},{"taxonomy":"post_tag","embeddable":true,"href":"https:\/\/blogs.deia.eus\/anasagasti\/wp-json\/wp\/v2\/tags?post=15568"}],"curies":[{"name":"wp","href":"https:\/\/api.w.org\/{rel}","templated":true}]}}