{"id":15571,"date":"2021-12-17T14:06:45","date_gmt":"2021-12-17T12:06:45","guid":{"rendered":"https:\/\/blogs.deia.eus\/anasagasti\/?p=15571"},"modified":"2021-12-17T14:06:47","modified_gmt":"2021-12-17T12:06:47","slug":"por-fin","status":"publish","type":"post","link":"https:\/\/blogs.deia.eus\/anasagasti\/2021\/12\/17\/por-fin\/","title":{"rendered":"Por Fin!!"},"content":{"rendered":"\n<p><strong>Viernes 17 de diciembre de 2021<\/strong><\/p>\n\n\n\n<div class=\"wp-block-image\"><figure class=\"aligncenter size-large\"><a href=\"https:\/\/blogs.deia.eus\/anasagasti\/files\/2021\/12\/leizaola-kaCC-U160262390347DYH-984x468@Diario-Vasco.jpg\"><img loading=\"lazy\" decoding=\"async\" width=\"940\" height=\"448\" src=\"https:\/\/blogs.deia.eus\/anasagasti\/files\/2021\/12\/leizaola-kaCC-U160262390347DYH-984x468@Diario-Vasco-940x448.jpg\" alt=\"\" class=\"wp-image-15572\" srcset=\"https:\/\/blogs.deia.eus\/anasagasti\/files\/2021\/12\/leizaola-kaCC-U160262390347DYH-984x468@Diario-Vasco-940x448.jpg 940w, https:\/\/blogs.deia.eus\/anasagasti\/files\/2021\/12\/leizaola-kaCC-U160262390347DYH-984x468@Diario-Vasco-580x276.jpg 580w, https:\/\/blogs.deia.eus\/anasagasti\/files\/2021\/12\/leizaola-kaCC-U160262390347DYH-984x468@Diario-Vasco-768x366.jpg 768w, https:\/\/blogs.deia.eus\/anasagasti\/files\/2021\/12\/leizaola-kaCC-U160262390347DYH-984x468@Diario-Vasco.jpg 982w\" sizes=\"auto, (max-width: 940px) 100vw, 940px\" \/><\/a><\/figure><\/div>\n\n\n\n<p>El Consejo de Gobierno de la Diputaci\u00f3n Foral de Gipuzkoa ha aprobado este mi\u00e9rcoles la enajenaci\u00f3n gratuita a favor del Ayuntamiento de San Sebasti\u00e1n de la obra de arte \u00abEscultura en bronce de don Jes\u00fas Mar\u00eda Leizaola\u00bb, ideada por el artista Xebas Larra\u00f1aga Odriozola y encargada en 2007\u00a0 por el Diputado General de Gipuzkoa, Joxe Joan Gonzalez de Txabarri.<\/p>\n\n\n\n<p>La obra dedicada al que fuera lehendakari, que actualmente se encuentra en el Patio de Honor del Palacio Foral, se ubicar\u00e1 en adelante en la plaza de Euzkadi de la capital guipuzcoana.<\/p>\n\n\n\n<p>La portavoz de la Diputaci\u00f3n Foral, Eider Mendoza, ha destacado que la aprobaci\u00f3n de la cesi\u00f3n de la escultura \u00abcoincide con el 42 aniversario del regreso del exilio lehendakari Leizaola\u00bb. Seg\u00fan ha detallado, la escultura consiste en \u00abla figura en bronce que representa a Jes\u00fas Mar\u00eda Leizaola, de cuerpo entero, vestido con traje y gabardina y con el sombrero en la mano izquierda, todo ello sobre una peana cuadrada del mismo material\u00bb.<\/p>\n\n\n\n<p>La responsable foral ha explicado que la instituci\u00f3n adquiri\u00f3 en 2007 la citada obra del artista Xebas Larra\u00f1aga Odriozola, valorada en 90.000 euros. Si bien el destino de dicha escultura era su ubicaci\u00f3n en San Sebasti\u00e1n, pero por diversos motivos, hasta el momento se encuentra expuesta en el Patio de Honor del Palacio Foral, espacio \u00abdedicado al recuerdo de las grandes personalidades de la historia de Gipuzkoa\u00bb.<\/p>\n\n\n\n<p>Ahora, \u00abuna vez superadas las circunstancias que determinaban tal ubicaci\u00f3n provisional\u00bb, Mendoza ha apuntado que \u00abprocede dar cumplimiento a la finalidad con la que se adquiri\u00f3 dicha obra de arte, de modo que se ubique en un espacio abierto de su ciudad natal\u00bb.<\/p>\n\n\n\n<p>Es verdad&nbsp; lo dicho por Mendoza pero a esa informaci\u00f3n le faltan algunos datos. Gonzalez de Txabarri ofreci\u00f3 dicha escultura al entonces alcalde de Donostia, Odon Elorza y este ni contest\u00f3 a dicha oferta. Ya sabemos de la buena educaci\u00f3n del hoy diputado, por lo que qued\u00f3 en la Diputaci\u00f3n al no repetir mandato Txabarri. Posteriormente han sido Diputados Generales Martin Garitano y Markel Olano&nbsp;a los que, tras varias peticiones, la \u00faltima del ex alcalde Albistur al alcalde Goia, por fin la escultura saldr\u00e1 de la Diputaci\u00f3n y se&nbsp; ubicar\u00e1 en el exterior, como &nbsp;est\u00e1 la de Agirre en Bilbao, donde siempre tuvo que estar.<\/p>\n\n\n\n<p>En su d\u00eda, tanto con Agirre como con Leizaola, hubo un breve debate. Algunos quer\u00edan ver un&nbsp; Agirre, Lehendakari con 32 a\u00f1os en la plenitud de su acci\u00f3n pol\u00edtica y no posterior lo mismo Leizaola, escultura de un anciano jubilado. Pero&nbsp;en fin, sobre gustos y colores no han escrito los autores. Lo importante es que est\u00e9n&nbsp;en la calle como la gran referencia que fueron, y como&nbsp; es costumbre&nbsp; en Europa donde se rinde homenaje p\u00fablico a sus personas esclarecidas. En Bilbao no estar\u00eda nada mal se le dedicara asimismo una escultura a Leizaola, que tiene calle, por haber sido Lehendakari, crear la Universidad Vasca y lograr que Bilbao no fuera destruida como algunos quer\u00edan. Personalmente se lo ped\u00ed al alcalde Azkuna en su despacho, pero ya enfermo, me contest\u00f3 \u00abesa estatua que la inaugure el siguiente\u00bb. Azkuna, alcalde de cultura europea era partidario de reconocer a personalidades p\u00fablicas su entrega a la sociedad.<\/p>\n\n\n\n<p>Jes\u00fas Mar\u00eda de&nbsp; Leizaola naci\u00f3 el 7 de septiembre de 1896 en San Sebasti\u00e1n, y fue una figura&nbsp; muy&nbsp; relevante&nbsp; tanto en \u00e9poca republicana, secretario general de la Diputaci\u00f3n gipuzkoana,&nbsp; como cuando fue diputado&nbsp; por Gipuzkoa en las Cortes Republicanas representando al PNV, adem\u00e1s de un intelectual, investigador y escritor&nbsp; de reconocido prestigio.<\/p>\n\n\n\n<p>El 7 de octubre de 1936 fue designado Consejero de Justicia y Cultura del primer Gobierno Vasco presidido por Agirre, creando la Universidad Vasca como primer acto de Gobierno.<\/p>\n\n\n\n<p>Entre 1936 y 1946 fue consejero de Justicia y Cultura del Gobierno de Euzkadi que lideraba Jos\u00e9 Antonio Aguirre y, posteriormente, entre 1946 y 1952, pas\u00f3 a gestionar la Consejer\u00eda de Hacienda y Justicia. Entre 1952 accedi\u00f3 al cargo de vicelehendakari y, en 1960, al fallecer Aguirre, asumi\u00f3 la responsabilidad de ser lehendakari jurando su cargo en el cementerio de Donibane Lohizune ante el f\u00e9retro del primer Lehendakari.<\/p>\n\n\n\n<p>Una vez muerto Franco, se mantuvo en el exilio hasta la aprobaci\u00f3n del nuevo Estatuto de Autonom\u00eda de Euzkadi, y solo regres\u00f3 una vez \u00e9ste entr\u00f3 en vigor, el 15 de diciembre de 1979. Fue recibido en el aeropuerto de Sondika, al regresar en un avi\u00f3n fletado al respecto, y en un estadio San Mam\u00e9s repleto hasta los topes. Dos d\u00edas despu\u00e9s, cedi\u00f3 en Gernika su representaci\u00f3n simb\u00f3lica al presidente del Consejo General Vasco (precursor del Gobierno Vasco), Carlos Garaikoetxea, disolviendo de facto el Gobierno Vasco en el exilio.<\/p>\n\n\n\n<p>Tras aquello vivi\u00f3 en Donostia con&nbsp; una&nbsp; de sus seis hijas recorriendo todos los rincones del pa\u00eds y asistiendo&nbsp;a todos los actos p\u00fablicos a los que se le invitaba. En 1980 fue elegido parlamentario por Bizkaia en el primer Parlamento Vasco de la historia.<\/p>\n\n\n\n<p>Figura muy querida y solicitada a la que se le denominaba cari\u00f1osamente&nbsp; \u00ablehendakari zarra\u00bb falleci\u00f3 el 16 de marzo de 1989 a los 93 a\u00f1os. Fue velado en el sal\u00f3n principal de la Diputaci\u00f3n de Gipuzkoa y llevado su f\u00e9retro al cementerio en cortejo p\u00fablico. Catorce a\u00f1os despu\u00e9s de ser esculpida &nbsp;la estatua de Leizaola&nbsp; se instala en la calle&nbsp; como \u00e9l siempre quiso estar con la gente, y ojal\u00e1 sea mirando al mar.<\/p>\n\n\n\n<p>En diciembre&nbsp; de 2019 al cumplirse&nbsp; cuarenta a\u00f1os del regreso de Leizaola tuvo lugar en la Casa de Juntas de Gernika, organizada por Gogora, un acto&nbsp; en homenaje a los gobiernos presididos por los Lehendakaris Agirre y Leizaola.<\/p>\n\n\n\n<p>Tras la intervenci\u00f3n de Amaia Agirre, nieta del Lehendakari y alcaldesa de Getxo&nbsp; intervino Xabier Bindel Leizaola, hijo de Estibaliz Leizaola, por encargo de los&nbsp; familiares del Lehendakari Leizaola&nbsp; all\u00ed presentes&nbsp; en n\u00famero de 26. Bindel es un joven ejecutivo&nbsp;de JP Morgan, siendo coordinador de&nbsp; Banca de Inversiones&nbsp; en Tecnolog\u00eda en Europa, Oriente Medio y \u00c1frica. Su intervenci\u00f3n la rese\u00f1\u00e9 en mi blog pues fue muy interesante (La Intervenci\u00f3n del Nieto de Leizaola). Ojal\u00e1 cuando se coloque la estatua en la Plaza Euzkadi se acuerden de la familia y del Diputado General que encarg\u00f3 dicho trabajo. Si no se acuerdan de Od\u00f3n Elorza, mucho mejor. Es el gran responsable de que esa estatua haya estado en una sala catorce a\u00f1os. Socialistas sensibles los hay y de mayor categor\u00eda.<\/p>\n\n\n\n<p>Buena noticia para Donostia y para el imaginario colectivo de una sociedad democr\u00e1tica.<\/p>\n<!-- AddThis Advanced Settings generic via filter on the_content --><!-- AddThis Share Buttons generic via filter on the_content -->","protected":false},"excerpt":{"rendered":"<p>Viernes 17 de diciembre de 2021 El Consejo de Gobierno de la Diputaci\u00f3n Foral de Gipuzkoa ha aprobado este mi\u00e9rcoles la enajenaci\u00f3n gratuita a favor del Ayuntamiento de San Sebasti\u00e1n de la obra de arte \u00abEscultura en bronce de don Jes\u00fas Mar\u00eda Leizaola\u00bb, ideada por el artista Xebas Larra\u00f1aga Odriozola y encargada en 2007\u00a0 por &hellip; <a href=\"https:\/\/blogs.deia.eus\/anasagasti\/2021\/12\/17\/por-fin\/\" class=\"more-link\">Sigue leyendo <span class=\"screen-reader-text\">Por Fin!!<\/span><\/a><!-- AddThis Advanced Settings generic via filter on get_the_excerpt --><!-- AddThis Share Buttons generic via filter on get_the_excerpt --><\/p>\n","protected":false},"author":19,"featured_media":0,"comment_status":"open","ping_status":"open","sticky":false,"template":"","format":"standard","meta":{"footnotes":""},"categories":[1],"tags":[],"class_list":["post-15571","post","type-post","status-publish","format-standard","hentry","category-general"],"_links":{"self":[{"href":"https:\/\/blogs.deia.eus\/anasagasti\/wp-json\/wp\/v2\/posts\/15571","targetHints":{"allow":["GET"]}}],"collection":[{"href":"https:\/\/blogs.deia.eus\/anasagasti\/wp-json\/wp\/v2\/posts"}],"about":[{"href":"https:\/\/blogs.deia.eus\/anasagasti\/wp-json\/wp\/v2\/types\/post"}],"author":[{"embeddable":true,"href":"https:\/\/blogs.deia.eus\/anasagasti\/wp-json\/wp\/v2\/users\/19"}],"replies":[{"embeddable":true,"href":"https:\/\/blogs.deia.eus\/anasagasti\/wp-json\/wp\/v2\/comments?post=15571"}],"version-history":[{"count":1,"href":"https:\/\/blogs.deia.eus\/anasagasti\/wp-json\/wp\/v2\/posts\/15571\/revisions"}],"predecessor-version":[{"id":15573,"href":"https:\/\/blogs.deia.eus\/anasagasti\/wp-json\/wp\/v2\/posts\/15571\/revisions\/15573"}],"wp:attachment":[{"href":"https:\/\/blogs.deia.eus\/anasagasti\/wp-json\/wp\/v2\/media?parent=15571"}],"wp:term":[{"taxonomy":"category","embeddable":true,"href":"https:\/\/blogs.deia.eus\/anasagasti\/wp-json\/wp\/v2\/categories?post=15571"},{"taxonomy":"post_tag","embeddable":true,"href":"https:\/\/blogs.deia.eus\/anasagasti\/wp-json\/wp\/v2\/tags?post=15571"}],"curies":[{"name":"wp","href":"https:\/\/api.w.org\/{rel}","templated":true}]}}