{"id":15574,"date":"2021-12-18T16:11:14","date_gmt":"2021-12-18T14:11:14","guid":{"rendered":"https:\/\/blogs.deia.eus\/anasagasti\/?p=15574"},"modified":"2021-12-18T16:11:59","modified_gmt":"2021-12-18T14:11:59","slug":"esta-foto-me-entristece","status":"publish","type":"post","link":"https:\/\/blogs.deia.eus\/anasagasti\/2021\/12\/18\/esta-foto-me-entristece\/","title":{"rendered":"Esta foto me entristece."},"content":{"rendered":"\n<p><strong>S\u00e1bado 18 de diciembre de 2021<\/strong><\/p>\n\n\n\n<div class=\"wp-block-image\"><figure class=\"aligncenter size-full\"><a href=\"https:\/\/blogs.deia.eus\/anasagasti\/files\/2021\/12\/Imagen95.jpg\"><img loading=\"lazy\" decoding=\"async\" width=\"631\" height=\"420\" src=\"https:\/\/blogs.deia.eus\/anasagasti\/files\/2021\/12\/Imagen95.jpg\" alt=\"\" class=\"wp-image-15575\" srcset=\"https:\/\/blogs.deia.eus\/anasagasti\/files\/2021\/12\/Imagen95.jpg 631w, https:\/\/blogs.deia.eus\/anasagasti\/files\/2021\/12\/Imagen95-580x386.jpg 580w\" sizes=\"auto, (max-width: 631px) 100vw, 631px\" \/><\/a><\/figure><\/div>\n\n\n\n<p>Ayer viernes 17, se cumplieron &nbsp;50 a\u00f1os del fallecimiento del Vicepresidente del Gobierno Vasco y Jefe de la Resistencia, Joseba Rezola, natural de Ordizia. Nos dejaba con 71 a\u00f1os y una labor ingente por delante. La foto es de su entierro en Donibane Lohizune. El Lehendakari Leizaola le dedic\u00f3 esa poes\u00eda en euskera y castellano, que tras terminar el acto se la ped\u00ed y me la dio para confeccionar un Gudari dedicado a \u00e9l como \u201cGudari de Gudaris\u201d.<\/p>\n\n\n\n<figure class=\"wp-block-gallery aligncenter columns-2 is-cropped wp-block-gallery-1 is-layout-flex wp-block-gallery-is-layout-flex\"><ul class=\"blocks-gallery-grid\"><li class=\"blocks-gallery-item\"><figure><a href=\"https:\/\/blogs.deia.eus\/anasagasti\/files\/2021\/12\/Imagen96-1.jpg\"><img loading=\"lazy\" decoding=\"async\" width=\"186\" height=\"249\" src=\"https:\/\/blogs.deia.eus\/anasagasti\/files\/2021\/12\/Imagen96-1.jpg\" alt=\"\" data-id=\"15578\" data-link=\"https:\/\/blogs.deia.eus\/anasagasti\/?attachment_id=15578\" class=\"wp-image-15578\" \/><\/a><\/figure><\/li><li class=\"blocks-gallery-item\"><figure><a href=\"https:\/\/blogs.deia.eus\/anasagasti\/files\/2021\/12\/Imagen97-1.jpg\"><img loading=\"lazy\" decoding=\"async\" width=\"199\" height=\"233\" src=\"https:\/\/blogs.deia.eus\/anasagasti\/files\/2021\/12\/Imagen97-1.jpg\" alt=\"\" data-id=\"15579\" data-full-url=\"https:\/\/blogs.deia.eus\/anasagasti\/files\/2021\/12\/Imagen97-1.jpg\" data-link=\"https:\/\/blogs.deia.eus\/anasagasti\/?attachment_id=15579\" class=\"wp-image-15579\" \/><\/a><\/figure><\/li><\/ul><\/figure>\n\n\n\n<p>En la conferencia ofrecida en la Fundaci\u00f3n en junio se la entregu\u00e9 a la presidenta de la Fundaci\u00f3n, Mireia Zarate. Yo estoy inclinado arriba con gabardina clara. Fue un acto muy emotivo. Adem\u00e1s de Ram\u00f3n Sota que est\u00e1 a la izquierda con gafas, Jos\u00e9 Luis Garc\u00eda Falces y Antolin Alberdi me&nbsp; gustar\u00eda saber m\u00e1s nombres. Son personas muy conocidas de la \u00e9poca. Fue una tarde muy triste.<\/p>\n<!-- AddThis Advanced Settings generic via filter on the_content --><!-- AddThis Share Buttons generic via filter on the_content -->","protected":false},"excerpt":{"rendered":"<p>S\u00e1bado 18 de diciembre de 2021 Ayer viernes 17, se cumplieron &nbsp;50 a\u00f1os del fallecimiento del Vicepresidente del Gobierno Vasco y Jefe de la Resistencia, Joseba Rezola, natural de Ordizia. Nos dejaba con 71 a\u00f1os y una labor ingente por delante. La foto es de su entierro en Donibane Lohizune. El Lehendakari Leizaola le dedic\u00f3 &hellip; <a href=\"https:\/\/blogs.deia.eus\/anasagasti\/2021\/12\/18\/esta-foto-me-entristece\/\" class=\"more-link\">Sigue leyendo <span class=\"screen-reader-text\">Esta foto me entristece.<\/span><\/a><!-- AddThis Advanced Settings generic via filter on get_the_excerpt --><!-- AddThis Share Buttons generic via filter on get_the_excerpt --><\/p>\n","protected":false},"author":19,"featured_media":0,"comment_status":"open","ping_status":"open","sticky":false,"template":"","format":"standard","meta":{"footnotes":""},"categories":[1],"tags":[],"class_list":["post-15574","post","type-post","status-publish","format-standard","hentry","category-general"],"_links":{"self":[{"href":"https:\/\/blogs.deia.eus\/anasagasti\/wp-json\/wp\/v2\/posts\/15574","targetHints":{"allow":["GET"]}}],"collection":[{"href":"https:\/\/blogs.deia.eus\/anasagasti\/wp-json\/wp\/v2\/posts"}],"about":[{"href":"https:\/\/blogs.deia.eus\/anasagasti\/wp-json\/wp\/v2\/types\/post"}],"author":[{"embeddable":true,"href":"https:\/\/blogs.deia.eus\/anasagasti\/wp-json\/wp\/v2\/users\/19"}],"replies":[{"embeddable":true,"href":"https:\/\/blogs.deia.eus\/anasagasti\/wp-json\/wp\/v2\/comments?post=15574"}],"version-history":[{"count":2,"href":"https:\/\/blogs.deia.eus\/anasagasti\/wp-json\/wp\/v2\/posts\/15574\/revisions"}],"predecessor-version":[{"id":15581,"href":"https:\/\/blogs.deia.eus\/anasagasti\/wp-json\/wp\/v2\/posts\/15574\/revisions\/15581"}],"wp:attachment":[{"href":"https:\/\/blogs.deia.eus\/anasagasti\/wp-json\/wp\/v2\/media?parent=15574"}],"wp:term":[{"taxonomy":"category","embeddable":true,"href":"https:\/\/blogs.deia.eus\/anasagasti\/wp-json\/wp\/v2\/categories?post=15574"},{"taxonomy":"post_tag","embeddable":true,"href":"https:\/\/blogs.deia.eus\/anasagasti\/wp-json\/wp\/v2\/tags?post=15574"}],"curies":[{"name":"wp","href":"https:\/\/api.w.org\/{rel}","templated":true}]}}