{"id":15586,"date":"2021-12-20T16:14:08","date_gmt":"2021-12-20T14:14:08","guid":{"rendered":"https:\/\/blogs.deia.eus\/anasagasti\/?p=15586"},"modified":"2021-12-20T16:14:10","modified_gmt":"2021-12-20T14:14:10","slug":"lo-que-no-aparece-en-los-medios-sobre-el-desastre-del-regimen-cubano","status":"publish","type":"post","link":"https:\/\/blogs.deia.eus\/anasagasti\/2021\/12\/20\/lo-que-no-aparece-en-los-medios-sobre-el-desastre-del-regimen-cubano\/","title":{"rendered":"Lo que no aparece en los medios sobre el desastre del r\u00e9gimen cubano."},"content":{"rendered":"\n<p><strong>Lunes 20 de diciembre de 2021<\/strong><\/p>\n\n\n\n<div class=\"wp-block-image\"><figure class=\"aligncenter size-full is-resized\"><a href=\"https:\/\/blogs.deia.eus\/anasagasti\/files\/2021\/12\/cuba-libertad.jpeg\"><img loading=\"lazy\" decoding=\"async\" src=\"https:\/\/blogs.deia.eus\/anasagasti\/files\/2021\/12\/cuba-libertad.jpeg\" alt=\"\" class=\"wp-image-15587\" width=\"431\" height=\"259\" \/><\/a><\/figure><\/div>\n\n\n\n<p>Dicen que nada escapa a la ola de robos en Cuba: desde lavadoras, motos y hasta cerdos. La&nbsp;<em>guagua<\/em>&nbsp;\u2013bus de transporte colectivo- es el sitio preferido para hurtar tel\u00e9fonos celulares.<\/p>\n\n\n\n<p>Surgen broncas callejeras por obtener un pollo congelado, a pesar de que las exportaciones de pollo de EEUU a la isla se han duplicado este a\u00f1o.&nbsp;En Cienfuegos hay carne de cerdo\u2026pero a 270 pesos la libra.&nbsp; Tan seria est\u00e1 la cosa que van a reciclar la libreta de abastecimiento del 2021 para usarla en el 2022 pues no hay papel para imprimir&nbsp; nuevas.&nbsp;Incluso, desde el centro del poder se han visto obligados a hablar de&nbsp;<em>rectificaci\u00f3n&nbsp;<\/em>ante el fracaso de su famoso<em>&nbsp;\u00abreordenamiento\u00bb.&nbsp;<\/em><\/p>\n\n\n\n<p>La situaci\u00f3n toma el color de las hormigas cuando la inflaci\u00f3n se&nbsp; pone fuera de control. Una gran derrota para el gobierno pero, a m\u00e1s tortazos, m\u00e1s triunfalismo muestran los jerarcas del poder. Es una cl\u00e1sica huida hacia delante de estos reg\u00edmenes, como estrategia t\u00edpica del populismo que no sabe de econom\u00eda pero s\u00ed de propaganda. El cinismo toca techo: D\u00edaz Canel est\u00e1&nbsp;considerando pedir a&nbsp; los productores cubanos renunciar a ganancias \u201cpara que el pueblo pueda comer\u201d. Para remate, la isla est\u00e1 sufriendo la peor sequ\u00eda en los \u00faltimos 120 a\u00f1os.<\/p>\n\n\n\n<p>El D\u00eda de San L\u00e1zaro, importante celebraci\u00f3n en Cuba, todos peregrinaron hacia el Santuario: \u201cTen\u00edan mucho que pedir\u201d\u2026.\u00a1y vaya si es cierto!<\/p>\n\n\n\n<p>Dato grave: una sola provincia cubana registra mortalidad infantil superior a la que contabilizan El Salvador y M\u00e9xico juntos.<\/p>\n\n\n\n<p>Se espera el pronunciamiento de la Comit\u00e9 Internacional de Derechos Humanos &nbsp;sobre el caso Oswaldo Pay\u00e1. La familia ha denunciado al Estado cubano y, en breve, el organismo internacional debe hablar sobre la posible responsabilidad de la Seguridad del Estado en el suceso. El espa\u00f1ol Carromero \u2013quien iba al volante- record\u00f3: \u00abNos iban siguiendo cada vez m\u00e1s cerca, nos golpearon y nos sacaron de la carretera, me sacaron del coche, me llevaron, perd\u00ed el conocimiento\u00bb.<\/p>\n\n\n\n<p>La OEA ha pedido poder visitar a los presos pol\u00edticos. El Movimiento San Isidro denunci\u00f3 una \u201csemana de horror\u201d: juicios sumarios a m\u00e1s de 100 manifestantes del 11J.<\/p>\n\n\n\n<p>M\u00e9xico devolvi\u00f3 77 cubanos que pretend\u00edan llegar a los Estados Unidos\u2026 pero las \u201cmulas\u201d cubanas galopan hacia la frontera sur de ese pa\u00eds.&nbsp; Especialmente los peloteros cubanos est\u00e1n haciendo de Rep\u00fablica Dominicana su ruta de escape. El \u00faltimo fue una promesa del b\u00e9isbol isle\u00f1o que se fue con tan s\u00f3lo 14 a\u00f1os. El escape contin\u00faa y ya consiguieron otra v\u00eda para alcanzar Europa: la ruta inversa de Los Balcanes. Por lo pronto, hay un grupo que se encuentra en Grecia, desesperados por no poder pasar a Europa.<\/p>\n\n\n\n<p>La Habana sigue cay\u00e9ndose a pedazos \u2013 muertos y heridos esta semana al derrumbarse otro edificio- mientras el r\u00e9gimen se esfuerza por hacer turismo medi\u00e1tico promocionando sus hoteles de lujo a trav\u00e9s de las redes. El \u201cparao\u201d se lo puso el exilio cubano que frustra esos intentos en internet.&nbsp; Por cierto, el movimiento opositor cubano&nbsp;<em>Somos+<\/em>&nbsp;estrena l\u00edder, Dariel Fern\u00e1ndez, empresario del sur de Florida, propietario de la agencia de publicidad&nbsp;<em>Ponemus<\/em>. En un acto donde asumi\u00f3 su responsabilidad pidi\u00f3 \u00abno desistir hasta que el pueblo cubano sea completamente libre\u00bb.<\/p>\n<!-- AddThis Advanced Settings generic via filter on the_content --><!-- AddThis Share Buttons generic via filter on the_content -->","protected":false},"excerpt":{"rendered":"<p>Lunes 20 de diciembre de 2021 Dicen que nada escapa a la ola de robos en Cuba: desde lavadoras, motos y hasta cerdos. La&nbsp;guagua&nbsp;\u2013bus de transporte colectivo- es el sitio preferido para hurtar tel\u00e9fonos celulares. Surgen broncas callejeras por obtener un pollo congelado, a pesar de que las exportaciones de pollo de EEUU a la &hellip; <a href=\"https:\/\/blogs.deia.eus\/anasagasti\/2021\/12\/20\/lo-que-no-aparece-en-los-medios-sobre-el-desastre-del-regimen-cubano\/\" class=\"more-link\">Sigue leyendo <span class=\"screen-reader-text\">Lo que no aparece en los medios sobre el desastre del r\u00e9gimen cubano.<\/span><\/a><!-- AddThis Advanced Settings generic via filter on get_the_excerpt --><!-- AddThis Share Buttons generic via filter on get_the_excerpt --><\/p>\n","protected":false},"author":19,"featured_media":0,"comment_status":"open","ping_status":"open","sticky":false,"template":"","format":"standard","meta":{"footnotes":""},"categories":[1],"tags":[],"class_list":["post-15586","post","type-post","status-publish","format-standard","hentry","category-general"],"_links":{"self":[{"href":"https:\/\/blogs.deia.eus\/anasagasti\/wp-json\/wp\/v2\/posts\/15586","targetHints":{"allow":["GET"]}}],"collection":[{"href":"https:\/\/blogs.deia.eus\/anasagasti\/wp-json\/wp\/v2\/posts"}],"about":[{"href":"https:\/\/blogs.deia.eus\/anasagasti\/wp-json\/wp\/v2\/types\/post"}],"author":[{"embeddable":true,"href":"https:\/\/blogs.deia.eus\/anasagasti\/wp-json\/wp\/v2\/users\/19"}],"replies":[{"embeddable":true,"href":"https:\/\/blogs.deia.eus\/anasagasti\/wp-json\/wp\/v2\/comments?post=15586"}],"version-history":[{"count":1,"href":"https:\/\/blogs.deia.eus\/anasagasti\/wp-json\/wp\/v2\/posts\/15586\/revisions"}],"predecessor-version":[{"id":15588,"href":"https:\/\/blogs.deia.eus\/anasagasti\/wp-json\/wp\/v2\/posts\/15586\/revisions\/15588"}],"wp:attachment":[{"href":"https:\/\/blogs.deia.eus\/anasagasti\/wp-json\/wp\/v2\/media?parent=15586"}],"wp:term":[{"taxonomy":"category","embeddable":true,"href":"https:\/\/blogs.deia.eus\/anasagasti\/wp-json\/wp\/v2\/categories?post=15586"},{"taxonomy":"post_tag","embeddable":true,"href":"https:\/\/blogs.deia.eus\/anasagasti\/wp-json\/wp\/v2\/tags?post=15586"}],"curies":[{"name":"wp","href":"https:\/\/api.w.org\/{rel}","templated":true}]}}