{"id":15589,"date":"2021-12-21T16:06:34","date_gmt":"2021-12-21T14:06:34","guid":{"rendered":"https:\/\/blogs.deia.eus\/anasagasti\/?p=15589"},"modified":"2021-12-21T16:06:37","modified_gmt":"2021-12-21T14:06:37","slug":"la-energia-politica-que-nos-obligan-a-malgastar","status":"publish","type":"post","link":"https:\/\/blogs.deia.eus\/anasagasti\/2021\/12\/21\/la-energia-politica-que-nos-obligan-a-malgastar\/","title":{"rendered":"La energ\u00eda pol\u00edtica que nos obligan a malgastar"},"content":{"rendered":"\n<p><strong>Martes 21 de diciembre de 2021<\/strong><\/p>\n\n\n\n<div class=\"wp-block-image\"><figure class=\"aligncenter size-large\"><a href=\"https:\/\/blogs.deia.eus\/anasagasti\/files\/2021\/12\/Carbono-neutral-1000x562-1.jpg\"><img loading=\"lazy\" decoding=\"async\" width=\"940\" height=\"528\" src=\"https:\/\/blogs.deia.eus\/anasagasti\/files\/2021\/12\/Carbono-neutral-1000x562-1-940x528.jpg\" alt=\"\" class=\"wp-image-15590\" srcset=\"https:\/\/blogs.deia.eus\/anasagasti\/files\/2021\/12\/Carbono-neutral-1000x562-1-940x528.jpg 940w, https:\/\/blogs.deia.eus\/anasagasti\/files\/2021\/12\/Carbono-neutral-1000x562-1-580x326.jpg 580w, https:\/\/blogs.deia.eus\/anasagasti\/files\/2021\/12\/Carbono-neutral-1000x562-1-768x432.jpg 768w, https:\/\/blogs.deia.eus\/anasagasti\/files\/2021\/12\/Carbono-neutral-1000x562-1.jpg 1000w\" sizes=\"auto, (max-width: 940px) 100vw, 940px\" \/><\/a><\/figure><\/div>\n\n\n\n<p>Mar\u00eda Eugenia Arrizabalaga, burukide del EBB, ha escrito un art\u00edculo en Noticias de Gipuzkoa que conviene&nbsp; conocer y &nbsp;divulgar por su claridad. Lo hago ahora en su primera parte y ma\u00f1ana en la segunda. Es una l\u00e1stima que este art\u00edculo del Grupo Noticias no se reproduzca en los cuatro peri\u00f3dicos del Grupo. Conviene que la ciudadan\u00eda que lee tenga argumentos.<\/p>\n\n\n\n<p>Lo titulaba \u201cDel Libro Blanco a Bergara pasando por los PIPS\u201d y dice lo siguiente:<\/p>\n\n\n\n<p><em>\u201dA<\/em><em>qu\u00ed siempre se ha hablado mucho de t\u00e1cticas y estrategias. Especialmente, durante d\u00e9cadas, de la estrategia de \u00abluchas combinadas\u00bb por la que apost\u00f3 la izquierda abertzale. Frente a esa estrategia pol\u00edtico-militar, la otra: la basada en la defensa de la libertad personal y de la colectiva, y en la acci\u00f3n pol\u00edtica a favor del Pueblo Vasco y del progreso social de su ciudadan\u00eda desplegada desde todas las instituciones vascas.<\/em><\/p>\n\n\n\n<p><em>Esa confrontaci\u00f3n estrat\u00e9gica se ha desarrollado, tambi\u00e9n, en pr\u00e1cticamente todas las cuestiones sectoriales que se han venido desarrollando desde hace cuarenta y tantos a\u00f1os. Resulta sorprendente la sistem\u00e1tica imposibilidad de coincidir en infinidad de cuestiones. Daba igual de qu\u00e9 se hablara: si se pretend\u00eda un pol\u00edgono industrial, no. Si la cuesti\u00f3n era un puerto deportivo, ni pensar. Autov\u00edas, trenes, incineradoras etc., a todo, \u00abno\u00bb. Por supuesto, la oposici\u00f3n a todo, siempre, \u00aben nombre del pueblo\u00bb, porque \u00abel pueblo\u00bb siempre han sido ellos y nadie m\u00e1s.<\/em><\/p>\n\n\n\n<p><em>Esa din\u00e1mica se mantiene: si se hace algo a lo que no se pueden oponer, siempre es insuficiente. Si se hace algo porque es necesario, entonces, retuercen el sentido com\u00fan y nos acusan, invariablemente, de \u00abelitismo\u00bb, de \u00abdefensa de la oligarqu\u00eda\u00bb, de \u00abmacroproyecto\u00bb o de \u00abnegocio\u00bb. El caso es recluirse en el \u00abno\u00bb a todo, sea lo que sea. Y as\u00ed, hasta hoy.<\/em><\/p>\n\n\n\n<p><em>A pesar de lo sistem\u00e1tico del fen\u00f3meno y de la cantidad de energ\u00eda pol\u00edtica que obliga a malgastar, Euskadi ha avanzado, y mucho, desde cualquiera de los puntos de vista que se quieran analizar: bienestar social, desarrollo urban\u00edstico, competitividad econ\u00f3mica y tecnol\u00f3gica, expresi\u00f3n cultural o mejora medioambiental.<\/em><\/p>\n\n\n\n<p><em>Pero hemos llegado a finales de 2021 y el planeta no est\u00e1 para tonter\u00edas ni juegos de suma cero. El cambio clim\u00e1tico nos amenaza y la situaci\u00f3n exige respuestas efectivas e inmediatas. Hasta ahora, tambi\u00e9n ante la emergencia clim\u00e1tica, se viene planteando el esquema habitual: el Gobierno Vasco avanza siguiendo lo establecido en Europa y en las Cumbres Clim\u00e1ticas, con el objetivo de cumplir el compromiso de reducir las emisiones de CO2 en un 45% para 2030 \u2013y 2030 es ma\u00f1ana\u2013. Se impulsan planes y leyes ambientales, proyectos de eficiencia energ\u00e9tica, cooperativas de generaci\u00f3n energ\u00e9tica o proyectos de instalaci\u00f3n de renovables.<\/em><\/p>\n\n\n\n<p><em>Mientras tanto, EH Bildu hace discurso. Un discurso que pivota sobre dos bases: por una parte, esa arrogancia que les lleva a acusar de inacci\u00f3n, de insuficiencia, etc. a las instituciones que gobierna el PNV \u2013porque ellos s\u00ed que lo har\u00edan fen\u00f3meno, y no nosotros\u2013; y, por otra, un continuo poner palos en la rueda de cada iniciativa, porque se trata de un \u00abmegaproyecto\u00bb, o porque se acomete desde la colaboraci\u00f3n p\u00fablico-privada \u2013para algunos siempre sospechosa de connivencia con oscuros intereses capitalistas\u2013, o porque interfieren el paisaje, como ocurre con los parques e\u00f3licos, que, efectivamente, a quienes apreciamos nuestros montes y nuestro paisaje, no nos salen gratis.<\/em><\/p>\n\n\n\n<p><em>La izquierda abertzale sigue teniendo alergia a la concreci\u00f3n de los proyectos. Mientras los objetivos se mantienen en el plano de \u00ablo difuso\u00bb, no parece haber mayor problema. As\u00ed que est\u00e1n a favor de las renovables, pero no de los parques e\u00f3licos. Est\u00e1n a favor de la econom\u00eda circular, pero no de las plantas de tratamiento de residuos. Est\u00e1n a favor de los trenes, pero no del que se est\u00e1 haciendo. De hecho, en cuanto se concreta la necesidad de ejecutar determinado proyecto est\u00e1n, sin excepci\u00f3n, en contra.<\/em><\/p>\n\n\n\n<p><em>Son buenos en esta clase de estrategia, tambi\u00e9n \u00abcombinada\u00bb, de criticar \u2013seg\u00fan ellos, no se hace lo suficiente\u2013 y, al mismo tiempo, no dejar hacer. Eso s\u00ed, sin aportar nunca soluciones. Porque para definir soluciones, hay que mojarse. Y \u00abmojarse\u00bb no equivale a decir que \u00abhay que apostar por las renovables\u00bb. Limitarse a decir eso es refugiarse en lugares comunes\u201d.<\/em><\/p>\n<!-- AddThis Advanced Settings generic via filter on the_content --><!-- AddThis Share Buttons generic via filter on the_content -->","protected":false},"excerpt":{"rendered":"<p>Martes 21 de diciembre de 2021 Mar\u00eda Eugenia Arrizabalaga, burukide del EBB, ha escrito un art\u00edculo en Noticias de Gipuzkoa que conviene&nbsp; conocer y &nbsp;divulgar por su claridad. Lo hago ahora en su primera parte y ma\u00f1ana en la segunda. Es una l\u00e1stima que este art\u00edculo del Grupo Noticias no se reproduzca en los cuatro &hellip; <a href=\"https:\/\/blogs.deia.eus\/anasagasti\/2021\/12\/21\/la-energia-politica-que-nos-obligan-a-malgastar\/\" class=\"more-link\">Sigue leyendo <span class=\"screen-reader-text\">La energ\u00eda pol\u00edtica que nos obligan a malgastar<\/span><\/a><!-- AddThis Advanced Settings generic via filter on get_the_excerpt --><!-- AddThis Share Buttons generic via filter on get_the_excerpt --><\/p>\n","protected":false},"author":19,"featured_media":0,"comment_status":"open","ping_status":"open","sticky":false,"template":"","format":"standard","meta":{"footnotes":""},"categories":[1],"tags":[],"class_list":["post-15589","post","type-post","status-publish","format-standard","hentry","category-general"],"_links":{"self":[{"href":"https:\/\/blogs.deia.eus\/anasagasti\/wp-json\/wp\/v2\/posts\/15589","targetHints":{"allow":["GET"]}}],"collection":[{"href":"https:\/\/blogs.deia.eus\/anasagasti\/wp-json\/wp\/v2\/posts"}],"about":[{"href":"https:\/\/blogs.deia.eus\/anasagasti\/wp-json\/wp\/v2\/types\/post"}],"author":[{"embeddable":true,"href":"https:\/\/blogs.deia.eus\/anasagasti\/wp-json\/wp\/v2\/users\/19"}],"replies":[{"embeddable":true,"href":"https:\/\/blogs.deia.eus\/anasagasti\/wp-json\/wp\/v2\/comments?post=15589"}],"version-history":[{"count":1,"href":"https:\/\/blogs.deia.eus\/anasagasti\/wp-json\/wp\/v2\/posts\/15589\/revisions"}],"predecessor-version":[{"id":15591,"href":"https:\/\/blogs.deia.eus\/anasagasti\/wp-json\/wp\/v2\/posts\/15589\/revisions\/15591"}],"wp:attachment":[{"href":"https:\/\/blogs.deia.eus\/anasagasti\/wp-json\/wp\/v2\/media?parent=15589"}],"wp:term":[{"taxonomy":"category","embeddable":true,"href":"https:\/\/blogs.deia.eus\/anasagasti\/wp-json\/wp\/v2\/categories?post=15589"},{"taxonomy":"post_tag","embeddable":true,"href":"https:\/\/blogs.deia.eus\/anasagasti\/wp-json\/wp\/v2\/tags?post=15589"}],"curies":[{"name":"wp","href":"https:\/\/api.w.org\/{rel}","templated":true}]}}