{"id":15595,"date":"2021-12-23T16:31:52","date_gmt":"2021-12-23T14:31:52","guid":{"rendered":"https:\/\/blogs.deia.eus\/anasagasti\/?p=15595"},"modified":"2021-12-23T16:31:53","modified_gmt":"2021-12-23T14:31:53","slug":"no-quereis-taza-pues-taza-y-media","status":"publish","type":"post","link":"https:\/\/blogs.deia.eus\/anasagasti\/2021\/12\/23\/no-quereis-taza-pues-taza-y-media\/","title":{"rendered":"\u00bfNo quer\u00e9is taza? \u00a1Pues taza y media!"},"content":{"rendered":"\n<p><strong>Jueves 23 de diciembre de 2021<\/strong><\/p>\n\n\n\n<div class=\"wp-block-image\"><figure class=\"aligncenter size-full\"><a href=\"https:\/\/blogs.deia.eus\/anasagasti\/files\/2021\/12\/David-Pla_1.jpeg\"><img loading=\"lazy\" decoding=\"async\" width=\"375\" height=\"344\" src=\"https:\/\/blogs.deia.eus\/anasagasti\/files\/2021\/12\/David-Pla_1.jpeg\" alt=\"\" class=\"wp-image-15596\" \/><\/a><\/figure><\/div>\n\n\n\n<p>Hay gentes o que es ingenua o que le gusta creerse sus propias mentiras. Y hay gentes que carecen del menor rigor para analizar los movimientos del adversario&nbsp;sobre todo si ese contrario carece de la m\u00e1s elemental conciencia moral.<\/p>\n\n\n\n<p>No s\u00e9 si recordaran como tras la escenificaci\u00f3n en Aiete&nbsp;de la solemne lectura de un comunicado a los diez a\u00f1os de la desaparici\u00f3n de ETA por parte de Arnaldo Otegi y Arkaitz Rodr\u00edguez dijimos que aquello no era lo que parec\u00eda sino una farsa. Se corrobor\u00f3 al d\u00eda siguiente en Eibar cuando Otegi dijo aquello de que negociaban presupuestos por presos y que hab\u00edan dado una patada al avispero. Se le ech\u00f3 tierra al asunto y no se sigui\u00f3 analizando con rigor el hecho. Solo falt\u00f3 que alguien les propusiera para el Premio Nobel de la Paz, pero todo se andar\u00e1.<\/p>\n\n\n\n<p>El PSE y el PSOE o cayeron en la trampa o quisieron poner nervioso al PNV hablando, en ese contexto, del posible acuerdo de izquierdas con Podemos y Bildu, algo sicod\u00e9lico habida cuenta que Bildu no dar\u00e1 nunca la primac\u00eda al PSE siendo esta la segunda fuerza pero aquello serv\u00eda para perder tiempo, gastar saliva y marear la perdiz, algo a lo que estamos acostumbr\u00e1ndonos al vivir en una campana en el que no hay el menor rigor.<\/p>\n\n\n\n<p>Tambi\u00e9n serv\u00eda para blanquear a una fuerza pol\u00edtica, Sortu, que nunca jam\u00e1s dir\u00e1 que el terror de ETA fue injusto, innecesario, un fracaso y un hecho delictivo. Que lo fue tras la muerte del dictador y su obcecaci\u00f3n en querer con las armas doblegar al estado, en una ut\u00f3pica enso\u00f1aci\u00f3n donde el fin justificaba cualquier tipo de medio.<\/p>\n\n\n\n<p>Ante algo tan evidente el&nbsp; PSE sigue sin tener un discurso contundente con este mundo, habiendo tenido decenas de asesinados en sus filas, algo incomprensible, y como el tiempo pone las cosas en su sitio, se vuelve a las andadas demostrando Sortu que carece de una estrategia seria, de valores y alejada del&nbsp; respeto y sentido com\u00fan..<\/p>\n\n\n\n<p>Por eso, el&nbsp;&nbsp;secretario general del PSE-EE, Eneko Andueza, advirti\u00f3 muy suavemente&nbsp;a la izquierda abertzale de que las palabras \u00abhay que demostrarlas\u00bb con hechos despu\u00e9s de que el Consejo Nacional de Sortu, integrado en EH Bildu, haya propuesto al ex jefe de ETA David Pla para formar parte de la pr\u00f3xima direcci\u00f3n de esta formaci\u00f3n. \u00abEl movimiento se demuestra andando\u00bb, ha asegurado. Muy d\u00e9bil ha sido su contrariedad. Hay que recordar que Pla fue el encapuchado que ley\u00f3 el comunicado final de ETA. No era un cualquiera.<\/p>\n\n\n\n<p>De esta forma, se ha referido a la declaraci\u00f3n que el coordinador general de EH Bildu ley\u00f3, junto al l\u00edder de Sortu, Arkaitz Rodr\u00edguez, cuando se cumpli\u00f3 el d\u00e9cimo aniversario del fin de la violencia de ETA. En ella, asegur\u00f3 que sent\u00edan \u00abenormemente\u00bb sufrimiento de las v\u00edctimas de la banda y que \u00abeso nunca debi\u00f3 ocurrir\u00bb. Puro bla, bla, bla.<\/p>\n\n\n\n<p>Muy suave&nbsp; ha se\u00f1alado Andueza&nbsp;que la \u00fanica reflexi\u00f3n que le provoca que se pretenda integrar a Pl\u00e1 en la ejecutiva de Sortu es que \u00abcada cual tiene que saber siempre d\u00f3nde est\u00e1 y a d\u00f3nde quiere ir\u00bb. Es decir, no te toco ni con el p\u00e9talo de una rosa. No estuvo bien Andueza de quien siempre he admirado su contundencia cuando tras condenar el Gal le pidi\u00f3 a Iker Casanova que condenara a ETA y \u00e9ste no lo hizo. Ni lo har\u00e1.<\/p>\n\n\n\n<p>\u00abY yo, en las numerosas ocasiones, he reiterado que, no solo se trata de realizar declaraciones, sino de demostrarlas con hechos. Cada cual sabr\u00e1 cu\u00e1les son los hechos que tiene que poner en pr\u00e1ctica para rectificar y dar credibilidad a los pasos que supuestamente han dado\u00bb, indic\u00f3 el secretario general del PSE-EE con demasiada cortes\u00eda.<\/p>\n\n\n\n<p>Pues muy bien. Ante eso Sortu act\u00faa como quien oye llover.<\/p>\n\n\n\n<p>Por su parte la&nbsp; vicelehendakari y consejera de Trabajo y Empleo, Idoia Mendia, afirm\u00f3 \u00abno entender los aplausos\u00bb de representantes de Sortu al ex jefe de ETA Mikel Albisu, &#8216;Mikel Antza&#8217; y ha reconocido que se le \u00abencogi\u00f3 el est\u00f3mago\u00bb.<\/p>\n\n\n\n<p>En una entrevista a Onda Vasca,&nbsp; se refiri\u00f3, de esta manera, al acto de este martes en el que Sortu ha mostrado su \u00abapoyo y solidaridad\u00bb al ex jefe de ETA Mikel Albisu, &#8216;Mikel Antza&#8217;, que ha comparecido por videoconferencia, desde los juzgados de San Sebasti\u00e1n, por su presunta implicaci\u00f3n en el asesinato del teniente de alcalde de San Sebasti\u00e1n Gregorio Ord\u00f3\u00f1ez (PP) el 23 de enero de 1995 y que fue recibido entre aplausos por los asistentes.<\/p>\n\n\n\n<p>Mendia ha indicado que \u00abse le encogi\u00f3 el est\u00f3mago\u00bb y no entiende que se le aplaudiera ni la \u00abactitud chulesca del personaje\u00bb.<\/p>\n\n\n\n<p>\u00abHubo una banda terrorista que tuvo un inmenso apoyo social y eso no podemos olvidarlo y hay qui\u00e9n tiene m\u00e1s mochila y tenemos que seguir trabajando e im\u00e1genes como la de ayer, que a m\u00ed me sobrecogen, y si a m\u00ed me sobrecogen entiendo que a las v\u00edctimas de ETA mucho m\u00e1s y hay que trabajar en el campo de la convivencia\u00bb.<\/p>\n\n\n\n<p>Pues Idoia, con declaraciones de pitimin\u00ed esta gente va a seguir llorando en p\u00fablico como Arkaitz Rodr\u00edguez lo hizo tras el fallecimiento de Troiti\u00f1o, responsable de 22 asesinatos. Este Arkaitz Rodr\u00edguez tiene todo el derecho a llorar al asesino fallecido, pero en privado y no jactarse de su muerte en p\u00fablico si el discurso de Aiete hubiera sido verdad. Nunca lo fue y lo denunciamos.<\/p>\n\n\n\n<p>Tres ejemplos en una semana.<\/p>\n\n\n\n<p>Y lo que te rondar\u00e9 morena.<\/p>\n<!-- AddThis Advanced Settings generic via filter on the_content --><!-- AddThis Share Buttons generic via filter on the_content -->","protected":false},"excerpt":{"rendered":"<p>Jueves 23 de diciembre de 2021 Hay gentes o que es ingenua o que le gusta creerse sus propias mentiras. Y hay gentes que carecen del menor rigor para analizar los movimientos del adversario&nbsp;sobre todo si ese contrario carece de la m\u00e1s elemental conciencia moral. No s\u00e9 si recordaran como tras la escenificaci\u00f3n en Aiete&nbsp;de &hellip; <a href=\"https:\/\/blogs.deia.eus\/anasagasti\/2021\/12\/23\/no-quereis-taza-pues-taza-y-media\/\" class=\"more-link\">Sigue leyendo <span class=\"screen-reader-text\">\u00bfNo quer\u00e9is taza? \u00a1Pues taza y media!<\/span><\/a><!-- AddThis Advanced Settings generic via filter on get_the_excerpt --><!-- AddThis Share Buttons generic via filter on get_the_excerpt --><\/p>\n","protected":false},"author":19,"featured_media":0,"comment_status":"open","ping_status":"open","sticky":false,"template":"","format":"standard","meta":{"footnotes":""},"categories":[1],"tags":[],"class_list":["post-15595","post","type-post","status-publish","format-standard","hentry","category-general"],"_links":{"self":[{"href":"https:\/\/blogs.deia.eus\/anasagasti\/wp-json\/wp\/v2\/posts\/15595","targetHints":{"allow":["GET"]}}],"collection":[{"href":"https:\/\/blogs.deia.eus\/anasagasti\/wp-json\/wp\/v2\/posts"}],"about":[{"href":"https:\/\/blogs.deia.eus\/anasagasti\/wp-json\/wp\/v2\/types\/post"}],"author":[{"embeddable":true,"href":"https:\/\/blogs.deia.eus\/anasagasti\/wp-json\/wp\/v2\/users\/19"}],"replies":[{"embeddable":true,"href":"https:\/\/blogs.deia.eus\/anasagasti\/wp-json\/wp\/v2\/comments?post=15595"}],"version-history":[{"count":1,"href":"https:\/\/blogs.deia.eus\/anasagasti\/wp-json\/wp\/v2\/posts\/15595\/revisions"}],"predecessor-version":[{"id":15597,"href":"https:\/\/blogs.deia.eus\/anasagasti\/wp-json\/wp\/v2\/posts\/15595\/revisions\/15597"}],"wp:attachment":[{"href":"https:\/\/blogs.deia.eus\/anasagasti\/wp-json\/wp\/v2\/media?parent=15595"}],"wp:term":[{"taxonomy":"category","embeddable":true,"href":"https:\/\/blogs.deia.eus\/anasagasti\/wp-json\/wp\/v2\/categories?post=15595"},{"taxonomy":"post_tag","embeddable":true,"href":"https:\/\/blogs.deia.eus\/anasagasti\/wp-json\/wp\/v2\/tags?post=15595"}],"curies":[{"name":"wp","href":"https:\/\/api.w.org\/{rel}","templated":true}]}}