{"id":15598,"date":"2021-12-24T16:13:44","date_gmt":"2021-12-24T14:13:44","guid":{"rendered":"https:\/\/blogs.deia.eus\/anasagasti\/?p=15598"},"modified":"2021-12-24T16:13:46","modified_gmt":"2021-12-24T14:13:46","slug":"la-guillotina-no-es-simbolo-de-la-nochebuena","status":"publish","type":"post","link":"https:\/\/blogs.deia.eus\/anasagasti\/2021\/12\/24\/la-guillotina-no-es-simbolo-de-la-nochebuena\/","title":{"rendered":"La guillotina no es s\u00edmbolo de la nochebuena"},"content":{"rendered":"\n<p><strong>Viernes 24 de diciembre de 2021<\/strong><\/p>\n\n\n\n<div class=\"wp-block-image\"><figure class=\"aligncenter size-full\"><a href=\"https:\/\/blogs.deia.eus\/anasagasti\/files\/2021\/12\/GUILLOTINA.jpg\"><img loading=\"lazy\" decoding=\"async\" width=\"387\" height=\"600\" src=\"https:\/\/blogs.deia.eus\/anasagasti\/files\/2021\/12\/GUILLOTINA.jpg\" alt=\"\" class=\"wp-image-15599\" \/><\/a><\/figure><\/div>\n\n\n\n<p>El 24 de diciembre es un d\u00eda muy especial. D\u00eda de reuni\u00f3n familiar, de villancicos, de desearse paz las gentes de buena voluntad. Sin embargo en el sector de EA, presidido por Eba Blanco en lugar de una zambomba preparan y afilan la guillotina. Esta gente vive en otra galaxia.<\/p>\n\n\n\n<p>Entiendo que a la actual Bildu, esa plataforma donde solo manda Sortu, no le guste se mire desde fuera lo que pasa dentro. Lo entiendo porque la inmensa &nbsp;contradicci\u00f3n entre lo que dicen y ofrecen y la realidad es como la de un huevo a una casta\u00f1a. De ah\u00ed que les molesta mucho se les diga que tienen una ideolog\u00eda autoritaria, siendo ben\u00e9volos, disfrazada de falsa democracia y de pr\u00e9dicas de conducta hacia los dem\u00e1s. Sin embargo la realidad es muy otra. Ya que quien disiente se va con el petate a pasar la Nochebuena &nbsp;bajo el puente. Tambi\u00e9n ocurre en otros partidos pero no con el ensa\u00f1amiento y el caradurismo de una Bildu que engull\u00f3 a &nbsp;Alternatiba, Aralar y todo aquello que no entre dentro de los par\u00e1metros del ordeno y mando, de ah\u00ed que EA, se les resista.<\/p>\n\n\n\n<p>Es normal pues que la afiliaci\u00f3n mayoritaria de EA que entr\u00f3 en Bildu pensando era una plataforma independentista, socialdem\u00f3crata y contraria a todo aquel pasado de muerte y destrucci\u00f3n est\u00e9 desolada. Los incomprensibles lloros pol\u00edticos de Arkaitz Rodr\u00edguez por Troiti\u00f1o, los aplausos a Mikel Antza, encausado por el asesinato de Ord\u00f3\u00f1ez, la elevaci\u00f3n a los altares a quien encapuchado dio la noticia de la desaparici\u00f3n de ETA y miembro de su ejecutiva, Pla, desconciertan a los que todav\u00eda siguen creyendo que aquella escena de Aiete iba en serio. Hay que tener mucho est\u00f3mago para tragar estos tres sapos de un solo bocado sin decir ni esta boca es m\u00eda y seguir aguantando las clases de democracia que a todas horas tratan de darnos, sin \u00e9xito, los gerifaltes de una Bildu que en la realidad solo es Sortu. Lo m\u00e1s duro y reaccionario de esa plataforma. Los encapuchados sin capucha.<\/p>\n\n\n\n<p>De ah\u00ed a que el sector cr\u00edtico de EA, los coordinadores de Araba, Gipuzkoa y&nbsp; Navarra rechazaran que EH Bildu \u201caplauda, sin voces discordantes de EA\u201d a dirigentes de ETA como Mikel Albisu \u201cMikel Antza\u201d.<\/p>\n\n\n\n<p>En su comunicado criticaron que el sector oficial quiera acallarles y denunciaron&nbsp; que se haya convocado de urgencia a la ejecutiva de la formaci\u00f3n, en Nochebuena, con el objetivo de ultimar una importante expulsi\u00f3n. Durante un a\u00f1o de la concejala&nbsp; de EH Bildu en Zarautz, Begotxu Olaizola, por hacer de portavoz&nbsp; de centenares&nbsp; de afiliados, entre ellos el lehendakari Carlos Garaikoetxea y pedir democracia interna en EA, ha sido puesta en la picota. Para este sector mayoritario de EA se trata de un nuevo desprop\u00f3sito democr\u00e1tico y jur\u00eddico&nbsp; que busca pervertir un proceso democr\u00e1tico&nbsp; congresual en el que la \u201cl\u00ednea garaikotxeista\u201d que propugna \u201cla no disoluci\u00f3n de EA en la izquierda abertzale, ha sido ampliamente mayoritaria en las organizaciones m\u00e1s numerosas del pa\u00eds\u201d. Y l\u00f3gicamente el Politbur\u00f3 quiere acabar con \u00e9l.<\/p>\n\n\n\n<p>No lo tienen f\u00e1cil pues en la EA oficial no mandan los afiliados sino Sortu y a Sortu solo le interesa un solo centro&nbsp; de mando y de ideolog\u00eda autoritaria y sobre todo que nadie ponga en duda el reciente pasado y la brtualidad de ETA y el silencio de HB.\u00a1Faltar\u00eda m\u00e1s!.<\/p>\n\n\n\n<p>Eba Blanco no debe saber que en Navidad se suele desear paz a los hombres y mujeres de buena voluntad. No se ha enterado. No habla nada bien de esta Sra ni de su oferta pol\u00edtica amordazada por unos se\u00f1ores que les parece muy bien que un ex dirigente de ETA sea miembro de su ejecutiva. Y es que adem\u00e1s son bastante tontos por la pera en dulce que le han puesto en bandeja a VOX, el PP y todos aquellos que creyeron que el acto de Aiete iba en serio.<\/p>\n<!-- AddThis Advanced Settings generic via filter on the_content --><!-- AddThis Share Buttons generic via filter on the_content -->","protected":false},"excerpt":{"rendered":"<p>Viernes 24 de diciembre de 2021 El 24 de diciembre es un d\u00eda muy especial. D\u00eda de reuni\u00f3n familiar, de villancicos, de desearse paz las gentes de buena voluntad. Sin embargo en el sector de EA, presidido por Eba Blanco en lugar de una zambomba preparan y afilan la guillotina. Esta gente vive en otra &hellip; <a href=\"https:\/\/blogs.deia.eus\/anasagasti\/2021\/12\/24\/la-guillotina-no-es-simbolo-de-la-nochebuena\/\" class=\"more-link\">Sigue leyendo <span class=\"screen-reader-text\">La guillotina no es s\u00edmbolo de la nochebuena<\/span><\/a><!-- AddThis Advanced Settings generic via filter on get_the_excerpt --><!-- AddThis Share Buttons generic via filter on get_the_excerpt --><\/p>\n","protected":false},"author":19,"featured_media":0,"comment_status":"open","ping_status":"open","sticky":false,"template":"","format":"standard","meta":{"footnotes":""},"categories":[1],"tags":[],"class_list":["post-15598","post","type-post","status-publish","format-standard","hentry","category-general"],"_links":{"self":[{"href":"https:\/\/blogs.deia.eus\/anasagasti\/wp-json\/wp\/v2\/posts\/15598","targetHints":{"allow":["GET"]}}],"collection":[{"href":"https:\/\/blogs.deia.eus\/anasagasti\/wp-json\/wp\/v2\/posts"}],"about":[{"href":"https:\/\/blogs.deia.eus\/anasagasti\/wp-json\/wp\/v2\/types\/post"}],"author":[{"embeddable":true,"href":"https:\/\/blogs.deia.eus\/anasagasti\/wp-json\/wp\/v2\/users\/19"}],"replies":[{"embeddable":true,"href":"https:\/\/blogs.deia.eus\/anasagasti\/wp-json\/wp\/v2\/comments?post=15598"}],"version-history":[{"count":1,"href":"https:\/\/blogs.deia.eus\/anasagasti\/wp-json\/wp\/v2\/posts\/15598\/revisions"}],"predecessor-version":[{"id":15600,"href":"https:\/\/blogs.deia.eus\/anasagasti\/wp-json\/wp\/v2\/posts\/15598\/revisions\/15600"}],"wp:attachment":[{"href":"https:\/\/blogs.deia.eus\/anasagasti\/wp-json\/wp\/v2\/media?parent=15598"}],"wp:term":[{"taxonomy":"category","embeddable":true,"href":"https:\/\/blogs.deia.eus\/anasagasti\/wp-json\/wp\/v2\/categories?post=15598"},{"taxonomy":"post_tag","embeddable":true,"href":"https:\/\/blogs.deia.eus\/anasagasti\/wp-json\/wp\/v2\/tags?post=15598"}],"curies":[{"name":"wp","href":"https:\/\/api.w.org\/{rel}","templated":true}]}}