{"id":15601,"date":"2021-12-25T15:28:40","date_gmt":"2021-12-25T13:28:40","guid":{"rendered":"https:\/\/blogs.deia.eus\/anasagasti\/?p=15601"},"modified":"2021-12-25T15:28:42","modified_gmt":"2021-12-25T13:28:42","slug":"buenafuente-baja-la-persiana","status":"publish","type":"post","link":"https:\/\/blogs.deia.eus\/anasagasti\/2021\/12\/25\/buenafuente-baja-la-persiana\/","title":{"rendered":"Buenafuente baja la persiana"},"content":{"rendered":"\n<p><strong>S\u00e1bado 25 de diciembre de 2021<\/strong><\/p>\n\n\n\n<div class=\"wp-block-image\"><figure class=\"aligncenter size-large\"><a href=\"https:\/\/blogs.deia.eus\/anasagasti\/files\/2021\/12\/Inaki-Anasagasti-y-Buenafuente.jpg\"><img loading=\"lazy\" decoding=\"async\" width=\"940\" height=\"603\" src=\"https:\/\/blogs.deia.eus\/anasagasti\/files\/2021\/12\/Inaki-Anasagasti-y-Buenafuente-940x603.jpg\" alt=\"\" class=\"wp-image-15602\" srcset=\"https:\/\/blogs.deia.eus\/anasagasti\/files\/2021\/12\/Inaki-Anasagasti-y-Buenafuente-940x603.jpg 940w, https:\/\/blogs.deia.eus\/anasagasti\/files\/2021\/12\/Inaki-Anasagasti-y-Buenafuente-580x372.jpg 580w, https:\/\/blogs.deia.eus\/anasagasti\/files\/2021\/12\/Inaki-Anasagasti-y-Buenafuente-768x492.jpg 768w, https:\/\/blogs.deia.eus\/anasagasti\/files\/2021\/12\/Inaki-Anasagasti-y-Buenafuente.jpg 1014w\" sizes=\"auto, (max-width: 940px) 100vw, 940px\" \/><\/a><\/figure><\/div>\n\n\n\n<p>Ha pasado como por debajo de la mesa la despedida y cierre para el Late Motiv de Andreu Buenafuente. \u201dUn programa donde la irreverencia, la cr\u00edtica, el humor y tambi\u00e9n la emoci\u00f3n siempre est\u00e1n presentes; donde Andreu Buenafuente\u00a0 recibe invitados y colaboradores, repasa la actualidad a trav\u00e9s de la genialidad de sus mon\u00f3logos e incluye actuaciones musicales en directo\u201d. As\u00ed presentaba El Terrat, Late Motiv, la que ha sido la \u00faltima aventura\u00a0 televisiva\u00a0 de Buenafuente durante las \u00faltimas siete temporadas a la que el viernes se le puso punto final tras 945 programas.<\/p>\n\n\n\n<p>Todo hab\u00eda empezado en Catalunya&nbsp; contando en sus inicios con Jordi Evole como El Follonero. Hace diez a\u00f1os me invit\u00f3 a su programa, Follonero incluido. \u00bfSaben por qu\u00e9?. Por lo que la clase pol\u00edtica no denunciaba. La corrupci\u00f3n de la monarqu\u00eda. \u00c9l siempre ha sido un republicano que incluso ha apoyado el Proc\u00e9s catal\u00e1n o ha denunciado los excesos policiales y la situaci\u00f3n de Puigdemont.<\/p>\n\n\n\n<p>Yo me explay\u00e9 a gusto y al final me pidi\u00f3 le dijera dos deseos. El primero, le dije, que Buenafuente llevara los informativos de TVE ya que siempre han estado manipulados, y el segundo que desapareciera ETA. Le gust\u00f3 y me dijo que cuando desapareciera, lo hizo al poco, me invitar\u00eda al programa y brindar\u00edamos con Cava.<\/p>\n\n\n\n<p>ETA ha desaparecido, la monarqu\u00eda sigue vivita y coleando y Buenafuente me debe un cava.<\/p>\n\n\n\n<p>Ojal\u00e1 siga en el mundo de la informaci\u00f3n y del debate. Hacen falta voces cr\u00edticas inteligentes.<\/p>\n<!-- AddThis Advanced Settings generic via filter on the_content --><!-- AddThis Share Buttons generic via filter on the_content -->","protected":false},"excerpt":{"rendered":"<p>S\u00e1bado 25 de diciembre de 2021 Ha pasado como por debajo de la mesa la despedida y cierre para el Late Motiv de Andreu Buenafuente. \u201dUn programa donde la irreverencia, la cr\u00edtica, el humor y tambi\u00e9n la emoci\u00f3n siempre est\u00e1n presentes; donde Andreu Buenafuente\u00a0 recibe invitados y colaboradores, repasa la actualidad a trav\u00e9s de la &hellip; <a href=\"https:\/\/blogs.deia.eus\/anasagasti\/2021\/12\/25\/buenafuente-baja-la-persiana\/\" class=\"more-link\">Sigue leyendo <span class=\"screen-reader-text\">Buenafuente baja la persiana<\/span><\/a><!-- AddThis Advanced Settings generic via filter on get_the_excerpt --><!-- AddThis Share Buttons generic via filter on get_the_excerpt --><\/p>\n","protected":false},"author":19,"featured_media":0,"comment_status":"open","ping_status":"open","sticky":false,"template":"","format":"standard","meta":{"footnotes":""},"categories":[1],"tags":[],"class_list":["post-15601","post","type-post","status-publish","format-standard","hentry","category-general"],"_links":{"self":[{"href":"https:\/\/blogs.deia.eus\/anasagasti\/wp-json\/wp\/v2\/posts\/15601","targetHints":{"allow":["GET"]}}],"collection":[{"href":"https:\/\/blogs.deia.eus\/anasagasti\/wp-json\/wp\/v2\/posts"}],"about":[{"href":"https:\/\/blogs.deia.eus\/anasagasti\/wp-json\/wp\/v2\/types\/post"}],"author":[{"embeddable":true,"href":"https:\/\/blogs.deia.eus\/anasagasti\/wp-json\/wp\/v2\/users\/19"}],"replies":[{"embeddable":true,"href":"https:\/\/blogs.deia.eus\/anasagasti\/wp-json\/wp\/v2\/comments?post=15601"}],"version-history":[{"count":1,"href":"https:\/\/blogs.deia.eus\/anasagasti\/wp-json\/wp\/v2\/posts\/15601\/revisions"}],"predecessor-version":[{"id":15603,"href":"https:\/\/blogs.deia.eus\/anasagasti\/wp-json\/wp\/v2\/posts\/15601\/revisions\/15603"}],"wp:attachment":[{"href":"https:\/\/blogs.deia.eus\/anasagasti\/wp-json\/wp\/v2\/media?parent=15601"}],"wp:term":[{"taxonomy":"category","embeddable":true,"href":"https:\/\/blogs.deia.eus\/anasagasti\/wp-json\/wp\/v2\/categories?post=15601"},{"taxonomy":"post_tag","embeddable":true,"href":"https:\/\/blogs.deia.eus\/anasagasti\/wp-json\/wp\/v2\/tags?post=15601"}],"curies":[{"name":"wp","href":"https:\/\/api.w.org\/{rel}","templated":true}]}}