{"id":15604,"date":"2021-12-26T16:56:15","date_gmt":"2021-12-26T14:56:15","guid":{"rendered":"https:\/\/blogs.deia.eus\/anasagasti\/?p=15604"},"modified":"2021-12-26T16:56:17","modified_gmt":"2021-12-26T14:56:17","slug":"la-institucion-mas-valorada","status":"publish","type":"post","link":"https:\/\/blogs.deia.eus\/anasagasti\/2021\/12\/26\/la-institucion-mas-valorada\/","title":{"rendered":"La Instituci\u00f3n m\u00e1s valorada"},"content":{"rendered":"\n<p><strong>Domingo 26 de diciembre de 2021<\/strong><\/p>\n\n\n\n<div class=\"wp-block-image\"><figure class=\"aligncenter size-large\"><a href=\"https:\/\/blogs.deia.eus\/anasagasti\/files\/2021\/12\/Juan-Carlos-y-los-Presidentes.jpg\"><img loading=\"lazy\" decoding=\"async\" width=\"940\" height=\"551\" src=\"https:\/\/blogs.deia.eus\/anasagasti\/files\/2021\/12\/Juan-Carlos-y-los-Presidentes-940x551.jpg\" alt=\"\" class=\"wp-image-15605\" srcset=\"https:\/\/blogs.deia.eus\/anasagasti\/files\/2021\/12\/Juan-Carlos-y-los-Presidentes-940x551.jpg 940w, https:\/\/blogs.deia.eus\/anasagasti\/files\/2021\/12\/Juan-Carlos-y-los-Presidentes-580x340.jpg 580w, https:\/\/blogs.deia.eus\/anasagasti\/files\/2021\/12\/Juan-Carlos-y-los-Presidentes-768x450.jpg 768w, https:\/\/blogs.deia.eus\/anasagasti\/files\/2021\/12\/Juan-Carlos-y-los-Presidentes.jpg 962w\" sizes=\"auto, (max-width: 940px) 100vw, 940px\" \/><\/a><\/figure><\/div>\n\n\n\n<p>Y la m\u00e1s ejemplar, la m\u00e1s barata, la m\u00e1s \u00fatil, la m\u00e1s arbitral, la m\u00e1s moderadora. Seis mentiras que cada cierto tiempo el CIS proclamaba a los cuatro vientos. A preguntas inducidas, respuestas obsequiosas. Desgraciadamente y a pesar de haberlo intentado nunca pudimos cambiar nada de la constante manipulaci\u00f3n sociol\u00f3gica de un CIS Juancarlista. Aquello era un cintur\u00f3n de hierro que ten\u00eda en la puerta no dos leones, sin rugido, sino dos pitbull dispuestos a saltar al cuello en cuanto te sal\u00edas de lo pol\u00edticamente correcto. Un pacto de silencio medi\u00e1tico ante los abusos y corrupciones del monarca y dos partidos \u201cvertebradores\u201d de la unidad de Espa\u00f1a sacando brillo a todas horas a una Constituci\u00f3n que se fundamenta \u201cen la indisoluble unidad de la Naci\u00f3n espa\u00f1ola, patria com\u00fan e indivisible de todos los espa\u00f1oles (art.2)\u201d y, en ese edificio, el rey es la clave de b\u00f3veda de todo ese tinglado por lo que era obligatoria que fuera inviolable, intocable, infumable y con s\u00fabditos &nbsp;reidores de todos sus chistes. La f\u00f3rmula secreta de la Coca Cola y de la sacrosanta transici\u00f3n espa\u00f1ola a la que no hay que tocar sus pies de barro, porque caer\u00eda todo el tinglado construido sobre el inmenso retrete del silencio c\u00f3mplice.<\/p>\n\n\n\n<p>En este mundo \u201clight\u201d de la cerveza sin alcohol, la gasolina sin plomo, el tabaco sin nicotina, el chocolate sin cacao, el caf\u00e9 sin cafe\u00edna y los huevos sin colesterol se le ha a\u00f1adido la justicia sin equidad y con los ojos destapados, es decir un remedo de justicia. Pero no para todos.<\/p>\n\n\n\n<p>El pasado martes 14 de diciembre el diario El Pa\u00eds a cuatro columnas, en portada y con gran despliegue informaba que \u201dSuiza cierra la causa sobre la donaci\u00f3n saud\u00ed a Juan Carlos\u201d. Solo le faltaron las campanillas. El ABC dedicada toda su portada al ex rey, con su fotograf\u00eda, mientras con gran despliegue nos dec\u00eda que \u201cSuiza descarta que Don Juan Carlos cobrara comisiones por el AVE de la Meca\u201d. La Raz\u00f3n iba m\u00e1s all\u00e1 al destacar que \u201cPP y Vox apoyan el regreso de Juan Carlos tras el archivo en Suiza\u201d, y el Mundo \u201cEl Carpetazo de la Fiscal\u00eda de Suiza despeja el horizonte penal de Juan Carlos I\u201d. Portadas y titulares que deber\u00edan servir como tesis universitarias para analizar la estrategia de ocultaci\u00f3n de la verdad, el pacto de silencio, la manipulaci\u00f3n de los hechos y la opacidad de un sistema que incluso aplaudi\u00f3 la rotundidad del mensaje de su Jefe del Estado cuando dijo aquello de \u201cla justicia es igual para todos\u201d y lo hicieron con tal profesionalidad que no soltaron &nbsp;&nbsp;la carcajada borb\u00f3nica. Esos titulares, como es evidente, desconocen la obstrucci\u00f3n a la justicia realizada por Arabia Saud\u00ed y la conjura militante de blanqueadores profesionales para que \u201cquien nos trajo la democracia\u201d en &nbsp;declaraciones de Mariano Rajoy, no se siente en el banquillo como un ciudadano m\u00e1s o como &nbsp;Urdangarin, su yerno, que termin\u00f3 pagando por las responsabilidades del suegro. Defraudar, tener amantes, irrespetar a una Reina sufridora oficial con triple vida, ser comisionista, abusar de su posici\u00f3n dominante y&nbsp; absolutamente inmoral no tiene la menor importancia ante esa gran verdad revelada de la patria com\u00fan e indivisible, ya que deb\u00edamos agradecer que Franco nos los dejara de heredero. Eso s\u00ed, de matute, por la puerta de atr\u00e1s, sin refer\u00e9ndum como en Italia tras la II guerra mundial, no fuera a ser que se perdiera, como le coment\u00f3 Su\u00e1rez a Victoria Prego, ya que las encuestas previas amenazaban la cat\u00e1strofe.<\/p>\n\n\n\n<p>Lo grave del caso no es que el ABC, El Mundo y La Raz\u00f3n pasen por alto la conducta posiblemente delictiva de Juan Carlos sino que un diario aparentemente progresista como El Pa\u00eds no solo avale sino lo justifique todo y aplauda este sainete como antesala del cierre de las diligencias de la Fiscal\u00eda espa\u00f1ola. Por cierto el abogado defensor del Em\u00e9rito fue adjunto durante dos d\u00e9cadas del Fiscal Anticorrupci\u00f3n. Todo queda en casa. Aquello de Juan Luis Cebrian de \u201cla monarqu\u00eda no resiste un editorial de El Pa\u00eds\u201d nunca se ha podido&nbsp; comprobar pues la obsequiosidad de su medio alfombra para una monarqu\u00eda tambaleante es de nota a pesar de que el hijo mand\u00f3 al padre a un pa\u00eds no democr\u00e1tico y a pesar de que le cortara el estipendio mensual, reconociendo su conducta &nbsp;impropia, aunque &nbsp;cubriera y sigue cubri\u00e9ndole su disipada vida. Lo \u00fanico que ten\u00edan como encargo padre e hijo era la ejemplaridad y ya vemos en que cloaca la han metido.<\/p>\n\n\n\n<p>Viendo toda aquella basura que desbordaba las aguas fecales tratamos, en solitario, que el ojo p\u00fablico legislativo tratara de controlar en algo aquel patio de monipodio tras la guerra de Irak, las cacer\u00edas de osos borrachos y la cohabitaci\u00f3n en el cerco de&nbsp; la Zarzuela de la amante y su hijo de este &nbsp;irresponsable valetudinario. Pisamos la cola al tigre y nos metimos en su fauce. Me gan\u00e9 dos editoriales ad hominem de El Pa\u00eds y un art\u00edculo de Juan Luis Cebri\u00e1n extra\u00f1ado de que hubieran procesado a los caricaturistas de El Jueves y no lo hac\u00edan conmigo. Sigui\u00f3 la campa\u00f1a en el Pa\u00eds Digital donde lo m\u00e1s suave que me dijeron fue describirme como peligroso etarra.<\/p>\n\n\n\n<p>No le fue a la zaga nuestro \u00ednclito Jos\u00e9 Antonio Zarzalejos, en esos a\u00f1os fiel escudero de Juan Carlos I y hoy su Robespierre guillotinador empe\u00f1ado en salvar a Felipe VI como sea. Este repelente ni\u00f1o Vicente (Copa), el mismo d\u00eda en el que la Fiscal\u00eda rebajaba la acusaci\u00f3n contra El Jueves&nbsp; a un delito penado con multa y habiendo ese d\u00eda una censura un\u00e1nime de todos los partidos bienpensantes del sistema contra mi persona, reflexionaba con un trabajo panfletario &nbsp;titulado \u201cDel Jueves a Anasagasti\u201d donde me daba m\u00e1s palos que a una gata ladrona. Cebri\u00e1n y Zarzalejos buscaban me procesaran por se\u00f1alar con el dedo graves delitos de corrupci\u00f3n. Y perdonen que hable de mi persona pues entiendo que \u00e9sto se olvide al d\u00eda siguiente, pero yo no lo olvido cuando veo hoy que los mismos que se denominaban fervorosos \u201cJuancarlistas\u201d, siguen sin querer que la Justicia funcione y mucho menos que quien delinque pague sus delitos, y justifican con la boca peque\u00f1a las fechor\u00edas de una persona que fue \u201cel motor del cambio\u201d y el que \u201cnos trajo la democracia\u201d siendo \u201cel mejor embajador que hemos tenido\u201d. \u00bfO el mejor comisionista?.<\/p>\n\n\n\n<p>El broche de todo esto en diciembre 2021 es el sainete de B\u00e1rbara Rey, viuda del domador \u00c1ngel Cristo, a quien el Cesid entr\u00f3 en su casa para robarle&nbsp; cintas muy comprometedoras y que ahora nos dice que \u201chay demasiados par\u00e1sitos viviendo de sueldos vitalicios\u201d, cuando aqu\u00ed no hay m\u00e1s sueldos vitalicios que los de los ex presidentes y los de la Casa Real y el posible de la &nbsp;Sra. B\u00e1rbara Rey y los extras de esa pel\u00edcula m\u00e1s parecida a Torrente que a Orgullo y Pasi\u00f3n. Veremos como queda la imagen de la monarqu\u00eda espa\u00f1ola en Gran Breta\u00f1a si prospera la demanda por acoso hecha por la Sra. Corinna hacia un rey que en 1986 se pase\u00f3 en carroza tres kil\u00f3metros por&nbsp; Windsor, Margaret Tatcher hinc\u00f3 la rodilla, y fue condecorado en la Universidad de Oxford. De primo de Isabel II a reo de acoso. Con el l\u00edo que tiene Johnson con el Brexit y la Pandemia esta novela de John le Carr\u00e9 &nbsp;har\u00e1 las delicias de unos ingleses necesitados de diversi\u00f3n ya que &nbsp;en esto de agentes secretos, l\u00edos de faldas y justicia justiciera, los ingleses no se andan con chiquitas.<\/p>\n\n\n\n<p>Me cont\u00f3 Xabier Arzalluz que le pregunt\u00f3 a Felipe Gonz\u00e1lez por la doble vida de Juan Carlos. \u201dEs verdad, pero preferimos se distraiga con mujeres y dinero a que borbonee como su abuelo Alfonso XIII\u201d. Igual es \u00e9sta tambi\u00e9n una de las claves de lo indecente de este caso de un se\u00f1or puesto ah\u00ed por un dictador que lo dej\u00f3 todo atado y bien atado. Y todo esto tiene responsables adem\u00e1s del interfecto. Un ejemplo. El gobierno Zapatero en 2004 quer\u00eda celebrar la proclamaci\u00f3n como rey de Juan Carlos a los dos d\u00edas de la muerte del dictador y ante las Cortes franquistas. La argumentaci\u00f3n de Zapatero fue que gracias a la Monarqu\u00eda parlamentaria Espa\u00f1a era respetada dentro y fuera de \u201dnuestras fronteras gracias &nbsp;al buen hacer, al buen trabajo a y a la personalidad de D. Juan Carlos que ha sido nuestro mejor embajador en todo el mundo particularmente en Iberoam\u00e9rica\u201d. Y eso conociendo Zapatero el jaez del personaje.<\/p>\n\n\n\n<p>Protestamos con dureza por esta iniciativa que daba legitimidad al rey desde la muerte de Franco y no desde que fue aprobada la Constituci\u00f3n. No nos hicieron ni caso. Presentamos una iniciativa. Nos la tumbaron. Mar\u00eda Teresa Fern\u00e1ndez de la Vega, vicepresidenta, nos afe\u00f3 nuestra conducta pues el gobierno \u201ctiene la intenci\u00f3n de conmemorar ese aniversario con el conjunto de la sociedad espa\u00f1ola como todo pa\u00eds que celebra los hitos de su sistema constitucional\u201d.<\/p>\n\n\n\n<p>Me imagino que todos los socialistas republicanos dieron tantos botes en sus tumbas que al final y a pesar de la grandilocuencia de la Vicepresidenta, no celebraron el 33 aniversario de su designaci\u00f3n digital por un dictador.<\/p>\n\n\n\n<p>Termino. En este esperpento borb\u00f3nico, el gran responsable es Juan Carlos, que ya en 1974, hab\u00eda creado una cuenta con su hermana en Panam\u00e1, pero sobre todo los presidentes, partidos y medios que alentaron semejante y asquerosa impunidad. Que no nos enga\u00f1en.<\/p>\n<!-- AddThis Advanced Settings generic via filter on the_content --><!-- AddThis Share Buttons generic via filter on the_content -->","protected":false},"excerpt":{"rendered":"<p>Domingo 26 de diciembre de 2021 Y la m\u00e1s ejemplar, la m\u00e1s barata, la m\u00e1s \u00fatil, la m\u00e1s arbitral, la m\u00e1s moderadora. Seis mentiras que cada cierto tiempo el CIS proclamaba a los cuatro vientos. A preguntas inducidas, respuestas obsequiosas. Desgraciadamente y a pesar de haberlo intentado nunca pudimos cambiar nada de la constante manipulaci\u00f3n &hellip; <a href=\"https:\/\/blogs.deia.eus\/anasagasti\/2021\/12\/26\/la-institucion-mas-valorada\/\" class=\"more-link\">Sigue leyendo <span class=\"screen-reader-text\">La Instituci\u00f3n m\u00e1s valorada<\/span><\/a><!-- AddThis Advanced Settings generic via filter on get_the_excerpt --><!-- AddThis Share Buttons generic via filter on get_the_excerpt --><\/p>\n","protected":false},"author":19,"featured_media":0,"comment_status":"open","ping_status":"open","sticky":false,"template":"","format":"standard","meta":{"footnotes":""},"categories":[1],"tags":[],"class_list":["post-15604","post","type-post","status-publish","format-standard","hentry","category-general"],"_links":{"self":[{"href":"https:\/\/blogs.deia.eus\/anasagasti\/wp-json\/wp\/v2\/posts\/15604","targetHints":{"allow":["GET"]}}],"collection":[{"href":"https:\/\/blogs.deia.eus\/anasagasti\/wp-json\/wp\/v2\/posts"}],"about":[{"href":"https:\/\/blogs.deia.eus\/anasagasti\/wp-json\/wp\/v2\/types\/post"}],"author":[{"embeddable":true,"href":"https:\/\/blogs.deia.eus\/anasagasti\/wp-json\/wp\/v2\/users\/19"}],"replies":[{"embeddable":true,"href":"https:\/\/blogs.deia.eus\/anasagasti\/wp-json\/wp\/v2\/comments?post=15604"}],"version-history":[{"count":1,"href":"https:\/\/blogs.deia.eus\/anasagasti\/wp-json\/wp\/v2\/posts\/15604\/revisions"}],"predecessor-version":[{"id":15606,"href":"https:\/\/blogs.deia.eus\/anasagasti\/wp-json\/wp\/v2\/posts\/15604\/revisions\/15606"}],"wp:attachment":[{"href":"https:\/\/blogs.deia.eus\/anasagasti\/wp-json\/wp\/v2\/media?parent=15604"}],"wp:term":[{"taxonomy":"category","embeddable":true,"href":"https:\/\/blogs.deia.eus\/anasagasti\/wp-json\/wp\/v2\/categories?post=15604"},{"taxonomy":"post_tag","embeddable":true,"href":"https:\/\/blogs.deia.eus\/anasagasti\/wp-json\/wp\/v2\/tags?post=15604"}],"curies":[{"name":"wp","href":"https:\/\/api.w.org\/{rel}","templated":true}]}}