{"id":15611,"date":"2021-12-29T13:26:15","date_gmt":"2021-12-29T11:26:15","guid":{"rendered":"https:\/\/blogs.deia.eus\/anasagasti\/?p=15611"},"modified":"2021-12-29T13:26:17","modified_gmt":"2021-12-29T11:26:17","slug":"josu-bergara-86-anos","status":"publish","type":"post","link":"https:\/\/blogs.deia.eus\/anasagasti\/2021\/12\/29\/josu-bergara-86-anos\/","title":{"rendered":"Josu Bergara, 86 a\u00f1os."},"content":{"rendered":"\n<p><strong>Mi\u00e9rcoles 29 de diciembre de 2021<\/strong><\/p>\n\n\n\n<div class=\"wp-block-image\"><figure class=\"aligncenter size-large\"><a href=\"https:\/\/blogs.deia.eus\/anasagasti\/files\/2021\/12\/Josu-Bergara.jpg\"><img loading=\"lazy\" decoding=\"async\" width=\"940\" height=\"649\" src=\"https:\/\/blogs.deia.eus\/anasagasti\/files\/2021\/12\/Josu-Bergara-940x649.jpg\" alt=\"\" class=\"wp-image-15612\" srcset=\"https:\/\/blogs.deia.eus\/anasagasti\/files\/2021\/12\/Josu-Bergara-940x649.jpg 940w, https:\/\/blogs.deia.eus\/anasagasti\/files\/2021\/12\/Josu-Bergara-580x400.jpg 580w, https:\/\/blogs.deia.eus\/anasagasti\/files\/2021\/12\/Josu-Bergara-768x530.jpg 768w, https:\/\/blogs.deia.eus\/anasagasti\/files\/2021\/12\/Josu-Bergara.jpg 1011w\" sizes=\"auto, (max-width: 940px) 100vw, 940px\" \/><\/a><\/figure><\/div>\n\n\n\n<p>Josu Bergara cumple este mi\u00e9rcoles 29, 86 a\u00f1os. Quien fuera, Juntero, parlamentario, secretario del EBB, Consejero, Diputado General celebra su onom\u00e1stica con buena salud, mente despejada y yendo cada viernes \u00a0a comer\u00a0 con un grupo del Athletic a discutir de todo y arreglar el mundo. Pasea, lee, oye m\u00fasica, va a los conciertos, es un gran mel\u00f3mano y el \u00f3rgano del Euskalduna est\u00e1 ah\u00ed por decisi\u00f3n suya, y a veces se indigna por lo que ve pero su habitual discreci\u00f3n traga algunas insensibilidades o faltas de respuesta. Trabaj\u00f3 en la empresa privada en Santander, Gasteiz y Bilbao entre 1964 y 1977 donde ocup\u00f3 puestos relevantes. Casado con Rosa M. Eder, tiene tres hijos, Carlos, Josu y Mikel y una hermana, Mariemi que vive en Gasteiz.<\/p>\n\n\n\n<p>Su ama proced\u00eda del caser\u00edo Ugarteko que estaba donde se encuentra en la actualidad el campo de f\u00fatbol de los Salesianos. Juan Mari Atutxa bautiz\u00f3 la Comisar\u00eda Central de la Ertzaintza con ese nombre a sugerencia de Bergara. Ese es el motivo del nombre de Ugarteko. Josu le regal\u00f3 un cuadro del caser\u00edo que no sabe si seguir\u00e1 ah\u00ed.<\/p>\n\n\n\n<p>Josu Bergara naci\u00f3 en Deusto en 1935. Su aita fue un gudari herido en la guerra. Iban en un coche conducido por \u00e9l cuando un avi\u00f3n les ametrall\u00f3. De los cinco se salvaron Teodoro Aguirre, hermano del Lehendakari y \u00e9l, al que le lesionaron el codo. Tres murieron. En el hospital de Getxo les atendieron muy bien. No quer\u00eda quitarse las botas pues llevaba quince d\u00edas con ellas puestas. Al final les dieron un puro. Nos contaba &nbsp;lo del puro &nbsp;diciendo que seguramente era porque estaba con el hermano del Lehendakari. Estuvo en el batall\u00f3n Larrazabal, con mi aita, aunque los j\u00f3venes del batzoki de Deusto iban a la compa\u00f1\u00eda Arbola Ga\u00f1a del batall\u00f3n Arana Goiri. Tras la guerra lo castigaron &nbsp;en un Batall\u00f3n de Trabajadores y, como entend\u00eda de mec\u00e1nica, trabaj\u00f3 &nbsp;en el Parque M\u00f3vil.<\/p>\n\n\n\n<p>Con semejante historial la compa\u00f1\u00eda Braso lo mand\u00f3 como viajante a Valencia donde su hijo Josu, con cuatro a\u00f1os, dio sus primeros pasos escolares &nbsp;y con 9 vivieron en Sevilla. Volvi\u00f3 y como es cabeza cuadrada estudi\u00f3 ingenier\u00eda doctor\u00e1ndose. Ajuriaguerra dejaba solo a los ingenieros que le tutearan. Fue el primer presidente, tras la clandestinidad, de la Organizaci\u00f3n Municipal de Deusto, y elegido burukide del BBB en febrero de 1977. Trabaj\u00f3 con Ajuriaguerra en la ponencia de organizaci\u00f3n de la salida del PNV de la clandestinidad. Fue miembro de aquel primer Bizkai Buru Batzar presidido en 1977 por Ajuriaguerra y luego por Ant\u00f3n Ormaza. Como miembro de las primeras Juntas Generales de Bizkaia en 1979 fue portavoz del Grupo EAJ-PNV.<\/p>\n\n\n\n<p>En 1980 fue elegido parlamentario por Bizkaia &nbsp;del primer Parlamento Vasco y elegido coordinador del Grupo EAJ-PNV. Le llam\u00e1bamos \u201cel sargento Bergara\u201d&nbsp; y yo iba con \u00e9l y con varios al Parlamento en su Seat 127 al que llam\u00e1bamos \u201cla Bergaresa\u201d. Tras la &nbsp;divisi\u00f3n del PNV en 1986 fue elegido secretario del EBB. El con Carmelo S\u00e1enz de la Maza y Rafael Suso, bajo la direcci\u00f3n de &nbsp;Xabier Arzalluz, adecuaron &nbsp;el partido a los nuevos tiempos y organizan la Asamblea de Zestoa y la del Arriaga que inicia la recuperaci\u00f3n electoral del PNV tras aquel trauma de la divisi\u00f3n y es lo que actualmente sigue funcionando como estructura. Creo que Xabier Barandiaran con su planteamiento de escucha activa deber\u00eda en primer lugar haberle escuchado a \u00e9l.<\/p>\n\n\n\n<p>De la secretaria del EBB, Josu Bergara pas\u00f3 en 1991 al Gobierno del Lehendakari Ardanza como Consejero de Obras P\u00fablicas y Transportes. El Metro de Bilbao, Puertos, la transferencia de Aguas, carreteras, el Bec, el Palacio Euskalduna, el Guggenheim con Ortuondo, EITB en su actual ubicaci\u00f3n en relaci\u00f3n con Andoni Ortuzar, saneamiento de la R\u00eda de Bilbao, Zabalgarbi y diversas infraestructuras tienen su huella. Elegido Diputado General de Bizkaia presidi\u00f3 la Diputaci\u00f3n dos per\u00edodos entre 1995 y 2003.<\/p>\n\n\n\n<p>Con semejante caudal de experiencias siempre me dice que no escribir\u00e1 sus memorias, ni sus reflexiones con lo que nos perderemos una parte importante de la historia de estos cuarenta a\u00f1os. Seguramente porque nadie se lo ha pedido. Este nuevo &nbsp;a\u00f1o, en el que se&nbsp; anuncia un trabajo de relanzamiento del PNV en su 126 aniversario, creo que se &nbsp;deber\u00eda crear una especie de Foro de la Experiencia, movido por gente joven, para que todo este caudal de vivencias no se pierda. Si decimos que la cadena no se rompe, este eslab\u00f3n est\u00e1 por contar antes de que los de Sortu nos ilustren como se ha hecho y se debe hacer la pol\u00edtica en este pa\u00eds.<\/p>\n\n\n\n<p>El dibujo que ilustra este post es de K-To\u00f1o Frade. Se lo obsequiaron en el 2003 sus colaboradores de Acci\u00f3n Social con un lema que lo define bien.<\/p>\n\n\n\n<p>\u201cBizkaino&nbsp; lo quiero, corto en palabras pero en hechos largo\u201d.<\/p>\n\n\n\n<p>Ese ha sido y sigue siendo, Josu Bergara, un afiliado, un militante jelkide del EAJ-PNV. Una buena persona. Un servidor p\u00fablico.<\/p>\n<!-- AddThis Advanced Settings generic via filter on the_content --><!-- AddThis Share Buttons generic via filter on the_content -->","protected":false},"excerpt":{"rendered":"<p>Mi\u00e9rcoles 29 de diciembre de 2021 Josu Bergara cumple este mi\u00e9rcoles 29, 86 a\u00f1os. Quien fuera, Juntero, parlamentario, secretario del EBB, Consejero, Diputado General celebra su onom\u00e1stica con buena salud, mente despejada y yendo cada viernes \u00a0a comer\u00a0 con un grupo del Athletic a discutir de todo y arreglar el mundo. Pasea, lee, oye m\u00fasica, &hellip; <a href=\"https:\/\/blogs.deia.eus\/anasagasti\/2021\/12\/29\/josu-bergara-86-anos\/\" class=\"more-link\">Sigue leyendo <span class=\"screen-reader-text\">Josu Bergara, 86 a\u00f1os.<\/span><\/a><!-- AddThis Advanced Settings generic via filter on get_the_excerpt --><!-- AddThis Share Buttons generic via filter on get_the_excerpt --><\/p>\n","protected":false},"author":19,"featured_media":0,"comment_status":"open","ping_status":"open","sticky":false,"template":"","format":"standard","meta":{"footnotes":""},"categories":[1],"tags":[],"class_list":["post-15611","post","type-post","status-publish","format-standard","hentry","category-general"],"_links":{"self":[{"href":"https:\/\/blogs.deia.eus\/anasagasti\/wp-json\/wp\/v2\/posts\/15611","targetHints":{"allow":["GET"]}}],"collection":[{"href":"https:\/\/blogs.deia.eus\/anasagasti\/wp-json\/wp\/v2\/posts"}],"about":[{"href":"https:\/\/blogs.deia.eus\/anasagasti\/wp-json\/wp\/v2\/types\/post"}],"author":[{"embeddable":true,"href":"https:\/\/blogs.deia.eus\/anasagasti\/wp-json\/wp\/v2\/users\/19"}],"replies":[{"embeddable":true,"href":"https:\/\/blogs.deia.eus\/anasagasti\/wp-json\/wp\/v2\/comments?post=15611"}],"version-history":[{"count":1,"href":"https:\/\/blogs.deia.eus\/anasagasti\/wp-json\/wp\/v2\/posts\/15611\/revisions"}],"predecessor-version":[{"id":15613,"href":"https:\/\/blogs.deia.eus\/anasagasti\/wp-json\/wp\/v2\/posts\/15611\/revisions\/15613"}],"wp:attachment":[{"href":"https:\/\/blogs.deia.eus\/anasagasti\/wp-json\/wp\/v2\/media?parent=15611"}],"wp:term":[{"taxonomy":"category","embeddable":true,"href":"https:\/\/blogs.deia.eus\/anasagasti\/wp-json\/wp\/v2\/categories?post=15611"},{"taxonomy":"post_tag","embeddable":true,"href":"https:\/\/blogs.deia.eus\/anasagasti\/wp-json\/wp\/v2\/tags?post=15611"}],"curies":[{"name":"wp","href":"https:\/\/api.w.org\/{rel}","templated":true}]}}