{"id":15614,"date":"2021-12-30T15:43:47","date_gmt":"2021-12-30T13:43:47","guid":{"rendered":"https:\/\/blogs.deia.eus\/anasagasti\/?p=15614"},"modified":"2021-12-30T15:43:49","modified_gmt":"2021-12-30T13:43:49","slug":"aldaya-paga-y-calla","status":"publish","type":"post","link":"https:\/\/blogs.deia.eus\/anasagasti\/2021\/12\/30\/aldaya-paga-y-calla\/","title":{"rendered":"Aldaya, paga y calla"},"content":{"rendered":"\n<p><strong>Jueves 30 de diciembre de 2021<\/strong><\/p>\n\n\n\n<div class=\"wp-block-image\"><figure class=\"aligncenter size-large\"><a href=\"https:\/\/blogs.deia.eus\/anasagasti\/files\/2021\/12\/Jose-Maria-Aldaya_1.jpg\"><img loading=\"lazy\" decoding=\"async\" width=\"940\" height=\"705\" src=\"https:\/\/blogs.deia.eus\/anasagasti\/files\/2021\/12\/Jose-Maria-Aldaya_1-940x705.jpg\" alt=\"\" class=\"wp-image-15615\" srcset=\"https:\/\/blogs.deia.eus\/anasagasti\/files\/2021\/12\/Jose-Maria-Aldaya_1-940x705.jpg 940w, https:\/\/blogs.deia.eus\/anasagasti\/files\/2021\/12\/Jose-Maria-Aldaya_1-580x435.jpg 580w, https:\/\/blogs.deia.eus\/anasagasti\/files\/2021\/12\/Jose-Maria-Aldaya_1-768x576.jpg 768w, https:\/\/blogs.deia.eus\/anasagasti\/files\/2021\/12\/Jose-Maria-Aldaya_1.jpg 1200w\" sizes=\"auto, (max-width: 940px) 100vw, 940px\" \/><\/a><\/figure><\/div>\n\n\n\n<p>Acaba de fallecer Jos\u00e9 Mar\u00eda Aldaya pero su muerte ha pasado bastante desapercibida cuando deber\u00edamos haberle homenajeado y explicado a las nuevas generaciones como era la barbarie de unos individuos que bajo la sigla de ETA, mataba, secuestraba y robaba. ETB solo ha dado la noticia. Sin m\u00e1s. El hecho mereci\u00f3 un reportaje especial en la televisi\u00f3n p\u00fablica pero hay alguien que sigue considerando m\u00e1s importante la retirada de un deportista que la muerte de una de las v\u00edctimas m\u00e1s representativa de aquellos a\u00f1os de hierro.<\/p>\n\n\n\n<p>Elena Etxegoien lo ha hecho y merece &nbsp;ser conocida &nbsp;su reflexi\u00f3n. Fue \u00e9sta:<\/p>\n\n\n\n<p><em>\u00abGora ETA militarra\u00bb, \u00abLos asesinos llevan lazo azul\u00bb, \u00abAldaya, paga y calla\u00bb&#8230; y otras lindezas de ese tenor, qu\u00e9 boquita de pi\u00f1\u00f3n la de quienes, en organizada contra-manifestaci\u00f3n, se plantaban justo enfrente&#8230; Iban dirigidas a quienes acud\u00edamos a las concentraciones convocadas por los trabajadores de Alditrans para pedir la liberaci\u00f3n de su jefe, Jos\u00e9 Mar\u00eda Aldaya, secuestrado por ETA. Parece que no llevaban demasiado bien que la calle empezara a no ser su puto cortijo. Nunca olvidar\u00e9 la dignidad y entereza de los tres hijos del empresario, un d\u00eda y otro y otro m\u00e1s, aguant\u00e1ndose las ganas sujetando la pancarta.&nbsp;<\/em><\/p>\n\n\n\n<p><em>Lo secuestraron el 8 de mayo de 1995 y lo soltaron, 342 d\u00edas despu\u00e9s, el 14 de abril del a\u00f1o siguiente, han pasado ya 22 a\u00f1os, parece mentira&#8230;&nbsp;<\/em><\/p>\n\n\n\n<p><em>Pero a mi no se me olvidan ni los gritos ni la chuler\u00eda ni las provocaciones, esas miradas de odio de tantos que ahora dicen defender lo que defend\u00edamos entonces, s\u00ed, nosotros, \u00ablos hijosdeputa de enfrente\u00bb. Pero tambi\u00e9n la sociedad, la abrumadora mayor\u00eda de la sociedad vasca, a la que nosotros s\u00ed represent\u00e1bamos. Que me digan ellos a qui\u00e9n, que me lo digan incluso ahora&#8230; Ah!! que no, que ya no merece la pena, que ya todo pas\u00f3, qu\u00e9 m\u00e1s da&#8230; cobardes siempre, siempre, pero no cuela, que aqu\u00ed nos conocemos todos. Y por eso lo s\u00e9, y s\u00e9 que ellos tambi\u00e9n lo saben, por eso mismo estoy convencida de que o la verdad, sin revancha ni mala fe, tal cual es, lo que fue, o no hay paso adelante que vaya en la buena direcci\u00f3n. Que no caben trampantojos en nombre de la paz y la libertad, ni uno s\u00f3lo siquiera.<\/em><\/p>\n\n\n\n<p><em>Josemari Aldaya, secuestrado, torturado durante 342 d\u00edas \u00abpor negarse a efectuar la aportaci\u00f3n econ\u00f3mica requerida para sacar adelante la lucha por la liberaci\u00f3n de Euskal Herria (Pa\u00eds Vasco)\u00bb -sic-, hay que joderse&#8230;<\/em><\/p>\n\n\n\n<p><em>Nunca, nunca en mi nombre.<\/em><\/p>\n<!-- AddThis Advanced Settings generic via filter on the_content --><!-- AddThis Share Buttons generic via filter on the_content -->","protected":false},"excerpt":{"rendered":"<p>Jueves 30 de diciembre de 2021 Acaba de fallecer Jos\u00e9 Mar\u00eda Aldaya pero su muerte ha pasado bastante desapercibida cuando deber\u00edamos haberle homenajeado y explicado a las nuevas generaciones como era la barbarie de unos individuos que bajo la sigla de ETA, mataba, secuestraba y robaba. ETB solo ha dado la noticia. Sin m\u00e1s. El &hellip; <a href=\"https:\/\/blogs.deia.eus\/anasagasti\/2021\/12\/30\/aldaya-paga-y-calla\/\" class=\"more-link\">Sigue leyendo <span class=\"screen-reader-text\">Aldaya, paga y calla<\/span><\/a><!-- AddThis Advanced Settings generic via filter on get_the_excerpt --><!-- AddThis Share Buttons generic via filter on get_the_excerpt --><\/p>\n","protected":false},"author":19,"featured_media":0,"comment_status":"open","ping_status":"open","sticky":false,"template":"","format":"standard","meta":{"footnotes":""},"categories":[1],"tags":[],"class_list":["post-15614","post","type-post","status-publish","format-standard","hentry","category-general"],"_links":{"self":[{"href":"https:\/\/blogs.deia.eus\/anasagasti\/wp-json\/wp\/v2\/posts\/15614","targetHints":{"allow":["GET"]}}],"collection":[{"href":"https:\/\/blogs.deia.eus\/anasagasti\/wp-json\/wp\/v2\/posts"}],"about":[{"href":"https:\/\/blogs.deia.eus\/anasagasti\/wp-json\/wp\/v2\/types\/post"}],"author":[{"embeddable":true,"href":"https:\/\/blogs.deia.eus\/anasagasti\/wp-json\/wp\/v2\/users\/19"}],"replies":[{"embeddable":true,"href":"https:\/\/blogs.deia.eus\/anasagasti\/wp-json\/wp\/v2\/comments?post=15614"}],"version-history":[{"count":1,"href":"https:\/\/blogs.deia.eus\/anasagasti\/wp-json\/wp\/v2\/posts\/15614\/revisions"}],"predecessor-version":[{"id":15616,"href":"https:\/\/blogs.deia.eus\/anasagasti\/wp-json\/wp\/v2\/posts\/15614\/revisions\/15616"}],"wp:attachment":[{"href":"https:\/\/blogs.deia.eus\/anasagasti\/wp-json\/wp\/v2\/media?parent=15614"}],"wp:term":[{"taxonomy":"category","embeddable":true,"href":"https:\/\/blogs.deia.eus\/anasagasti\/wp-json\/wp\/v2\/categories?post=15614"},{"taxonomy":"post_tag","embeddable":true,"href":"https:\/\/blogs.deia.eus\/anasagasti\/wp-json\/wp\/v2\/tags?post=15614"}],"curies":[{"name":"wp","href":"https:\/\/api.w.org\/{rel}","templated":true}]}}