{"id":15617,"date":"2021-12-31T17:07:10","date_gmt":"2021-12-31T15:07:10","guid":{"rendered":"https:\/\/blogs.deia.eus\/anasagasti\/?p=15617"},"modified":"2021-12-31T17:07:12","modified_gmt":"2021-12-31T15:07:12","slug":"los-exabruptos-de-kino-martinez","status":"publish","type":"post","link":"https:\/\/blogs.deia.eus\/anasagasti\/2021\/12\/31\/los-exabruptos-de-kino-martinez\/","title":{"rendered":"Los exabruptos de Kino Mart\u00ednez"},"content":{"rendered":"\n<p><strong>Viernes 31 de diciembre de 2021<\/strong><\/p>\n\n\n\n<div class=\"wp-block-image\"><figure class=\"aligncenter size-full\"><a href=\"https:\/\/blogs.deia.eus\/anasagasti\/files\/2021\/12\/Kino-Martinez.jpeg\"><img loading=\"lazy\" decoding=\"async\" width=\"768\" height=\"776\" src=\"https:\/\/blogs.deia.eus\/anasagasti\/files\/2021\/12\/Kino-Martinez.jpeg\" alt=\"\" class=\"wp-image-15618\" srcset=\"https:\/\/blogs.deia.eus\/anasagasti\/files\/2021\/12\/Kino-Martinez.jpeg 768w, https:\/\/blogs.deia.eus\/anasagasti\/files\/2021\/12\/Kino-Martinez-580x586.jpeg 580w\" sizes=\"auto, (max-width: 768px) 100vw, 768px\" \/><\/a><\/figure><\/div>\n\n\n\n<p>No es f\u00e1cil de gestionar la situaci\u00f3n de la hosteler\u00eda en Euskadi. Es un sector extraordinariamente golpeado por un virus asesino que no conoce ni de fronteras ni de personas y ante el cual los gobiernos democr\u00e1ticos han de tomar medidas eligiendo entre dos males, el menor. Para eso se les elige. Y la moderaci\u00f3n es una virtud y el exabrupto una falta de respeto y un error.<\/p>\n\n\n\n<p>Kino Mart\u00ednez en nombre de la hosteler\u00eda tuvo el jueves palabras que desbordaban cualquier demanda y cualquier petici\u00f3n. Fueron un puro insulto a un gobierno leg\u00edtimamente constituido y obligado a actuar ante una situaci\u00f3n extrema. Lleg\u00f3 a culpar al ejecutivo vasco de no ser capaz de controlar la situaci\u00f3n, (\u00bfqui\u00e9n es \u00e9l?) anunciando con jactancia la denuncia ante los tribunales a un ejecutivo al que la v\u00edspera, en reuni\u00f3n en Lakua, le hab\u00edan pedido ayuda. Fue el colmo de la chuler\u00eda.<\/p>\n\n\n\n<p>Este viernes el Tribunal Superior de Justicia del Pa\u00eds Vasco le ha dado la raz\u00f3n al Gobierno rechazando el tremendismo del Sr. Mart\u00ednez. Me alegro. El derecho no es m\u00e1s que el sentido com\u00fan codificado, y ha funcionado el sentido com\u00fan.<\/p>\n\n\n\n<p>No argumento que el sector no haya de quejarse ni de reivindicar ayudas a un sector en crisis. No es eso. Pero en democracia las formas son el fondo y las formas de este se\u00f1or son para no recibirle mientras no rectifique sus ataques. A \u00e9l, no al sector.<\/p>\n\n\n\n<p>Compar\u00f3 la situaci\u00f3n de los bares y restaurantes, lugares cerrados y algunos sin ventilaci\u00f3n con el transporte p\u00fablico. Uno usa el transporte p\u00fablico por obligaci\u00f3n no por ocio. No es comparable pues, el s\u00edmil. Tampoco decir que si se cierran el Ocio Nocturno este se har\u00e1 en otro lugar. \u00c9l no es quien para anunciar confrontaciones policiales o abusos de gente irresponsable. El ejecutivo vasco est\u00e1 para tratar de controlar un espacio y otro. No \u00e9l.<\/p>\n\n\n\n<p>Estamos viviendo una sociedad donde solo se reclaman derechos, una sociedad sin valores agudizado todo esto por &nbsp;gentes vociferantes&nbsp; y con malos modos que deber\u00edan medir sus palabras, tratar de buscar soluciones, reivindicar con argumentos lo suyo y no andar como el sietemachos por la vida.<\/p>\n\n\n\n<p>Repito. Si el virus ha hecho da\u00f1o al sector hostelero, que lo ha hecho, y si a la la hosteler\u00eda se le cierran los locales tienen todo el derecho en pedir les paguen la aver\u00eda, que adem\u00e1s no creo sea excesiva el no estar acodado en la barra, no sumar m\u00e1s de diez personas en una mesa &nbsp;y cerrar a la una de la madrugada el Ocio Nocturno. M\u00e1s dura es la muerte y de esto se trata. De vida o de muerte. Ya el solo hecho de acudir a los tribunales nos proyecta una imagen extraordinariamente &nbsp;lamentable de un representante que no busca soluciones sino solo la confrontaci\u00f3n da\u00f1ando con su actitud a un sector que cuenta con la simpat\u00eda social para ser ayudado.<\/p>\n\n\n\n<p>Me alegro que el Tribunal le haya dado la raz\u00f3n al Gobierno Vasco y se la haya quitado a este vociferante y mal representante gremial. Har\u00eda bien en pedir excusas, cambiar de argumentaci\u00f3n y comportarse como un ciudadano preocupado por la pandemia y en b\u00fasqueda de soluciones.<\/p>\n\n\n\n<p>Si el 90% de la poblaci\u00f3n vasca se ha vacunado &nbsp;significa que el 90% de la ciudadan\u00eda es normal, busca soluciones y respeta lo que le dicen personas con autoridad. No ha sido el caso de este caballero que har\u00eda mejor en confinarse y tomar las uvas mir\u00e1ndose al espejo y que sean otros los que negocien con el gobierno las ayudas al sector.<\/p>\n<!-- AddThis Advanced Settings generic via filter on the_content --><!-- AddThis Share Buttons generic via filter on the_content -->","protected":false},"excerpt":{"rendered":"<p>Viernes 31 de diciembre de 2021 No es f\u00e1cil de gestionar la situaci\u00f3n de la hosteler\u00eda en Euskadi. Es un sector extraordinariamente golpeado por un virus asesino que no conoce ni de fronteras ni de personas y ante el cual los gobiernos democr\u00e1ticos han de tomar medidas eligiendo entre dos males, el menor. Para eso &hellip; <a href=\"https:\/\/blogs.deia.eus\/anasagasti\/2021\/12\/31\/los-exabruptos-de-kino-martinez\/\" class=\"more-link\">Sigue leyendo <span class=\"screen-reader-text\">Los exabruptos de Kino Mart\u00ednez<\/span><\/a><!-- AddThis Advanced Settings generic via filter on get_the_excerpt --><!-- AddThis Share Buttons generic via filter on get_the_excerpt --><\/p>\n","protected":false},"author":19,"featured_media":0,"comment_status":"open","ping_status":"open","sticky":false,"template":"","format":"standard","meta":{"footnotes":""},"categories":[1],"tags":[],"class_list":["post-15617","post","type-post","status-publish","format-standard","hentry","category-general"],"_links":{"self":[{"href":"https:\/\/blogs.deia.eus\/anasagasti\/wp-json\/wp\/v2\/posts\/15617","targetHints":{"allow":["GET"]}}],"collection":[{"href":"https:\/\/blogs.deia.eus\/anasagasti\/wp-json\/wp\/v2\/posts"}],"about":[{"href":"https:\/\/blogs.deia.eus\/anasagasti\/wp-json\/wp\/v2\/types\/post"}],"author":[{"embeddable":true,"href":"https:\/\/blogs.deia.eus\/anasagasti\/wp-json\/wp\/v2\/users\/19"}],"replies":[{"embeddable":true,"href":"https:\/\/blogs.deia.eus\/anasagasti\/wp-json\/wp\/v2\/comments?post=15617"}],"version-history":[{"count":1,"href":"https:\/\/blogs.deia.eus\/anasagasti\/wp-json\/wp\/v2\/posts\/15617\/revisions"}],"predecessor-version":[{"id":15619,"href":"https:\/\/blogs.deia.eus\/anasagasti\/wp-json\/wp\/v2\/posts\/15617\/revisions\/15619"}],"wp:attachment":[{"href":"https:\/\/blogs.deia.eus\/anasagasti\/wp-json\/wp\/v2\/media?parent=15617"}],"wp:term":[{"taxonomy":"category","embeddable":true,"href":"https:\/\/blogs.deia.eus\/anasagasti\/wp-json\/wp\/v2\/categories?post=15617"},{"taxonomy":"post_tag","embeddable":true,"href":"https:\/\/blogs.deia.eus\/anasagasti\/wp-json\/wp\/v2\/tags?post=15617"}],"curies":[{"name":"wp","href":"https:\/\/api.w.org\/{rel}","templated":true}]}}