{"id":16022,"date":"2022-04-25T15:23:46","date_gmt":"2022-04-25T13:23:46","guid":{"rendered":"https:\/\/blogs.deia.eus\/anasagasti\/?p=16022"},"modified":"2022-04-25T15:23:48","modified_gmt":"2022-04-25T13:23:48","slug":"el-mosaico-de-eduardo-vallejo","status":"publish","type":"post","link":"https:\/\/blogs.deia.eus\/anasagasti\/2022\/04\/25\/el-mosaico-de-eduardo-vallejo\/","title":{"rendered":"El mosaico de Eduardo Vallejo"},"content":{"rendered":"\n<p><strong>Lunes 25 de abril de 2022<\/strong><\/p>\n\n\n\n<div class=\"wp-block-image\"><figure class=\"aligncenter size-large\"><a href=\"https:\/\/blogs.deia.eus\/anasagasti\/files\/2022\/04\/Vallejo-ante-el-Gernika-Gernikara.jpg\"><img loading=\"lazy\" decoding=\"async\" width=\"940\" height=\"719\" src=\"https:\/\/blogs.deia.eus\/anasagasti\/files\/2022\/04\/Vallejo-ante-el-Gernika-Gernikara-940x719.jpg\" alt=\"\" class=\"wp-image-16023\" srcset=\"https:\/\/blogs.deia.eus\/anasagasti\/files\/2022\/04\/Vallejo-ante-el-Gernika-Gernikara-940x719.jpg 940w, https:\/\/blogs.deia.eus\/anasagasti\/files\/2022\/04\/Vallejo-ante-el-Gernika-Gernikara-580x444.jpg 580w, https:\/\/blogs.deia.eus\/anasagasti\/files\/2022\/04\/Vallejo-ante-el-Gernika-Gernikara-768x587.jpg 768w, https:\/\/blogs.deia.eus\/anasagasti\/files\/2022\/04\/Vallejo-ante-el-Gernika-Gernikara.jpg 1004w\" sizes=\"auto, (max-width: 940px) 100vw, 940px\" \/><\/a><\/figure><\/div>\n\n\n\n<p>Martes 26 de abril. Se recordar\u00e1n los 85 a\u00f1os del Bombardeo de Gernika. Hubo antes otras lluvias de bombas, hubo despu\u00e9s miles. El significado y el ser referencia tiene que ver por el ser el primero en ser utilizado como Banco de Pruebas en una guerra contra poblaci\u00f3n civil. Toneladas de bombas incendiarias&nbsp; que demostraron su eficacia. Y eso que Francia y Gran Breta\u00f1a hab\u00edan firmado el acuerdo del Comit\u00e9 de No Intervenci\u00f3n.<\/p>\n\n\n\n<p>Era d\u00eda de Mercado.<\/p>\n\n\n\n<p>Y tuvo repercusi\u00f3n por tres cuestiones.,<\/p>\n\n\n\n<p>La denuncia del alcalde Labauria, del p\u00e1rroco Arronategi, del cronista Bonifacio Etxegaray y del corresponsal del Time, George Steer. Sobre todo la aparici\u00f3n de su cr\u00f3nica en Londres y en Nueva York. Fue clave.<\/p>\n\n\n\n<p>Asimismo el cuadro de Picasso, un grito contra todas las guerras, convirti\u00e9ndose en un icono del siglo XX.<\/p>\n\n\n\n<p>La acusaci\u00f3n de que hab\u00edan sido los propios vascos los autores de la masacre.<\/p>\n\n\n\n<p>Y traigo hoy aqu\u00ed la figura del alcalde de Gernika Eduardo Vallejo que logr\u00f3 inaugurar el mural de mosaico que se utiliza de fondo para todas las fotograf\u00edas que se sacan los visitantes en Gernika. Tuvo que vencer muchas resistencias. Le &nbsp;acusaron de todo. Lo logr\u00f3. No logr\u00f3 que el actual Museo &nbsp;de Gernika fuera un buen museo. No lo es.<\/p>\n\n\n\n<p>Y tambi\u00e9n logr\u00f3 que el presidente de Alemania, Rom\u00e1n Herzog pidiera perd\u00f3n por aquella barbaridad, algo que no ha hecho el rey de Espa\u00f1a siguiendo el tracto hist\u00f3rico. El embajador alem\u00e1n Henning Wegener ley\u00f3 el 26 de abril de 1997, la carta del presidente de Alemania donde \u00e9ste reconoce su culpa. El alcalde era Vallejo.<\/p>\n\n\n\n<p>Eduardo Vallejo quer\u00eda hacer m\u00e1s cosas y no le dejaron. Entre otras un verdadero monumento al Gudari&nbsp; y un gran Monumento a todas las v\u00edctimas del Bombardeo.<\/p>\n\n\n\n<p>Hoy se hablar\u00e1 de Gernika y seguramente nada de Eduardo Vallejo y su bendita terquedad. Por eso lo traigo hoy aqu\u00ed.<\/p>\n\n\n\n<p>Y, el recuerdo que&nbsp; la escultura de Moore, cerca de la de Chillida, se logr\u00f3 en una negociaci\u00f3n del Grupo Vasco en el Congreso con Javier Solana como ministro de Cultura, aunque la inaugurara Jorge Sempr\u00fan. Fue a cambio del \u201cGuernica\u201d Gernikara, aunque se logr\u00f3 trajeran y exhibieran los bocetos. Tambi\u00e9n quiso una exposici\u00f3n permanente con cuadros y copias de cuadros sobre bombardeos. Algo se hizo, pero no hay nada.<\/p>\n\n\n\n<p>Quer\u00eda una ceremonia como la de Hiroshima con la campana, y m\u00e1s cosas. Y un acto con v\u00edctimas sobrevivientes y alcaldes de pueblos y ciudades bombardeadas. Y premios, y cantatas.<\/p>\n\n\n\n<p>Los actos de recuerdo este martes ser\u00e1n impactantes. El Lehendakari con el embajador de Ucrania, seguramente esa foto dar\u00e1 la vuelta al mundo. Ayer vi unas im\u00e1genes terribles de una pared destartalada en Mariupol a la que le hab\u00edan pintado el Gernika. Impresionante.<\/p>\n\n\n\n<p>L\u00e1stima que no se hayan llevado a cabo las iniciativas que el alcalde Vallejo ide\u00f3 para convertir Gernika en un faro luminoso&nbsp; internacional y ha tenido que ser Zelenski quien ha puesto de nuevo Gernika en la agenda mundial. Creo que falta una apuesta a lo grande para denunciar aquel bombardeo a lo inmenso. Y faltan Vallejos.<\/p>\n\n\n\n<p>Honrar, honra.<\/p>\n<!-- AddThis Advanced Settings generic via filter on the_content --><!-- AddThis Share Buttons generic via filter on the_content -->","protected":false},"excerpt":{"rendered":"<p>Lunes 25 de abril de 2022 Martes 26 de abril. Se recordar\u00e1n los 85 a\u00f1os del Bombardeo de Gernika. Hubo antes otras lluvias de bombas, hubo despu\u00e9s miles. El significado y el ser referencia tiene que ver por el ser el primero en ser utilizado como Banco de Pruebas en una guerra contra poblaci\u00f3n civil. &hellip; <a href=\"https:\/\/blogs.deia.eus\/anasagasti\/2022\/04\/25\/el-mosaico-de-eduardo-vallejo\/\" class=\"more-link\">Sigue leyendo <span class=\"screen-reader-text\">El mosaico de Eduardo Vallejo<\/span><\/a><!-- AddThis Advanced Settings generic via filter on get_the_excerpt --><!-- AddThis Share Buttons generic via filter on get_the_excerpt --><\/p>\n","protected":false},"author":19,"featured_media":0,"comment_status":"open","ping_status":"open","sticky":false,"template":"","format":"standard","meta":{"footnotes":""},"categories":[1],"tags":[],"class_list":["post-16022","post","type-post","status-publish","format-standard","hentry","category-general"],"_links":{"self":[{"href":"https:\/\/blogs.deia.eus\/anasagasti\/wp-json\/wp\/v2\/posts\/16022","targetHints":{"allow":["GET"]}}],"collection":[{"href":"https:\/\/blogs.deia.eus\/anasagasti\/wp-json\/wp\/v2\/posts"}],"about":[{"href":"https:\/\/blogs.deia.eus\/anasagasti\/wp-json\/wp\/v2\/types\/post"}],"author":[{"embeddable":true,"href":"https:\/\/blogs.deia.eus\/anasagasti\/wp-json\/wp\/v2\/users\/19"}],"replies":[{"embeddable":true,"href":"https:\/\/blogs.deia.eus\/anasagasti\/wp-json\/wp\/v2\/comments?post=16022"}],"version-history":[{"count":1,"href":"https:\/\/blogs.deia.eus\/anasagasti\/wp-json\/wp\/v2\/posts\/16022\/revisions"}],"predecessor-version":[{"id":16024,"href":"https:\/\/blogs.deia.eus\/anasagasti\/wp-json\/wp\/v2\/posts\/16022\/revisions\/16024"}],"wp:attachment":[{"href":"https:\/\/blogs.deia.eus\/anasagasti\/wp-json\/wp\/v2\/media?parent=16022"}],"wp:term":[{"taxonomy":"category","embeddable":true,"href":"https:\/\/blogs.deia.eus\/anasagasti\/wp-json\/wp\/v2\/categories?post=16022"},{"taxonomy":"post_tag","embeddable":true,"href":"https:\/\/blogs.deia.eus\/anasagasti\/wp-json\/wp\/v2\/tags?post=16022"}],"curies":[{"name":"wp","href":"https:\/\/api.w.org\/{rel}","templated":true}]}}