{"id":16026,"date":"2022-04-26T15:17:01","date_gmt":"2022-04-26T13:17:01","guid":{"rendered":"https:\/\/blogs.deia.eus\/anasagasti\/?p=16026"},"modified":"2022-04-26T15:17:03","modified_gmt":"2022-04-26T13:17:03","slug":"las-impresentables-posturas-de-un-embajador-aleman-y-la-de-rajoy","status":"publish","type":"post","link":"https:\/\/blogs.deia.eus\/anasagasti\/2022\/04\/26\/las-impresentables-posturas-de-un-embajador-aleman-y-la-de-rajoy\/","title":{"rendered":"Las impresentables posturas de un Embajador Alem\u00e1n y la de Rajoy"},"content":{"rendered":"\n<p><strong>Martes 26 de abril de 2022<\/strong><\/p>\n\n\n\n<div class=\"wp-block-image\"><figure class=\"aligncenter size-full\"><a href=\"https:\/\/blogs.deia.eus\/anasagasti\/files\/2022\/04\/Aguirre-ante-el-Gernika-de-Piccaso.jpg\"><img loading=\"lazy\" decoding=\"async\" width=\"690\" height=\"413\" src=\"https:\/\/blogs.deia.eus\/anasagasti\/files\/2022\/04\/Aguirre-ante-el-Gernika-de-Piccaso.jpg\" alt=\"\" class=\"wp-image-16027\" srcset=\"https:\/\/blogs.deia.eus\/anasagasti\/files\/2022\/04\/Aguirre-ante-el-Gernika-de-Piccaso.jpg 690w, https:\/\/blogs.deia.eus\/anasagasti\/files\/2022\/04\/Aguirre-ante-el-Gernika-de-Piccaso-580x347.jpg 580w\" sizes=\"auto, (max-width: 690px) 100vw, 690px\" \/><\/a><\/figure><\/div>\n\n\n\n<p>Este martes, la relevancia de la historia del Bombardeo de Gernika, no se la da el propio hecho, aunque tambi\u00e9n, sino el tel\u00f3n de fondo de &nbsp;las masacres de Ucrania. Es destacable que la &nbsp;lluvia de fuego &nbsp;de hace 85 a\u00f1os fue la&nbsp; primera con esa carga de destrucci\u00f3n planificada pero antes y despu\u00e9s estuvieron Otxandio, Amorebieta, Eibar, Durango que merecen su lugar en la historia como lo merecen Barcelona, y las cientos de poblaciones destruidas en la guerra civil, m\u00e1s bien, sublevaci\u00f3n militar de unos militares traidores a su juramento a la Rep\u00fablica.<\/p>\n\n\n\n<p>La fotograf\u00eda es de la &nbsp;Exposici\u00f3n Internacional de Paris en 1937, donde se exhibi\u00f3 por primera vez el \u201cGuernica\u201d. Se le puede ver al Lehendakari Agirre, a sus secretarios Irala y Basaldua, al Delegado en Paris&nbsp; Rafael Picavea, al pintor Ucelay. Es una buena fotograf\u00eda para demostrar como desde siempre el Gobierno Vasco ha estado pendiente &nbsp;de este hecho y aunque la informaci\u00f3n que se da es escasa, solo recordar que en el juicio de Nuremberg el Lehendakari Agirre envi\u00f3 una acusaci\u00f3n contra el mariscal Sperre y el gran nazi &nbsp;Hermann Goering, autores de la decisi\u00f3n de la masacre junto a Franco y sus generales.<\/p>\n\n\n\n<p>Traigo aqu\u00ed asimismo lo que me pas\u00f3 con el embajador alem\u00e1n en Madrid Guido Brunner. Este tema ha sido recurrente en el PNV como reivindicaci\u00f3n. Ten\u00eda buena relaci\u00f3n con Xabier Arzalluz, entre ellos hablaban alem\u00e1n y eran unas relaciones p\u00fablicas nato. Me recibi\u00f3 muy amable en su despacho. Le plante\u00e9 varias cuestiones entre ellas el reconocimiento por parte &nbsp;de Alemania&nbsp; del bombardeo de Gernika. La escena no se me olvida. Se puso de pie como impelido por un resorte, elev\u00f3 la voz y me dijo.<\/p>\n\n\n\n<p>\u201c\u00bfMe ve usted vestido de oficial de las SS?. \u00bfEstos zapatos son unas botas de oficial nazi?. Nosotros somos una democracia. Es imposible que la actual Alemania reconozca este hecho. No lo haremos\u201d.<\/p>\n\n\n\n<p>Me qued\u00e9 helado por aquella actuaci\u00f3n tan poco diplom\u00e1tica y tan poco amistosa y ah\u00ed qued\u00f3 la reuni\u00f3n.<\/p>\n\n\n\n<p>Con el tiempo y la perseverancia, en 1997, el presidente alem\u00e1n Roman Herzog pidi\u00f3 perd\u00f3n y fue el embajador alem\u00e1n quien en &nbsp;Gernika&nbsp; ley\u00f3 aquella asunci\u00f3n de responsabilidades. Estuve tentado de llamarle a Brunner quien seis meses despu\u00e9s fallecer\u00eda tras aquel esc\u00e1ndalo del \u201cconvolutto\u201d.<\/p>\n\n\n\n<p>Le pregunt\u00e9 varias veces lo mismo a los presidentes del Gobierno y ministros del interior y defensa. Recuerdo la respuesta de Rajoy.<\/p>\n\n\n\n<p>\u201cLe veo a usted muy interesado en hurgar en el pasado, algo completamente in\u00fatil. Hurgue usted en ETA y denme los nombres de &nbsp;los comandos\u201d. Aplausos del PP. No exist\u00eda Vox. \u00bfO si?.<\/p>\n\n\n\n<p>En la r\u00e9plica &nbsp;le dije que hab\u00edan sido gentes con su mentalidad quienes hab\u00edan permitido la masacre de Gernika y en relaci\u00f3n con ETA le dije que m\u00e1s que \u00e9l \u00e9ramos nosotros lo interesados en acabar con ETA y que para eso estaban la polic\u00eda y la ertzaintza.<\/p>\n\n\n\n<p>Recuerdo tambi\u00e9n el trabajo que se tomaron&nbsp; los senadores Maqueda y Zubia tratando de demostrar t\u00e9cnicamente como era posible el traslado del Guernica a la Villa. Se fueron al ministerio y en Comisi\u00f3n con aquel concienzudo estudio t\u00e9cnico que fue&nbsp; presentado demostrando la falacia de la imposibilidad de su traslado. No sirvi\u00f3 para nada.<\/p>\n\n\n\n<p>Ayer record\u00e9 a Eduardo Vallejo, alcalde y diputado. Txato Etxanizdesde Gernika me escrib\u00eda en Facebook: \u201dQuienes hacemos historia local nunca le olvidamos, por ser el alcalde&nbsp; que siempre tuvo a Gernika-Lumo presente. Hace unas semanas le recordaba en un programa de la SER dedicado a Ucrania, como el alcalde que dignific\u00f3&nbsp; el d\u00eda de conmemorar el bombardeo, creando el mausoleo, organizando el homenaje y as\u00ed otras tantas cosas m\u00e1s, que quienes como cronistas de la Villa Foral conocemos. Y es que nosotros le reivindicamos tambi\u00e9n por la labor que a nivel internacional realiz\u00f3. Nunca pasaron tantos diplom\u00e1ticos, embajadores, c\u00f3nsules etc por Gernika-Lumo. Se preocup\u00f3 por recuperar&nbsp; documentaci\u00f3n etc. Esta es la historia de Gernika-Lumo\u201d.<\/p>\n\n\n\n<p>Muy bien por Txato y muy bien por la hija de Emilio Aperribai, una v\u00edctima del bombardeo, entrevistada con su aita en Radio Euskadi, a cuenta de la carta enviada a S\u00e1nchez para que el gobierno espa\u00f1ol reconozca aquella barbaridad. Ha nombrado a Eduardo Vallejo. Es de agradecer como lo de Txato Etxaniz porque las cosas las hacen las personas y no los marcianos.<\/p>\n\n\n\n<p>No lo ha hecho Estefan\u00eda Beltr\u00e1n de Heredia, entrevistada asimismo hoy en Radio Euskadi y portavoz del Grupo Vasco \u00a0en el Senado. La entrevista ha estado \u00a0muy bien. Ha tenido el acierto de preguntar a S\u00e1nchez el mismo d\u00eda del aniversario del bombardeo. Solo he echado en falta una alusi\u00f3n al much\u00edsimo trabajo realizado \u00a0en el pasado por compa\u00f1eros suyos de partido en esa misma c\u00e1mara y en el Congreso. Es una l\u00e1stima el adanismo existente, algo que Ajuriaguerra adversaba de forma beligerante. \u201dSomos una cadena generacional, ese es nuestro \u00e9xito\u201d. Una l\u00e1stima.<\/p>\n\n\n\n<div class=\"wp-block-image\"><figure class=\"aligncenter size-large\"><a href=\"https:\/\/blogs.deia.eus\/anasagasti\/files\/2022\/04\/Gernika-en-Irpin_Ucrania_2.jpg\"><img loading=\"lazy\" decoding=\"async\" width=\"940\" height=\"353\" src=\"https:\/\/blogs.deia.eus\/anasagasti\/files\/2022\/04\/Gernika-en-Irpin_Ucrania_2-940x353.jpg\" alt=\"\" class=\"wp-image-16028\" srcset=\"https:\/\/blogs.deia.eus\/anasagasti\/files\/2022\/04\/Gernika-en-Irpin_Ucrania_2-940x353.jpg 940w, https:\/\/blogs.deia.eus\/anasagasti\/files\/2022\/04\/Gernika-en-Irpin_Ucrania_2-580x218.jpg 580w, https:\/\/blogs.deia.eus\/anasagasti\/files\/2022\/04\/Gernika-en-Irpin_Ucrania_2-768x288.jpg 768w, https:\/\/blogs.deia.eus\/anasagasti\/files\/2022\/04\/Gernika-en-Irpin_Ucrania_2.jpg 1024w\" sizes=\"auto, (max-width: 940px) 100vw, 940px\" \/><\/a><\/figure><\/div>\n<!-- AddThis Advanced Settings generic via filter on the_content --><!-- AddThis Share Buttons generic via filter on the_content -->","protected":false},"excerpt":{"rendered":"<p>Martes 26 de abril de 2022 Este martes, la relevancia de la historia del Bombardeo de Gernika, no se la da el propio hecho, aunque tambi\u00e9n, sino el tel\u00f3n de fondo de &nbsp;las masacres de Ucrania. Es destacable que la &nbsp;lluvia de fuego &nbsp;de hace 85 a\u00f1os fue la&nbsp; primera con esa carga de destrucci\u00f3n &hellip; <a href=\"https:\/\/blogs.deia.eus\/anasagasti\/2022\/04\/26\/las-impresentables-posturas-de-un-embajador-aleman-y-la-de-rajoy\/\" class=\"more-link\">Sigue leyendo <span class=\"screen-reader-text\">Las impresentables posturas de un Embajador Alem\u00e1n y la de Rajoy<\/span><\/a><!-- AddThis Advanced Settings generic via filter on get_the_excerpt --><!-- AddThis Share Buttons generic via filter on get_the_excerpt --><\/p>\n","protected":false},"author":19,"featured_media":0,"comment_status":"open","ping_status":"open","sticky":false,"template":"","format":"standard","meta":{"footnotes":""},"categories":[1],"tags":[],"class_list":["post-16026","post","type-post","status-publish","format-standard","hentry","category-general"],"_links":{"self":[{"href":"https:\/\/blogs.deia.eus\/anasagasti\/wp-json\/wp\/v2\/posts\/16026","targetHints":{"allow":["GET"]}}],"collection":[{"href":"https:\/\/blogs.deia.eus\/anasagasti\/wp-json\/wp\/v2\/posts"}],"about":[{"href":"https:\/\/blogs.deia.eus\/anasagasti\/wp-json\/wp\/v2\/types\/post"}],"author":[{"embeddable":true,"href":"https:\/\/blogs.deia.eus\/anasagasti\/wp-json\/wp\/v2\/users\/19"}],"replies":[{"embeddable":true,"href":"https:\/\/blogs.deia.eus\/anasagasti\/wp-json\/wp\/v2\/comments?post=16026"}],"version-history":[{"count":1,"href":"https:\/\/blogs.deia.eus\/anasagasti\/wp-json\/wp\/v2\/posts\/16026\/revisions"}],"predecessor-version":[{"id":16029,"href":"https:\/\/blogs.deia.eus\/anasagasti\/wp-json\/wp\/v2\/posts\/16026\/revisions\/16029"}],"wp:attachment":[{"href":"https:\/\/blogs.deia.eus\/anasagasti\/wp-json\/wp\/v2\/media?parent=16026"}],"wp:term":[{"taxonomy":"category","embeddable":true,"href":"https:\/\/blogs.deia.eus\/anasagasti\/wp-json\/wp\/v2\/categories?post=16026"},{"taxonomy":"post_tag","embeddable":true,"href":"https:\/\/blogs.deia.eus\/anasagasti\/wp-json\/wp\/v2\/tags?post=16026"}],"curies":[{"name":"wp","href":"https:\/\/api.w.org\/{rel}","templated":true}]}}