{"id":16030,"date":"2022-04-27T14:42:53","date_gmt":"2022-04-27T12:42:53","guid":{"rendered":"https:\/\/blogs.deia.eus\/anasagasti\/?p=16030"},"modified":"2022-04-27T14:42:55","modified_gmt":"2022-04-27T12:42:55","slug":"pues-si-no-quieren-que-sea-pedro-sanchez-que-sea-felipe-vi","status":"publish","type":"post","link":"https:\/\/blogs.deia.eus\/anasagasti\/2022\/04\/27\/pues-si-no-quieren-que-sea-pedro-sanchez-que-sea-felipe-vi\/","title":{"rendered":"Pues si no quieren que sea Pedro S\u00e1nchez, que sea Felipe VI"},"content":{"rendered":"\n<p><strong>Mi\u00e9rcoles 27 de abril de 2022<\/strong><\/p>\n\n\n\n<div class=\"wp-block-image\"><figure class=\"aligncenter size-full is-resized\"><a href=\"https:\/\/blogs.deia.eus\/anasagasti\/files\/2022\/04\/felipe-vi_b2a0a91e_1280x720.jpg\"><img loading=\"lazy\" decoding=\"async\" src=\"https:\/\/blogs.deia.eus\/anasagasti\/files\/2022\/04\/felipe-vi_b2a0a91e_1280x720.jpg\" alt=\"\" class=\"wp-image-16031\" width=\"485\" height=\"476\" srcset=\"https:\/\/blogs.deia.eus\/anasagasti\/files\/2022\/04\/felipe-vi_b2a0a91e_1280x720.jpg 733w, https:\/\/blogs.deia.eus\/anasagasti\/files\/2022\/04\/felipe-vi_b2a0a91e_1280x720-580x570.jpg 580w\" sizes=\"auto, (max-width: 485px) 100vw, 485px\" \/><\/a><\/figure><\/div>\n\n\n\n<p>Falt\u00f3 el martes en los actos de Gernika el embajador de Ucrania. Ser\u00eda bueno que cuando pase esta guerra de agresi\u00f3n de Putin viniera el propio Zelenski &nbsp;a Gernika o que Urkullu viajara a Mari\u00fapol a plantar un reto\u00f1o del \u00e1rbol de Gernika y que esa copia del cuadro hecha en Irp\u00edn, y que colgu\u00e9 ayer, se trajeses al fallido Museo de Gernika.<\/p>\n\n\n\n<p>Tanto el ministro Bola\u00f1os, como el Delegado del Gobierno Itxaso, nos dijeron ayer que el actual gobierno nada tiene que ver con&nbsp; el bombardeo de Gernika. Cont\u00e9 ayer en el post la respuesta que me dio el embajador alem\u00e1n Guido Brunner diciendo que \u00e9l no era un oficial de las SS. Ya lo sabemos. Pero hay una cosa que se llama \u201ccontinuidad del estado\u201d para &nbsp;hacer que el estado como tal pague las facturas hechas por otras personas, malas personas, en representaci\u00f3n del mismo estado. Si se considera que gentes que mal gobernaron Espa\u00f1a, entre ellas Fraga Iribarne, formaban parte de la misma Espa\u00f1a, que reconozcan los errores, excesos, abusos, canalladas del propio estado.<\/p>\n\n\n\n<p>Pero ante la negativa cargada de falta de empat\u00eda creo hab\u00eda que plantear la reivindicaci\u00f3n al rey Felipe VI, hijo de un rey impuesto por Franco, Juan Carlos I, que como testamento nos dijo solemnemente que hab\u00eda dejado todo \u201catado y bien atado\u201d. Si es as\u00ed, tambi\u00e9n dej\u00f3 bien atado el relato del bombardeo habiendo permitido que los nazis en plena guerra y como ayuda a su sublevaci\u00f3n militar destruyeran la Villa s\u00edmbolo de los vascos.<\/p>\n\n\n\n<p>Si Roman Herzog, presidente de Alemania y no teniendo nada que ver con los nazis pidi\u00f3 perd\u00f3n, lo l\u00f3gico es que el hijo del sucesor de Franco, pida perd\u00f3n. Y que S\u00e1nchez lo permita.<\/p>\n\n\n\n<p>No lo har\u00e1n. Antes eran \u201cjuancarlistas\u201d para no decir que son borb\u00f3nicos accidentales pues lo que m\u00e1s les gusta es eso de que el rey es \u201cs\u00edmbolo de unidad y permanencia\u201d. Si lo de la permanencia es en serio, aquella Espa\u00f1a de Franco en sus estatalidad es la que representa Felipe VI y es quien deber\u00eda pedir perd\u00f3n. Eso es la permanencia y el trabajo que le encarga la Constituci\u00f3n a Felipe VI.<\/p>\n\n\n\n<p>No lo har\u00e1, repito. Como dec\u00eda Pla, lo m\u00e1s parecido a un espa\u00f1ol de derecha es un espa\u00f1ol de izquierda. El PSOE y S\u00e1nchez pierden una oportunidad de oro, pero se\u00f1oras y se\u00f1ores, es lo que hay.<\/p>\n\n\n\n<p>Y el cuadro &nbsp;de Picasso en Madrid porque Gernika no es Espa\u00f1a.<\/p>\n<!-- AddThis Advanced Settings generic via filter on the_content --><!-- AddThis Share Buttons generic via filter on the_content -->","protected":false},"excerpt":{"rendered":"<p>Mi\u00e9rcoles 27 de abril de 2022 Falt\u00f3 el martes en los actos de Gernika el embajador de Ucrania. Ser\u00eda bueno que cuando pase esta guerra de agresi\u00f3n de Putin viniera el propio Zelenski &nbsp;a Gernika o que Urkullu viajara a Mari\u00fapol a plantar un reto\u00f1o del \u00e1rbol de Gernika y que esa copia del cuadro &hellip; <a href=\"https:\/\/blogs.deia.eus\/anasagasti\/2022\/04\/27\/pues-si-no-quieren-que-sea-pedro-sanchez-que-sea-felipe-vi\/\" class=\"more-link\">Sigue leyendo <span class=\"screen-reader-text\">Pues si no quieren que sea Pedro S\u00e1nchez, que sea Felipe VI<\/span><\/a><!-- AddThis Advanced Settings generic via filter on get_the_excerpt --><!-- AddThis Share Buttons generic via filter on get_the_excerpt --><\/p>\n","protected":false},"author":19,"featured_media":0,"comment_status":"open","ping_status":"open","sticky":false,"template":"","format":"standard","meta":{"footnotes":""},"categories":[1],"tags":[],"class_list":["post-16030","post","type-post","status-publish","format-standard","hentry","category-general"],"_links":{"self":[{"href":"https:\/\/blogs.deia.eus\/anasagasti\/wp-json\/wp\/v2\/posts\/16030","targetHints":{"allow":["GET"]}}],"collection":[{"href":"https:\/\/blogs.deia.eus\/anasagasti\/wp-json\/wp\/v2\/posts"}],"about":[{"href":"https:\/\/blogs.deia.eus\/anasagasti\/wp-json\/wp\/v2\/types\/post"}],"author":[{"embeddable":true,"href":"https:\/\/blogs.deia.eus\/anasagasti\/wp-json\/wp\/v2\/users\/19"}],"replies":[{"embeddable":true,"href":"https:\/\/blogs.deia.eus\/anasagasti\/wp-json\/wp\/v2\/comments?post=16030"}],"version-history":[{"count":1,"href":"https:\/\/blogs.deia.eus\/anasagasti\/wp-json\/wp\/v2\/posts\/16030\/revisions"}],"predecessor-version":[{"id":16032,"href":"https:\/\/blogs.deia.eus\/anasagasti\/wp-json\/wp\/v2\/posts\/16030\/revisions\/16032"}],"wp:attachment":[{"href":"https:\/\/blogs.deia.eus\/anasagasti\/wp-json\/wp\/v2\/media?parent=16030"}],"wp:term":[{"taxonomy":"category","embeddable":true,"href":"https:\/\/blogs.deia.eus\/anasagasti\/wp-json\/wp\/v2\/categories?post=16030"},{"taxonomy":"post_tag","embeddable":true,"href":"https:\/\/blogs.deia.eus\/anasagasti\/wp-json\/wp\/v2\/tags?post=16030"}],"curies":[{"name":"wp","href":"https:\/\/api.w.org\/{rel}","templated":true}]}}