{"id":16033,"date":"2022-04-28T14:40:18","date_gmt":"2022-04-28T12:40:18","guid":{"rendered":"https:\/\/blogs.deia.eus\/anasagasti\/?p=16033"},"modified":"2022-04-28T14:40:20","modified_gmt":"2022-04-28T12:40:20","slug":"hija-de-superviviente-del-bombardeo-de-gernika-nos-escribe","status":"publish","type":"post","link":"https:\/\/blogs.deia.eus\/anasagasti\/2022\/04\/28\/hija-de-superviviente-del-bombardeo-de-gernika-nos-escribe\/","title":{"rendered":"Hija de superviviente del bombardeo de Gernika nos escribe"},"content":{"rendered":"\n<p><strong>Jueves 28 de abril de 2022<\/strong><\/p>\n\n\n\n<div class=\"wp-block-image\"><figure class=\"aligncenter size-full\"><a href=\"https:\/\/blogs.deia.eus\/anasagasti\/files\/2022\/04\/aperribayurkullu.jpg\"><img loading=\"lazy\" decoding=\"async\" width=\"690\" height=\"518\" src=\"https:\/\/blogs.deia.eus\/anasagasti\/files\/2022\/04\/aperribayurkullu.jpg\" alt=\"\" class=\"wp-image-16034\" srcset=\"https:\/\/blogs.deia.eus\/anasagasti\/files\/2022\/04\/aperribayurkullu.jpg 690w, https:\/\/blogs.deia.eus\/anasagasti\/files\/2022\/04\/aperribayurkullu-580x435.jpg 580w\" sizes=\"auto, (max-width: 690px) 100vw, 690px\" \/><\/a><\/figure><\/div>\n\n\n\n<p>Conoc\u00ed a Monika Aperribai en una conferencia de la Fundaci\u00f3n Sabino Arana. Me habl\u00f3 de la carta entregada al Lehendakari para que se la hiciera llegar a Pedro S\u00e1nchez con objeto de que el gobierno espa\u00f1ol reconociera que Gernika hab\u00eda sido bombardeada. Me pareci\u00f3 excelente su trabajo que coincid\u00eda con el que siempre hemos llevado a cabo en el Congreso y en el Senado. Su perseverancia y el cari\u00f1o a su aita, son dignos de reconocimiento. Y la nombr\u00e9 anteayer pues ella se hab\u00eda acordado del alcalde Vallejo, algo que le honra. Somos un pa\u00eds amn\u00e9sicos.<\/p>\n\n\n\n<p>Monika me ha escrito estas l\u00edneas.<\/p>\n\n\n\n<p><em>\u201cArratsalde on<\/em><\/p>\n\n\n\n<p><em>Mi nombre es Monika Aperribai, hija de Emilio Aperribai Icazuriagagoitia superviviente, &nbsp;a\u00fan con vida, del Bombardeo de Gernika.<\/em><\/p>\n\n\n\n<p><em>Usted Sr. Anasagasti conoce el contenido de la carta que el pasado a\u00f1o mi aita y yo entregamos al Sr. I\u00f1igo Urkullu y que este a su vez hizo llegar al Sr. Pedro S\u00e1nchez.<\/em><\/p>\n\n\n\n<p><em>Y ayer en Radio Euskadi, mencione al Sr. Eduardo Vallejo porque creo que en este pa\u00eds, solo nos quedamos con lo malo y somos incapaces de reconocer lo que muchas personas con tes\u00f3n y mucho trabajo consiguen.<\/em><\/p>\n\n\n\n<p><em>Dar su lugar a las v\u00edctimas inocentes dignific\u00e1ndolas.<\/em><\/p>\n\n\n\n<p><em>Tendemos a obviarlo y a no darle importancia.<\/em><\/p>\n\n\n\n<p><em>Pero tambi\u00e9n es verdad que cuando uno se topa con<br>mentalidades tan retorcidas como las de Guido Brunner y Rajoy, es como toparse con las maquiav\u00e9licas de Hitler, Mussolini y Franco, y es entonces, como darse de bruces contra una pared.<\/em><\/p>\n\n\n\n<p><em>Y que por fin, el Gobierno Socialista haya condenado el Bombardeo de Gernika es s\u00f3lo un primer paso ya que quedan a\u00fan pendientes, entre otras cosas, que se deje de mentir respecto a lo tambi\u00e9n ocurrido en muchas otras localidades no s\u00f3lo de Euskadi.<\/em><\/p>\n\n\n\n<p><em>Ayer, mi aita y yo compartimos el Aniversario del Bombardeo con otro superviviente del Bombardeo de Durango. Con \u00e9l estuvimos cuando fue el aniversario en su localidad el pasado d\u00eda 31de Marzo.<\/em><\/p>\n\n\n\n<p><em>Lo hicimos por empat\u00eda, deferencia y solidaridad, porque independientemente del n\u00famero de v\u00edctimas mortales de un lugar a otro, el m\u00e9todo de masacrar a la poblaci\u00f3n civil fue el mismo.<\/em><\/p>\n\n\n\n<p><em>Y adem\u00e1s de las localidades citadas por el Sr. Anasagasti, hubo muchas m\u00e1s desgraciadamente y todas se merecen la misma condena, el derecho a la verdad y el rechazo a los ataques contra la poblaci\u00f3n civil.<\/em><\/p>\n\n\n\n<p><em>Y es que me parece muy triste que el dirigente del Gobierno Espa\u00f1ol haya tenido que ver in situ los genocidios que Rusia est\u00e1 cometiendo con los civiles Ucranianos y haya tenido que quedar tan impactado como para dar el paso de pronunciarse respecto a lo ocurrido durante la Guerra Civil Espa\u00f1ola.<\/em><\/p>\n\n\n\n<p><em>Claro, aquello paso hace muchos a\u00f1os, pero se olvida que todav\u00eda quedan personas vivas y familiares de los que ya no est\u00e1n con heridas que a\u00fan sangran cada vez que se acercan las fechas de los aniversarios y ven im\u00e1genes en la televisi\u00f3n como las que estamos viendo.<\/em><\/p>\n\n\n\n<p><em>Y a su vez deber\u00eda recordar que los civiles socialistas fueron tambi\u00e9n muy castigados y asesinados en aquella contienda.<\/em><\/p>\n\n\n\n<p><em>Si la reprobaci\u00f3n, la condena, el desagravio, el rechazo y el reconocimiento no lo hacen ellos que tienen la oportunidad por estar en el poder, no podemos esperar que lo hagan otros.<\/em><\/p>\n\n\n\n<p><em>Aquellas v\u00edctimas se lo merecen, es una deuda moral y de conciencia.<\/em><\/p>\n\n\n\n<p><em>Seguiremos esperando m\u00e1s pronunciamientos.\u201d<\/em><\/p>\n<!-- AddThis Advanced Settings generic via filter on the_content --><!-- AddThis Share Buttons generic via filter on the_content -->","protected":false},"excerpt":{"rendered":"<p>Jueves 28 de abril de 2022 Conoc\u00ed a Monika Aperribai en una conferencia de la Fundaci\u00f3n Sabino Arana. Me habl\u00f3 de la carta entregada al Lehendakari para que se la hiciera llegar a Pedro S\u00e1nchez con objeto de que el gobierno espa\u00f1ol reconociera que Gernika hab\u00eda sido bombardeada. Me pareci\u00f3 excelente su trabajo que coincid\u00eda &hellip; <a href=\"https:\/\/blogs.deia.eus\/anasagasti\/2022\/04\/28\/hija-de-superviviente-del-bombardeo-de-gernika-nos-escribe\/\" class=\"more-link\">Sigue leyendo <span class=\"screen-reader-text\">Hija de superviviente del bombardeo de Gernika nos escribe<\/span><\/a><!-- AddThis Advanced Settings generic via filter on get_the_excerpt --><!-- AddThis Share Buttons generic via filter on get_the_excerpt --><\/p>\n","protected":false},"author":19,"featured_media":0,"comment_status":"open","ping_status":"open","sticky":false,"template":"","format":"standard","meta":{"footnotes":""},"categories":[1],"tags":[],"class_list":["post-16033","post","type-post","status-publish","format-standard","hentry","category-general"],"_links":{"self":[{"href":"https:\/\/blogs.deia.eus\/anasagasti\/wp-json\/wp\/v2\/posts\/16033","targetHints":{"allow":["GET"]}}],"collection":[{"href":"https:\/\/blogs.deia.eus\/anasagasti\/wp-json\/wp\/v2\/posts"}],"about":[{"href":"https:\/\/blogs.deia.eus\/anasagasti\/wp-json\/wp\/v2\/types\/post"}],"author":[{"embeddable":true,"href":"https:\/\/blogs.deia.eus\/anasagasti\/wp-json\/wp\/v2\/users\/19"}],"replies":[{"embeddable":true,"href":"https:\/\/blogs.deia.eus\/anasagasti\/wp-json\/wp\/v2\/comments?post=16033"}],"version-history":[{"count":1,"href":"https:\/\/blogs.deia.eus\/anasagasti\/wp-json\/wp\/v2\/posts\/16033\/revisions"}],"predecessor-version":[{"id":16035,"href":"https:\/\/blogs.deia.eus\/anasagasti\/wp-json\/wp\/v2\/posts\/16033\/revisions\/16035"}],"wp:attachment":[{"href":"https:\/\/blogs.deia.eus\/anasagasti\/wp-json\/wp\/v2\/media?parent=16033"}],"wp:term":[{"taxonomy":"category","embeddable":true,"href":"https:\/\/blogs.deia.eus\/anasagasti\/wp-json\/wp\/v2\/categories?post=16033"},{"taxonomy":"post_tag","embeddable":true,"href":"https:\/\/blogs.deia.eus\/anasagasti\/wp-json\/wp\/v2\/tags?post=16033"}],"curies":[{"name":"wp","href":"https:\/\/api.w.org\/{rel}","templated":true}]}}