{"id":16036,"date":"2022-04-29T10:26:52","date_gmt":"2022-04-29T08:26:52","guid":{"rendered":"https:\/\/blogs.deia.eus\/anasagasti\/?p=16036"},"modified":"2022-04-29T10:26:54","modified_gmt":"2022-04-29T08:26:54","slug":"macron-gano-en-iparralde","status":"publish","type":"post","link":"https:\/\/blogs.deia.eus\/anasagasti\/2022\/04\/29\/macron-gano-en-iparralde\/","title":{"rendered":"Macron gan\u00f3 en Iparralde"},"content":{"rendered":"\n<p><strong>Viernes 29 de abril de 2022<\/strong><\/p>\n\n\n\n<div class=\"wp-block-image\"><figure class=\"aligncenter size-full\"><a href=\"https:\/\/blogs.deia.eus\/anasagasti\/files\/2022\/04\/Iparralde_1.png\"><img loading=\"lazy\" decoding=\"async\" width=\"400\" height=\"372\" src=\"https:\/\/blogs.deia.eus\/anasagasti\/files\/2022\/04\/Iparralde_1.png\" alt=\"\" class=\"wp-image-16037\" \/><\/a><\/figure><\/div>\n\n\n\n<p>La noche electoral del pasado domingo y, el siguiente lunes, no supe si las elecciones en Francia las hab\u00eda ganado Emmanuel Macron o Marine Le Pen.<\/p>\n\n\n\n<p>Entiendo que a Macron se le tenga ojeriza por su arrogancia, no mucho m\u00e1s que la de S\u00e1nchez, Abascal o Feij\u00f3o, y por haber estado alejado de la realidad y de la cercan\u00eda a la gente de la calle, cosa que ocurre tambi\u00e9n en la pol\u00edtica espa\u00f1ola, pero su victoria ha sido todo un alivio democr\u00e1tico, por lo menos &nbsp;para m\u00ed, aunque escuchando a tanto analista a la violeta parecer\u00eda que estuvieran deseando ganara Le Pen para tener el espect\u00e1culo servido. En lugar de remachar lo positivo todos los analistas e informadores destacaban lo negativo. Todos.<\/p>\n\n\n\n<p>Y nadie como el alcalde de Beziers, del partido de Marine Le Pen que lo resumi\u00f3 en dos palabras: \u201dNo es una victoria brillante. Se llama derrota\u201d. Y es que la Sra ha perdido ya tres veces aunque la coyuntura le haya favorecido y ha subido en votaci\u00f3n. Pero no ha ganado. Que es lo importante.<\/p>\n\n\n\n<p>Yo me quedo con esa noche viendo a Macron llegando a la Torre Eiffel&nbsp; rodeado de gente joven y al sonido del Himno de Europa, que algo nos deber\u00eda decir y no la Marsellesa, bell\u00edsimo himno de guerra, m\u00fasica de fondo de la candidata perdedora.<\/p>\n\n\n\n<p>Sinceramente me fastidia mucho esa exquisita equidistancia de ciertos analistas o de los informativos que comenzaron diciendo que&nbsp; gracias al miedo a la ultraderecha Macron consigue ganar con una ventaja menor, que es verdad pero no lo primero que creo hay que destacar, y hacer una simple faena de ali\u00f1o con los resultados en Iparralde por parte de una TV vasca, que es o lo que deber\u00eda ser lo que nos debe interesar a los vascos, \u00bfo no?.<\/p>\n\n\n\n<p>En Iparralde la movilizaci\u00f3n de j\u00f3venes universitarios&nbsp; contra la ultraderecha&nbsp; en las redes sociales ha sido un factor clave. En toda Iparralde Macron se impuso&nbsp; con meridiana claridad con un 65,4% de los votos frente al 34,4% de Marine Le Pen. El doble. Ha barrido. \u00bfPor qu\u00e9 ETB no destaca este dato y va y le entrevista a un se\u00f1or en el \u00fanico pueblo, Gixune, en el que ha ganado Le Pen por una diferencia de cinco votos ?. \u00bfEs normal este tratamiento period\u00edstico en la televisi\u00f3n vasca?.<\/p>\n\n\n\n<p>Macron no es el modelo de pol\u00edtico ni su partido el colmo de nuestras aspiraciones, pero entre el europe\u00edsmo&nbsp; de Macron y el estatismo franc\u00e9s de Le Pen, creo que para cualquier vasco normal no deber\u00eda haber duda. Y ese era el meollo de&nbsp; lo que se jugaba el domingo pasado.<\/p>\n\n\n\n<p>En junio vienen las elecciones parlamentarias. Veremos c\u00f3mo nos atufan con Melenchon y su \u201cFrancia Insumisa\u201d que entre otras cuestiones no considera que el euskera es un idioma a proteger y reconocer. Para este se\u00f1or el franc\u00e9s es la lengua oficial y punto. El propio ex presidente socialista franc\u00e9s Francois Hollande no quer\u00eda que su partido negociara tan a la baja con Melenchon pues program\u00e1ticamente este caballero en algunos temas es m\u00e1s un chavista que un socialista.<\/p>\n\n\n\n<p>Con Melenchon los vascos no tenemos nada que ganar en Iparralde aunque para algunos, los de siempre, ser\u00e1 uno de sus iconos. No me gusta y &nbsp;eso que detesto el discurso de Abascal y el de Le Pen y me gustar\u00eda que en nuestra televisi\u00f3n esto se notara, algo que no ha sucedido. La bendita equidistancia. Solo les ha faltado darle el p\u00e9same a Macron por haber ganado las elecciones por goleada en Iparralde.<\/p>\n<!-- AddThis Advanced Settings generic via filter on the_content --><!-- AddThis Share Buttons generic via filter on the_content -->","protected":false},"excerpt":{"rendered":"<p>Viernes 29 de abril de 2022 La noche electoral del pasado domingo y, el siguiente lunes, no supe si las elecciones en Francia las hab\u00eda ganado Emmanuel Macron o Marine Le Pen. Entiendo que a Macron se le tenga ojeriza por su arrogancia, no mucho m\u00e1s que la de S\u00e1nchez, Abascal o Feij\u00f3o, y por &hellip; <a href=\"https:\/\/blogs.deia.eus\/anasagasti\/2022\/04\/29\/macron-gano-en-iparralde\/\" class=\"more-link\">Sigue leyendo <span class=\"screen-reader-text\">Macron gan\u00f3 en Iparralde<\/span><\/a><!-- AddThis Advanced Settings generic via filter on get_the_excerpt --><!-- AddThis Share Buttons generic via filter on get_the_excerpt --><\/p>\n","protected":false},"author":19,"featured_media":0,"comment_status":"open","ping_status":"open","sticky":false,"template":"","format":"standard","meta":{"footnotes":""},"categories":[1],"tags":[],"class_list":["post-16036","post","type-post","status-publish","format-standard","hentry","category-general"],"_links":{"self":[{"href":"https:\/\/blogs.deia.eus\/anasagasti\/wp-json\/wp\/v2\/posts\/16036","targetHints":{"allow":["GET"]}}],"collection":[{"href":"https:\/\/blogs.deia.eus\/anasagasti\/wp-json\/wp\/v2\/posts"}],"about":[{"href":"https:\/\/blogs.deia.eus\/anasagasti\/wp-json\/wp\/v2\/types\/post"}],"author":[{"embeddable":true,"href":"https:\/\/blogs.deia.eus\/anasagasti\/wp-json\/wp\/v2\/users\/19"}],"replies":[{"embeddable":true,"href":"https:\/\/blogs.deia.eus\/anasagasti\/wp-json\/wp\/v2\/comments?post=16036"}],"version-history":[{"count":1,"href":"https:\/\/blogs.deia.eus\/anasagasti\/wp-json\/wp\/v2\/posts\/16036\/revisions"}],"predecessor-version":[{"id":16038,"href":"https:\/\/blogs.deia.eus\/anasagasti\/wp-json\/wp\/v2\/posts\/16036\/revisions\/16038"}],"wp:attachment":[{"href":"https:\/\/blogs.deia.eus\/anasagasti\/wp-json\/wp\/v2\/media?parent=16036"}],"wp:term":[{"taxonomy":"category","embeddable":true,"href":"https:\/\/blogs.deia.eus\/anasagasti\/wp-json\/wp\/v2\/categories?post=16036"},{"taxonomy":"post_tag","embeddable":true,"href":"https:\/\/blogs.deia.eus\/anasagasti\/wp-json\/wp\/v2\/tags?post=16036"}],"curies":[{"name":"wp","href":"https:\/\/api.w.org\/{rel}","templated":true}]}}