{"id":16039,"date":"2022-04-30T15:10:27","date_gmt":"2022-04-30T13:10:27","guid":{"rendered":"https:\/\/blogs.deia.eus\/anasagasti\/?p=16039"},"modified":"2022-04-30T15:10:29","modified_gmt":"2022-04-30T13:10:29","slug":"alianza-psoe-pp-en-navarra-para-descabalgar-a-los-nacionalistas","status":"publish","type":"post","link":"https:\/\/blogs.deia.eus\/anasagasti\/2022\/04\/30\/alianza-psoe-pp-en-navarra-para-descabalgar-a-los-nacionalistas\/","title":{"rendered":"\u00bfAlianza PSOE- PP en Navarra para descabalgar a los nacionalistas?"},"content":{"rendered":"\n<p><strong>S\u00e1bado 30 de abril de 2022<\/strong><\/p>\n\n\n\n<div class=\"wp-block-image\"><figure class=\"aligncenter size-large\"><a href=\"https:\/\/blogs.deia.eus\/anasagasti\/files\/2022\/04\/Parlamento_de_Navarra.jpg\"><img loading=\"lazy\" decoding=\"async\" width=\"940\" height=\"627\" src=\"https:\/\/blogs.deia.eus\/anasagasti\/files\/2022\/04\/Parlamento_de_Navarra-940x627.jpg\" alt=\"\" class=\"wp-image-16040\" srcset=\"https:\/\/blogs.deia.eus\/anasagasti\/files\/2022\/04\/Parlamento_de_Navarra-940x627.jpg 940w, https:\/\/blogs.deia.eus\/anasagasti\/files\/2022\/04\/Parlamento_de_Navarra-580x387.jpg 580w, https:\/\/blogs.deia.eus\/anasagasti\/files\/2022\/04\/Parlamento_de_Navarra-768x512.jpg 768w, https:\/\/blogs.deia.eus\/anasagasti\/files\/2022\/04\/Parlamento_de_Navarra.jpg 1024w\" sizes=\"auto, (max-width: 940px) 100vw, 940px\" \/><\/a><\/figure><\/div>\n\n\n\n<p><strong>La formaci\u00f3n de un \u201cGobierno Progresista\u201d presidido por Mar\u00eda Chivite e integrado por miembros de Geroa Bai y Podemos-Ahal Dugu, (contando con la colaboraci\u00f3n externa de I-E y Bildu), habr\u00eda dejado condenado a Navarra Suma al ostracismo pol\u00edtico tras elegir Chivite a EH Bildu como socio preferente en la aprobaci\u00f3n de los Presupuestos, forzando a Esparza a asumir el papel de la confrontaci\u00f3n permanente. Sin embargo,&nbsp;Chivite habr\u00eda dado ya por amortizado el Gobierno de Progreso que esta<em>r\u00eda sumido en una crisis insoluble<\/em>&nbsp;debido a la desconfianza mutua entre sus socios, lo que en la pr\u00e1ctica se traduce en un Gobierno monocolor del PSN&nbsp;con el apoyo externo de Navarra Suma que vendr\u00eda refrendado por las votaciones conjuntas del PSN y Navarra Suma en asuntos como la actualizaci\u00f3n del Convenio Econ\u00f3mico y la conversi\u00f3n del PAI en un nuevo Modelo Educativo, no siendo descartable la reedici\u00f3n de la Teor\u00eda del Quesito sanziana tras las pr\u00f3ximas Elecciones Forales del 2023.<\/strong><\/p>\n\n\n\n<p><strong>Tradicionalmente se ha considerado que UPN estar\u00eda formado por dos sectores caricaturizados como el de la toga y el de la boina, que har\u00eda referencia al sector de votantes de UPN de filiaci\u00f3n urbana frente al sector rural de la Zona Media y Ribera de Navarra. y tras la celebraci\u00f3n del 40 aniversario de UPN, Miguel Sanz habr\u00eda plasmado las inquietudes de la corriente interna de UPN conocida como \u201csector de la boina\u201d. En dichas declaraciones, Sanz advierte que&nbsp;<em>\u201cla imagen de UPN est\u00e1 un poco confundida en Na+<\/em>\u201d y posteriormente, apostilla que&nbsp;<em>\u201ctenemos que volver a recuperar el alma y que nuestras siglas sigan apareciendo en cuantas iniciativas pol\u00edticas se tomen en Na+\u201d.<\/em><\/strong><\/p>\n\n\n\n<p><strong><em>As\u00ed,&nbsp;<\/em><\/strong><strong>la formaci\u00f3n de un \u201c<em>Gobierno Progresista\u201d<\/em>&nbsp;presidido por Mar\u00eda Chivite e integrado por miembros de Geroa Bai y Podemos-Ahal Dugu, (contando con la colaboraci\u00f3n externa de I-E y Bildu), dej\u00f3 a Navarra Suma en el limbo pol\u00edtico a pesar de ser la candidatura m\u00e1s votada y obtener 20 esca\u00f1os en el Parlamento Foral.&nbsp;<em>Sin embargo,&nbsp;<\/em>la crisis entre los socios del Gobierno de Progreso&nbsp;abre la posibilidad de un<em>&nbsp;debate interno en el seno de UPN entre los sectores de la boina y de la toga<\/em>&nbsp;que podr\u00eda concluir con la salida de UPN de la coalici\u00f3n Navarra Suma con el objetivo inequ\u00edvoco de recuperar su identidad primigenia&nbsp;<em>(navarrista y foralista)<\/em>&nbsp;que hab\u00edan quedado diluidas en Navarra Suma y reeditar en un futuro mediato la&nbsp;<em>Teor\u00eda del Quesito sanziana<\/em>, <em>consistente en el reparto del Poder en Navarra entre UPN y el PSN<\/em>.<\/strong><\/p>\n\n\n\n<p><strong>En consecuencia,&nbsp;UPN deber\u00e1 revisar su actual estrategia pol\u00edtica e incorporar a su bagaje pol\u00edtico la llamada inteligencia maquiav\u00e9lica, consistente en \u201c<em>el uso de comportamientos cooperativos que le puedan reportar mayores posibilidades de adaptaci\u00f3n en funci\u00f3n de una situaci\u00f3n concreta\u201d<\/em>. Asimismo, la inteligencia medi\u00e1tica se distingue por una extraordinaria capacidad para encontrar las debilidades ajenas y utilizarlas en beneficio propio as\u00ed como de realizar acciones complejas que pueden no ser entendidas en un principio por sus votantes&nbsp;<em>(ruptura de la coalici\u00f3n Navarra Suma)<\/em>, pues sus metas se proyectan hacia un futuro mediato&nbsp;(<em>cogobernanza con el PSN y condena al ostracismo de los partidos abertzales).<\/em><\/strong><\/p>\n\n\n\n<p><strong>GERM\u00c1N GORRAIZ L\u00d3PEZ-Analista<\/strong><\/p>\n<!-- AddThis Advanced Settings generic via filter on the_content --><!-- AddThis Share Buttons generic via filter on the_content -->","protected":false},"excerpt":{"rendered":"<p>S\u00e1bado 30 de abril de 2022 La formaci\u00f3n de un \u201cGobierno Progresista\u201d presidido por Mar\u00eda Chivite e integrado por miembros de Geroa Bai y Podemos-Ahal Dugu, (contando con la colaboraci\u00f3n externa de I-E y Bildu), habr\u00eda dejado condenado a Navarra Suma al ostracismo pol\u00edtico tras elegir Chivite a EH Bildu como socio preferente en la &hellip; <a href=\"https:\/\/blogs.deia.eus\/anasagasti\/2022\/04\/30\/alianza-psoe-pp-en-navarra-para-descabalgar-a-los-nacionalistas\/\" class=\"more-link\">Sigue leyendo <span class=\"screen-reader-text\">\u00bfAlianza PSOE- PP en Navarra para descabalgar a los nacionalistas?<\/span><\/a><!-- AddThis Advanced Settings generic via filter on get_the_excerpt --><!-- AddThis Share Buttons generic via filter on get_the_excerpt --><\/p>\n","protected":false},"author":19,"featured_media":0,"comment_status":"open","ping_status":"open","sticky":false,"template":"","format":"standard","meta":{"footnotes":""},"categories":[1],"tags":[],"class_list":["post-16039","post","type-post","status-publish","format-standard","hentry","category-general"],"_links":{"self":[{"href":"https:\/\/blogs.deia.eus\/anasagasti\/wp-json\/wp\/v2\/posts\/16039","targetHints":{"allow":["GET"]}}],"collection":[{"href":"https:\/\/blogs.deia.eus\/anasagasti\/wp-json\/wp\/v2\/posts"}],"about":[{"href":"https:\/\/blogs.deia.eus\/anasagasti\/wp-json\/wp\/v2\/types\/post"}],"author":[{"embeddable":true,"href":"https:\/\/blogs.deia.eus\/anasagasti\/wp-json\/wp\/v2\/users\/19"}],"replies":[{"embeddable":true,"href":"https:\/\/blogs.deia.eus\/anasagasti\/wp-json\/wp\/v2\/comments?post=16039"}],"version-history":[{"count":1,"href":"https:\/\/blogs.deia.eus\/anasagasti\/wp-json\/wp\/v2\/posts\/16039\/revisions"}],"predecessor-version":[{"id":16041,"href":"https:\/\/blogs.deia.eus\/anasagasti\/wp-json\/wp\/v2\/posts\/16039\/revisions\/16041"}],"wp:attachment":[{"href":"https:\/\/blogs.deia.eus\/anasagasti\/wp-json\/wp\/v2\/media?parent=16039"}],"wp:term":[{"taxonomy":"category","embeddable":true,"href":"https:\/\/blogs.deia.eus\/anasagasti\/wp-json\/wp\/v2\/categories?post=16039"},{"taxonomy":"post_tag","embeddable":true,"href":"https:\/\/blogs.deia.eus\/anasagasti\/wp-json\/wp\/v2\/tags?post=16039"}],"curies":[{"name":"wp","href":"https:\/\/api.w.org\/{rel}","templated":true}]}}