{"id":16045,"date":"2022-05-02T14:52:57","date_gmt":"2022-05-02T12:52:57","guid":{"rendered":"https:\/\/blogs.deia.eus\/anasagasti\/?p=16045"},"modified":"2022-05-02T14:53:00","modified_gmt":"2022-05-02T12:53:00","slug":"ojala-en-iparralde-no-le-voten-a-melenchon","status":"publish","type":"post","link":"https:\/\/blogs.deia.eus\/anasagasti\/2022\/05\/02\/ojala-en-iparralde-no-le-voten-a-melenchon\/","title":{"rendered":"Ojal\u00e1 en Iparralde no le voten a Melenchon"},"content":{"rendered":"\n<p><strong>Lunes 2 de mayo de 2022<\/strong><\/p>\n\n\n\n<div class=\"wp-block-image\"><figure class=\"aligncenter size-large\"><a href=\"https:\/\/blogs.deia.eus\/anasagasti\/files\/2022\/05\/Melenchon_1.jpg\"><img loading=\"lazy\" decoding=\"async\" width=\"940\" height=\"540\" src=\"https:\/\/blogs.deia.eus\/anasagasti\/files\/2022\/05\/Melenchon_1-940x540.jpg\" alt=\"\" class=\"wp-image-16046\" srcset=\"https:\/\/blogs.deia.eus\/anasagasti\/files\/2022\/05\/Melenchon_1-940x540.jpg 940w, https:\/\/blogs.deia.eus\/anasagasti\/files\/2022\/05\/Melenchon_1-580x333.jpg 580w, https:\/\/blogs.deia.eus\/anasagasti\/files\/2022\/05\/Melenchon_1-768x441.jpg 768w, https:\/\/blogs.deia.eus\/anasagasti\/files\/2022\/05\/Melenchon_1.jpg 1024w\" sizes=\"auto, (max-width: 940px) 100vw, 940px\" \/><\/a><\/figure><\/div>\n\n\n\n<p>Hablo de pol\u00edtica francesa pero antes recordar que cuando hace un a\u00f1o Macron denunci\u00f3 escuchas inamistosas en su tel\u00e9fono, el CNI espa\u00f1ol, tan preocupado en defender al rey em\u00e9rito y sus amantes, no hizo nada. Este esc\u00e1ndalo es de hace un a\u00f1o, pero aqu\u00ed solo es importante si le esp\u00edan a S\u00e1nchez y a la impresentable Margarita Robles, que todav\u00eda no ha presentado su dimisi\u00f3n.<\/p>\n\n\n\n<p>El &nbsp;12 y el 19 de junio hay elecciones legislativas en Francia. Jean Luc Melenchon pol\u00edtico franc\u00e9s nacido en T\u00e1nger (Marruecos) &nbsp;dijo, tras perder en la primera vuelta &nbsp;de las elecciones presidenciales, con un buen resultado,&nbsp; que le importaba un pito la segunda vuelta y si ganaba Macron o Le Pen, porque &nbsp;lo suyo era la tercera vuelta, estas legislativas, y que \u00e9l iba a ser el presidente del gobierno franc\u00e9s. Todo un dem\u00f3crata.<\/p>\n\n\n\n<p>En su exabrupto antidemocr\u00e1tico no dijo de presidir un gobierno en cohabitaci\u00f3n con Macron, pues no le dio ni una brizna de aire a la &nbsp;candidatura &nbsp;de \u00e9ste frente a Marine Le Pen. Parec\u00eda que le daba lo mismo que ganara Le Pen o Macron. Y quiz\u00e1s &nbsp;tiene su explicaci\u00f3n en las ofertas autoritarias de los dos. Pesca &nbsp;Melenchon en los mismos caladeros antieuropeos, anti OTAN &nbsp;que la ultraderecha y en ese acercamiento al mundo sindical coincide con Le Pen. Mucho voto de izquierda se lo llev\u00f3 Le Pen en la segunda vuelta &nbsp;de Melenchon, por culpa, entre otros de Melenchon. L\u00f3gicamente tambi\u00e9n por Macron, el menos malo de los candidatos si creemos en Europa y en poner pie en pared frente a Putin. Cosa no menor y con la que no se puede jugar como jug\u00f3 Malenchon, que es un peligro para la idea europea y su defensa. Y como vascos, por considerar que en Francia, la lengua oficial es el franc\u00e9s y las dem\u00e1s son peque\u00f1os dialectos, no necesitados ni de reconocimiento ni de ayuda.<\/p>\n\n\n\n<p>El Partido Socialista se dio el batacazo de su vida. No lleg\u00f3 al 2% en la primera vuelta siendo la alcaldesa de Par\u00eds, Anne Hidalgo su candidata. Algo han hecho muy mal pero tambi\u00e9n de esto es culpable Melenchon que siendo uno de los puntales socialistas, como no se hac\u00eda lo que \u00e9l dec\u00eda se sali\u00f3 del Partido socialista y cre\u00f3 Francia Insumisa cuyo nombre se las trae. Es la izquierda demagoga de siempre, la autoritaria, la que llegada al poder no hay forma de sacarla de all\u00ed. Ejemplos hay muchos.<\/p>\n\n\n\n<p>Jean Luc Melenchon ha ganado la batalla dentro de la izquierda y ha construido un polo de referencia en torno a su propio programa y a su propia personalidad. El problema de la izquierda es que no tiene personalidades destacables&nbsp; para encarnar un proyecto. \u00c9l lo la &nbsp;hace vulnerable a diferencia de fuertes personalidades hist\u00f3ricas como lo hizo en su tiempo Miterrand&nbsp; pero previamente Melenchon ha contribuido a destrozar&nbsp; el partido socialista y con un ego sideral tiene una importante proyecci\u00f3n personal. Si ganase desatar\u00eda una guerra a muerte contra Macron, algo que nos afectar\u00eda tambi\u00e9n a nosotros.<\/p>\n\n\n\n<p>El de Melenchon es m\u00e1s un movimiento comparado con el Partido Socialista-como dice el polit\u00f3logo Sami Nair- e incluso los Verdes. El ex presidente Francois Hollande, socialista, lo tiene claro y no quiere que su partido pacte con Melenchon porque como dice \u201csignificar\u00eda que el PS renunciar\u00eda a su vocaci\u00f3n europea porque Melenchon preconiza la desobediencia de los tratados europeos. Tambi\u00e9n marcar\u00eda la salida de Francia de la OTAN&nbsp; que no podr\u00eda seguir ayudando a Ucrania en su guerra contra Putin. Al ex presidente no le gusta que su partido desaparezca engullido por un se\u00f1or en el que el europe\u00edsmo, la justicia social, la lucha contra el cambio clim\u00e1tico y otras conquistas ser\u00edan puestas patas arriba. Con &nbsp;este personaje estar\u00edan en el alero.<\/p>\n\n\n\n<p>Ante estas resistencias internas el secretario general del PS advirti\u00f3 que romp\u00eda la negociaci\u00f3n &nbsp;entre los dos partidos &nbsp;pidi\u00e9ndole a Melenchon se apartara de su &nbsp;l\u00f3gica hegem\u00f3nica&nbsp; y &nbsp;de su ausencia de pluralidad. El tipo debe ser de un autoritario subido, tipo Hugo Ch\u00e1vez.<\/p>\n\n\n\n<p>En definitiva. Que ojal\u00e1 en Iparralde no vaya un solo voto para este personaje mesi\u00e1nico que tensar\u00eda la pol\u00edtica en Europa logrando situaciones de gran enfrentamiento, y no ser\u00eda nada bueno para la convivencia en Iparralde.<\/p>\n\n\n\n<p>Nosotros a\u00f1adimos que tambi\u00e9n ser\u00eda malo para el euskera ya que para este franc\u00e9s jacobino y centralista el euskera &nbsp;&nbsp;no es una lengua y solo existe el franc\u00e9s como idioma oficial. En resumen un chavista harto peligroso para la convivencia.<\/p>\n<!-- AddThis Advanced Settings generic via filter on the_content --><!-- AddThis Share Buttons generic via filter on the_content -->","protected":false},"excerpt":{"rendered":"<p>Lunes 2 de mayo de 2022 Hablo de pol\u00edtica francesa pero antes recordar que cuando hace un a\u00f1o Macron denunci\u00f3 escuchas inamistosas en su tel\u00e9fono, el CNI espa\u00f1ol, tan preocupado en defender al rey em\u00e9rito y sus amantes, no hizo nada. Este esc\u00e1ndalo es de hace un a\u00f1o, pero aqu\u00ed solo es importante si le &hellip; <a href=\"https:\/\/blogs.deia.eus\/anasagasti\/2022\/05\/02\/ojala-en-iparralde-no-le-voten-a-melenchon\/\" class=\"more-link\">Sigue leyendo <span class=\"screen-reader-text\">Ojal\u00e1 en Iparralde no le voten a Melenchon<\/span><\/a><!-- AddThis Advanced Settings generic via filter on get_the_excerpt --><!-- AddThis Share Buttons generic via filter on get_the_excerpt --><\/p>\n","protected":false},"author":19,"featured_media":0,"comment_status":"open","ping_status":"open","sticky":false,"template":"","format":"standard","meta":{"footnotes":""},"categories":[1],"tags":[],"class_list":["post-16045","post","type-post","status-publish","format-standard","hentry","category-general"],"_links":{"self":[{"href":"https:\/\/blogs.deia.eus\/anasagasti\/wp-json\/wp\/v2\/posts\/16045","targetHints":{"allow":["GET"]}}],"collection":[{"href":"https:\/\/blogs.deia.eus\/anasagasti\/wp-json\/wp\/v2\/posts"}],"about":[{"href":"https:\/\/blogs.deia.eus\/anasagasti\/wp-json\/wp\/v2\/types\/post"}],"author":[{"embeddable":true,"href":"https:\/\/blogs.deia.eus\/anasagasti\/wp-json\/wp\/v2\/users\/19"}],"replies":[{"embeddable":true,"href":"https:\/\/blogs.deia.eus\/anasagasti\/wp-json\/wp\/v2\/comments?post=16045"}],"version-history":[{"count":1,"href":"https:\/\/blogs.deia.eus\/anasagasti\/wp-json\/wp\/v2\/posts\/16045\/revisions"}],"predecessor-version":[{"id":16047,"href":"https:\/\/blogs.deia.eus\/anasagasti\/wp-json\/wp\/v2\/posts\/16045\/revisions\/16047"}],"wp:attachment":[{"href":"https:\/\/blogs.deia.eus\/anasagasti\/wp-json\/wp\/v2\/media?parent=16045"}],"wp:term":[{"taxonomy":"category","embeddable":true,"href":"https:\/\/blogs.deia.eus\/anasagasti\/wp-json\/wp\/v2\/categories?post=16045"},{"taxonomy":"post_tag","embeddable":true,"href":"https:\/\/blogs.deia.eus\/anasagasti\/wp-json\/wp\/v2\/tags?post=16045"}],"curies":[{"name":"wp","href":"https:\/\/api.w.org\/{rel}","templated":true}]}}