{"id":16048,"date":"2022-05-03T14:18:57","date_gmt":"2022-05-03T12:18:57","guid":{"rendered":"https:\/\/blogs.deia.eus\/anasagasti\/?p=16048"},"modified":"2022-05-03T14:19:00","modified_gmt":"2022-05-03T12:19:00","slug":"cesaran-a-margarita-robles","status":"publish","type":"post","link":"https:\/\/blogs.deia.eus\/anasagasti\/2022\/05\/03\/cesaran-a-margarita-robles\/","title":{"rendered":"\u00bfCesar\u00e1n a Margarita Robles?"},"content":{"rendered":"\n<p><strong>Martes 3 de mayo de 2022<\/strong><\/p>\n\n\n\n<div class=\"wp-block-image\"><figure class=\"aligncenter size-large\"><a href=\"https:\/\/blogs.deia.eus\/anasagasti\/files\/2022\/05\/margarita-robles-scaled-e1651078960906.jpg\"><img loading=\"lazy\" decoding=\"async\" width=\"940\" height=\"528\" src=\"https:\/\/blogs.deia.eus\/anasagasti\/files\/2022\/05\/margarita-robles-scaled-e1651078960906-940x528.jpg\" alt=\"\" class=\"wp-image-16049\" srcset=\"https:\/\/blogs.deia.eus\/anasagasti\/files\/2022\/05\/margarita-robles-scaled-e1651078960906-940x528.jpg 940w, https:\/\/blogs.deia.eus\/anasagasti\/files\/2022\/05\/margarita-robles-scaled-e1651078960906-580x326.jpg 580w, https:\/\/blogs.deia.eus\/anasagasti\/files\/2022\/05\/margarita-robles-scaled-e1651078960906-768x431.jpg 768w, https:\/\/blogs.deia.eus\/anasagasti\/files\/2022\/05\/margarita-robles-scaled-e1651078960906.jpg 1024w\" sizes=\"auto, (max-width: 940px) 100vw, 940px\" \/><\/a><\/figure><\/div>\n\n\n\n<p>\u00bfYa se f\u00eda alguien de la palabra de este gobierno o estado o pa\u00eds o de sus representantes&#8230;? (la picaresca y la chapuza de siempre, mentiras, ocurrencias, corruptelas y esperpentos varios, salir de la situaci\u00f3n del momento como sea, aunque no quede nada para ma\u00f1ana, lo hemos visto tantas veces&#8230;).<\/p>\n\n\n\n<p>Lo de espiar a S\u00e1nchez y Robles es de hace un a\u00f1o&#8230;, \u00bfy sale ahora?, andan diciendo a ver si lo de Pegasus lo han utilizado varios&#8230;? \u00bfque si tambi\u00e9n se ha utilizado en otros pa\u00edses, al final todo liado, nada se aclara y a otra cosa mariposa que aqu\u00ed, como de costumbre, no dimite nadie. Si esto es as\u00ed, si se ha investigado al presidente y una ministra, habr\u00eda que saber qui\u00e9n manda realmente en Espa\u00f1a&#8230;, quien est\u00e1 tras espiar a pol\u00edticos, ministros, presidentes de gobierno (\u00bfjefes de estado&#8230;?), etc., hay que saber tambi\u00e9n qui\u00e9nes son los espiados (justo, justo, el presidente de gobierno y la ministra de defensa que est\u00e1n en tela de juicio, no ser\u00e1n&#8230;, deber\u00e1n ser algunos m\u00e1s, \u00bfno?) y si esto es as\u00ed, \u00bfqui\u00e9n es ese poder real en Espa\u00f1a? y \u00bfdesde cu\u00e1ndo manda?.<\/p>\n\n\n\n<p>Ahora, he escuchado decir, que se \u00absupone\u00bb que ha sido un estado extranjero o una multinacional (aunque seg\u00fan dicen, Pegasus solo lo pueden utilizar estados&#8230;). \u00bfSer\u00eda la \u00fanica vez que un pa\u00eds extranjero esp\u00eda a Espa\u00f1a a ese alto nivel o Espa\u00f1a es una especie de colador donde el que quiere echar un vistazo lo hace impunemente?, \u00bfqui\u00e9n lo hace y desde cu\u00e1ndo?. Aunque la ministra ya dec\u00eda que hab\u00eda sido el CNI y que era legal. Pero bueno, vamos a pensar que es as\u00ed, \u00bfqui\u00e9n ha podido hacer esto?, un buen candidato ser\u00eda Marruecos&#8230; (aunque en los independentistas no s\u00e9 si estar\u00edan muy interesados&#8230; y claro, si eso es as\u00ed, \u00bfno habr\u00eda que romper relaciones con Marruecos&#8230;?), lo m\u00e1s \u00abconveniente\u00bb es que surjan palabras como China o Rusia (nunca USA&#8230;, aunque en la \u00e9poca de Obama ya se habl\u00f3 de que USA espi\u00f3 a presidentes de la Uni\u00f3n Europea&#8230;), pero dado como est\u00e1 ahora la situaci\u00f3n internacional, lo \u00abideal\u00bb ser\u00eda \u00abRUSIA\u00bb&#8230; (si fuese Franco dir\u00eda que es una confabulaci\u00f3n extranjera contra Espa\u00f1a hecha por los judeo masones, como sol\u00eda decirlo&#8230;).<\/p>\n\n\n\n<p>De esta forma se dan explicaciones a los independentistas, se salva el gobierno, no dimite nadie, se salva el CNI y como por la guerra ya hay (en estos momentos) malas relaciones con Rusia, no te enfadas con ning\u00fan otro pa\u00eds. Eso s\u00ed, en el pasado ya se ha hablado de escuchas a pol\u00edticos y altos cargos y no era desde fuera del pa\u00eds, por lo que ya pueden ser escuchas externas y que se haga una investigaci\u00f3n profunda que llegue hasta el final (\u00bfqu\u00e9 pa\u00eds ha sido?, \u00bfva a dimitir alguien de la seguridad espa\u00f1ola?, alguien deber\u00eda dimitir en el CNI, ej\u00e9rcito y\/o polic\u00eda, al parecer es el \u00fanico jefe de gobierno al que le ha pasado, por lo que \u00bfdimitir\u00e1 alguien?, \u00bfcu\u00e1ndo y qui\u00e9n&#8230;?, \u00bfse va tomar alguna medida contra dicho pa\u00eds?, \u00abigual\u00bb la investigaci\u00f3n lleva a\u00f1os y se va perdiendo el inter\u00e9s y para los resultados ya no gobierna el PSOE&#8230;).<\/p>\n\n\n\n<p>Pero, si esto de los esp\u00edas desde fuera no fuese cierto, pienso que ya no habr\u00eda ning\u00fan futuro para este gobierno del PSOE&#8230;, no solo te esp\u00edan, sino que adem\u00e1s te mienten y te toman por tonto pensando que va a colar&#8230; y adem\u00e1s, ser\u00eda la constataci\u00f3n de algo mucho m\u00e1s grave que viene o ya est\u00e1 o ha estado desde siempre, que hoy investigan a los independentistas, ma\u00f1ana a la oposici\u00f3n, pasado al jefe del estado, al otro dentro de los propios partidos pol\u00edticos los unos a los otros y finalmente a cualquiera o incluso a todos&#8230; y entonces ya ni pseudo democracia, sino democracia ninguna&#8230;, si existe un estado profundo (que ya nos dado muestras de existir desde que muri\u00f3 Franco), el no terminar con esto, solo ser\u00eda una huida hacia adelante, pan para hoy y hambre segura para ma\u00f1ana.<\/p>\n\n\n\n<p>Sony<\/p>\n<!-- AddThis Advanced Settings generic via filter on the_content --><!-- AddThis Share Buttons generic via filter on the_content -->","protected":false},"excerpt":{"rendered":"<p>Martes 3 de mayo de 2022 \u00bfYa se f\u00eda alguien de la palabra de este gobierno o estado o pa\u00eds o de sus representantes&#8230;? (la picaresca y la chapuza de siempre, mentiras, ocurrencias, corruptelas y esperpentos varios, salir de la situaci\u00f3n del momento como sea, aunque no quede nada para ma\u00f1ana, lo hemos visto tantas &hellip; <a href=\"https:\/\/blogs.deia.eus\/anasagasti\/2022\/05\/03\/cesaran-a-margarita-robles\/\" class=\"more-link\">Sigue leyendo <span class=\"screen-reader-text\">\u00bfCesar\u00e1n a Margarita Robles?<\/span><\/a><!-- AddThis Advanced Settings generic via filter on get_the_excerpt --><!-- AddThis Share Buttons generic via filter on get_the_excerpt --><\/p>\n","protected":false},"author":19,"featured_media":0,"comment_status":"open","ping_status":"open","sticky":false,"template":"","format":"standard","meta":{"footnotes":""},"categories":[1],"tags":[],"class_list":["post-16048","post","type-post","status-publish","format-standard","hentry","category-general"],"_links":{"self":[{"href":"https:\/\/blogs.deia.eus\/anasagasti\/wp-json\/wp\/v2\/posts\/16048","targetHints":{"allow":["GET"]}}],"collection":[{"href":"https:\/\/blogs.deia.eus\/anasagasti\/wp-json\/wp\/v2\/posts"}],"about":[{"href":"https:\/\/blogs.deia.eus\/anasagasti\/wp-json\/wp\/v2\/types\/post"}],"author":[{"embeddable":true,"href":"https:\/\/blogs.deia.eus\/anasagasti\/wp-json\/wp\/v2\/users\/19"}],"replies":[{"embeddable":true,"href":"https:\/\/blogs.deia.eus\/anasagasti\/wp-json\/wp\/v2\/comments?post=16048"}],"version-history":[{"count":1,"href":"https:\/\/blogs.deia.eus\/anasagasti\/wp-json\/wp\/v2\/posts\/16048\/revisions"}],"predecessor-version":[{"id":16050,"href":"https:\/\/blogs.deia.eus\/anasagasti\/wp-json\/wp\/v2\/posts\/16048\/revisions\/16050"}],"wp:attachment":[{"href":"https:\/\/blogs.deia.eus\/anasagasti\/wp-json\/wp\/v2\/media?parent=16048"}],"wp:term":[{"taxonomy":"category","embeddable":true,"href":"https:\/\/blogs.deia.eus\/anasagasti\/wp-json\/wp\/v2\/categories?post=16048"},{"taxonomy":"post_tag","embeddable":true,"href":"https:\/\/blogs.deia.eus\/anasagasti\/wp-json\/wp\/v2\/tags?post=16048"}],"curies":[{"name":"wp","href":"https:\/\/api.w.org\/{rel}","templated":true}]}}