{"id":16052,"date":"2022-05-04T09:28:06","date_gmt":"2022-05-04T07:28:06","guid":{"rendered":"https:\/\/blogs.deia.eus\/anasagasti\/?p=16052"},"modified":"2022-05-04T09:28:08","modified_gmt":"2022-05-04T07:28:08","slug":"historia-de-un-seguimiento-del-cni-a-joseba-azkarraga","status":"publish","type":"post","link":"https:\/\/blogs.deia.eus\/anasagasti\/2022\/05\/04\/historia-de-un-seguimiento-del-cni-a-joseba-azkarraga\/","title":{"rendered":"Historia de un seguimiento del CNI a Joseba Azkarraga"},"content":{"rendered":"\n<p><strong>Mi\u00e9rcoles 4 de mayo de 2022<\/strong><\/p>\n\n\n\n<div class=\"wp-block-image\"><figure class=\"aligncenter size-large\"><a href=\"https:\/\/blogs.deia.eus\/anasagasti\/files\/2022\/05\/Joseba-Azkarraga.jpg\"><img loading=\"lazy\" decoding=\"async\" width=\"940\" height=\"699\" src=\"https:\/\/blogs.deia.eus\/anasagasti\/files\/2022\/05\/Joseba-Azkarraga-940x699.jpg\" alt=\"\" class=\"wp-image-16053\" srcset=\"https:\/\/blogs.deia.eus\/anasagasti\/files\/2022\/05\/Joseba-Azkarraga-940x699.jpg 940w, https:\/\/blogs.deia.eus\/anasagasti\/files\/2022\/05\/Joseba-Azkarraga-580x432.jpg 580w, https:\/\/blogs.deia.eus\/anasagasti\/files\/2022\/05\/Joseba-Azkarraga-768x572.jpg 768w, https:\/\/blogs.deia.eus\/anasagasti\/files\/2022\/05\/Joseba-Azkarraga.jpg 1024w\" sizes=\"auto, (max-width: 940px) 100vw, 940px\" \/><\/a><\/figure><\/div>\n\n\n\n<p>El pasado lunes estuve en la SER\u00a0 con Joseba Azkarraga. Eva Domaika nos hab\u00eda llamado para que habl\u00e1semos de nuestras experiencias con los servicios de espionaje adscritos al gobierno espa\u00f1ol. Form\u00e9 parte de la Comisi\u00f3n de Secretos Oficiales, la inauguramos en tiempos del general Javier Calder\u00f3n y Joseba Azkarraga, quien fuera senador, diputado, Consejero del Gobierno Vasco y dirigente de Sare nos relat\u00f3 una vivencia terrible por burda, inmoral y prepotente que no conoc\u00eda. Hoy le he pedido si tendr\u00eda la amabilidad de cont\u00e1rnosla de forma escrita y he aqu\u00ed su impresionante relato sobre la \u00a0impunidad de un servicio opaco y sin controles.<\/p>\n\n\n\n<p>Fue as\u00ed:<\/p>\n\n\n\n<p><em>\u201cJunio 2015<\/em><\/p>\n\n\n\n<p><em>Mi hija est\u00e1 en los \u00faltimos d\u00edas de embarazo y el m\u00e9dico le dice que es bueno que pasee.<\/em><\/p>\n\n\n\n<p><em>Me acompa\u00f1a andando hasta la sede de Sare, donde ten\u00eda que recoger una documentaci\u00f3n.<\/em><\/p>\n\n\n\n<p><em>Al salir de la sede de Sare, vamos hacia la calle Cruz Blanca y justo en ese momento me topo con dos j\u00f3venes que se dan la vuelta y se quedan mirando un poco el escaparate, para a continuaci\u00f3n seguirnos.<\/em><\/p>\n\n\n\n<p><em>Voy con mi hija andando a la parada del tranv\u00eda en Avda de Gasteiz para dirigirnos hasta la \u00faltima parada en el Barrio Desamparadas.<\/em><\/p>\n\n\n\n<p><em>Estamos sentados esperando la llegada del tranv\u00eda, cuando me percato que uno de estos j\u00f3venes est\u00e1 de pie, esperando el tranv\u00eda.<\/em><\/p>\n\n\n\n<p><em>A mi hija, para no preocuparle no le digo nada de mis sospechas.<\/em><\/p>\n\n\n\n<p><em>Montamos en el tranv\u00eda y cuando estamos llegando a la ante\u00faltima parada, la del Parlamento, es cuando le digo a mi hija que voy a hacer como si me fuera a bajar en esa parada, pero que no lo har\u00e9. Ya en ese momento es cuando le digo&nbsp; que cre\u00eda nos estaban siguiendo.<\/em><\/p>\n\n\n\n<p><em>Llega el tranv\u00eda a la parada del Parlamento y hago un movimiento para bajarme, momento en el que uno de los que nos &nbsp;segu\u00eda hace lo mismo pero llega a bajarse precipitadamente y cuando intenta volver a entrar casi se produce un percance con la puerta que ya se cerraba.<\/em><\/p>\n\n\n\n<p><em>Seguimos hasta la \u00faltima parada y recuerdo que cuando finalice mi etapa en el Gobierno Vasco, la Ertzaintza me proporcion\u00f3 un n\u00famero de tel\u00e9fono para llamar si en alg\u00fan momento ve\u00eda algo extra\u00f1o.<\/em><\/p>\n\n\n\n<p><em>Entend\u00ed que era una buena oportunidad para saber qu\u00e9 es lo que estaba pasando.<\/em><\/p>\n\n\n\n<p><em>Les llamo y comento lo que nos estaba ocurriendo. Me preguntan d\u00f3nde estamos y en cinco minutos se acercaron dos ertzai\u00f1as de paisano. Les indico como uno de los que nos siguen est\u00e1 sentado en unos bancos de la plazoleta de la Iglesia de las Desamparadas.<\/em><\/p>\n\n\n\n<p><em>Me indican un recorrido por el que ir hasta un bar que se llama la Bellota en la calle canciller Ayala y si comprueban &nbsp;que me siguen hasta all\u00ed, les preguntar\u00e1n la raz\u00f3n de su proceder.<\/em><\/p>\n\n\n\n<p><em>En la acera, justo al lado de este bar, les preguntan qui\u00e9nes son. Responden \u201csomos compa\u00f1eros\u201d. Ante esta respuesta les preguntan de qu\u00e9 cuerpo son. Responden que \u201csomos del CNI y tenemos orden de seguirle \u201c.<\/em><\/p>\n\n\n\n<p><em>Los ertzai\u00f1as me lo comentan y mi hija y yo continuamos andando hasta Aretxabaleta que es donde mi hija reside.<\/em><\/p>\n\n\n\n<p><em>Al llegar all\u00ed, junto al Carrefour volv\u00ed a encontrarlos.<\/em><\/p>\n\n\n\n<p><em>Un poco harto de esta situaci\u00f3n, me acerqu\u00e9 y les dije, que hab\u00edan suspendido y se deber\u00edan presentar al examen de setiembre, porque me hab\u00eda dado cuenta de su seguimiento desde que nos vimos en la calle Cruz Blanca.<\/em><\/p>\n\n\n\n<p><em>Su respuesta fue: \u201del que r\u00ede el \u00faltimo r\u00ede dos veces\u201d<\/em><\/p>\n\n\n\n<p><em>Todo esto se produce unos meses despu\u00e9s de que en la manifestaci\u00f3n de Sare el mes de enero de ese mismo a\u00f1o en Bilbo, la Guardia Civil nos requis\u00f3 la recaudaci\u00f3n y hoy es el d\u00eda en que ese dinero, no se ha devuelto\u201d.<\/em><\/p>\n\n\n\n<p>Me imagino que como \u00e9sta habr\u00e1 centenares de situaciones parecidas. Esta, por si sola, ya nos ilustra c\u00f3mo act\u00faa un cuerpo opaco al servicio de la unidad de Espa\u00f1a. \u00bfNo?.<\/p>\n<!-- AddThis Advanced Settings generic via filter on the_content --><!-- AddThis Share Buttons generic via filter on the_content -->","protected":false},"excerpt":{"rendered":"<p>Mi\u00e9rcoles 4 de mayo de 2022 El pasado lunes estuve en la SER\u00a0 con Joseba Azkarraga. Eva Domaika nos hab\u00eda llamado para que habl\u00e1semos de nuestras experiencias con los servicios de espionaje adscritos al gobierno espa\u00f1ol. Form\u00e9 parte de la Comisi\u00f3n de Secretos Oficiales, la inauguramos en tiempos del general Javier Calder\u00f3n y Joseba Azkarraga, &hellip; <a href=\"https:\/\/blogs.deia.eus\/anasagasti\/2022\/05\/04\/historia-de-un-seguimiento-del-cni-a-joseba-azkarraga\/\" class=\"more-link\">Sigue leyendo <span class=\"screen-reader-text\">Historia de un seguimiento del CNI a Joseba Azkarraga<\/span><\/a><!-- AddThis Advanced Settings generic via filter on get_the_excerpt --><!-- AddThis Share Buttons generic via filter on get_the_excerpt --><\/p>\n","protected":false},"author":19,"featured_media":0,"comment_status":"open","ping_status":"open","sticky":false,"template":"","format":"standard","meta":{"footnotes":""},"categories":[1],"tags":[],"class_list":["post-16052","post","type-post","status-publish","format-standard","hentry","category-general"],"_links":{"self":[{"href":"https:\/\/blogs.deia.eus\/anasagasti\/wp-json\/wp\/v2\/posts\/16052","targetHints":{"allow":["GET"]}}],"collection":[{"href":"https:\/\/blogs.deia.eus\/anasagasti\/wp-json\/wp\/v2\/posts"}],"about":[{"href":"https:\/\/blogs.deia.eus\/anasagasti\/wp-json\/wp\/v2\/types\/post"}],"author":[{"embeddable":true,"href":"https:\/\/blogs.deia.eus\/anasagasti\/wp-json\/wp\/v2\/users\/19"}],"replies":[{"embeddable":true,"href":"https:\/\/blogs.deia.eus\/anasagasti\/wp-json\/wp\/v2\/comments?post=16052"}],"version-history":[{"count":1,"href":"https:\/\/blogs.deia.eus\/anasagasti\/wp-json\/wp\/v2\/posts\/16052\/revisions"}],"predecessor-version":[{"id":16054,"href":"https:\/\/blogs.deia.eus\/anasagasti\/wp-json\/wp\/v2\/posts\/16052\/revisions\/16054"}],"wp:attachment":[{"href":"https:\/\/blogs.deia.eus\/anasagasti\/wp-json\/wp\/v2\/media?parent=16052"}],"wp:term":[{"taxonomy":"category","embeddable":true,"href":"https:\/\/blogs.deia.eus\/anasagasti\/wp-json\/wp\/v2\/categories?post=16052"},{"taxonomy":"post_tag","embeddable":true,"href":"https:\/\/blogs.deia.eus\/anasagasti\/wp-json\/wp\/v2\/tags?post=16052"}],"curies":[{"name":"wp","href":"https:\/\/api.w.org\/{rel}","templated":true}]}}