{"id":16173,"date":"2022-06-15T12:45:41","date_gmt":"2022-06-15T10:45:41","guid":{"rendered":"https:\/\/blogs.deia.eus\/anasagasti\/?p=16173"},"modified":"2022-06-15T12:58:43","modified_gmt":"2022-06-15T10:58:43","slug":"si-vas-a-tudela-visita-la-posada-de-la-rubia","status":"publish","type":"post","link":"https:\/\/blogs.deia.eus\/anasagasti\/2022\/06\/15\/si-vas-a-tudela-visita-la-posada-de-la-rubia\/","title":{"rendered":"Si vas a Tudela visita la Posada de la Rubia"},"content":{"rendered":"\n<p><strong>Mi\u00e9rcoles 15 de junio de 2022<\/strong><\/p>\n\n\n\n<figure class=\"wp-block-gallery has-nested-images columns-default is-cropped wp-block-gallery-1 is-layout-flex wp-block-gallery-is-layout-flex\">\n<figure class=\"wp-block-image size-large\"><a href=\"https:\/\/blogs.deia.eus\/anasagasti\/files\/2022\/06\/Ana_Ricardo_Inaki-3.jpg\"><img loading=\"lazy\" decoding=\"async\" width=\"912\" height=\"1422\" data-id=\"16189\" src=\"https:\/\/blogs.deia.eus\/anasagasti\/files\/2022\/06\/Ana_Ricardo_Inaki-3.jpg\" alt=\"\" class=\"wp-image-16189\" srcset=\"https:\/\/blogs.deia.eus\/anasagasti\/files\/2022\/06\/Ana_Ricardo_Inaki-3.jpg 912w, https:\/\/blogs.deia.eus\/anasagasti\/files\/2022\/06\/Ana_Ricardo_Inaki-3-580x904.jpg 580w, https:\/\/blogs.deia.eus\/anasagasti\/files\/2022\/06\/Ana_Ricardo_Inaki-3-768x1197.jpg 768w\" sizes=\"auto, (max-width: 912px) 100vw, 912px\" \/><\/a><\/figure>\n<\/figure>\n\n\n\n<p>La semana pasada estuvimos en Tudela. Conoc\u00eda la ciudad que es espectacular \u00a0pero hac\u00eda mucho tiempo que no volv\u00eda a pisar sus calles\u00a0 de villa \u00a0de tres culturas: Jud\u00eda, \u00e1rabe y cristiana. Y buscando el barrio de la Juder\u00eda se nos acerc\u00f3\u00a0 Agust\u00edn, un Sr. de la limpieza municipal. Nos ilustr\u00f3 amablemente c\u00f3mo se iba al barrio, ya que est\u00e1bamos muy cerca y nos recomend\u00f3 que si quer\u00edamos comer ese d\u00eda en un lugar de gran calidad y buen precio \u00a0llam\u00e1ramos\u00a0 a la Posada \u00a0de la Rubia, bodega que estaba muy cerca en la calle \u00a0Caldereros 5.\u00a0 \u00c9l, con gran simpat\u00eda, nos dijo que ten\u00eda un peque\u00f1o terreno donde cultiva hortalizas y le suministra\u00a0 tomates feos, alcachofas\u00a0 y cogollos y todo lo que es de temporada y\u00a0 bueno.<\/p>\n\n\n\n<figure class=\"wp-block-image size-full\"><a href=\"https:\/\/blogs.deia.eus\/anasagasti\/files\/2022\/06\/Tudela-con-Agustin-9.jpg\"><img loading=\"lazy\" decoding=\"async\" width=\"800\" height=\"550\" src=\"https:\/\/blogs.deia.eus\/anasagasti\/files\/2022\/06\/Tudela-con-Agustin-9.jpg\" alt=\"\" class=\"wp-image-16190\" srcset=\"https:\/\/blogs.deia.eus\/anasagasti\/files\/2022\/06\/Tudela-con-Agustin-9.jpg 800w, https:\/\/blogs.deia.eus\/anasagasti\/files\/2022\/06\/Tudela-con-Agustin-9-580x399.jpg 580w, https:\/\/blogs.deia.eus\/anasagasti\/files\/2022\/06\/Tudela-con-Agustin-9-768x528.jpg 768w\" sizes=\"auto, (max-width: 800px) 100vw, 800px\" \/><\/a><\/figure>\n\n\n\n<p>Sin pensarlo dos veces nos acercamos y encargamos la comida en aquella bodega semicircular, de buena temperatura, con paneles en el techo para que no haya eco y que responde a la iniciativa de Ana y Ricardo, una pareja que se han instalado en Tudela, arreglado una bodega destartalada y sucia y que contin\u00faa el negocio familiar de la madre de Ana en la Rioja, otro local muy conocido&nbsp; y &nbsp;con el nombre de la Rubia.<\/p>\n\n\n\n<p>Ana es persona extrovertida y muy amable que nos cant\u00f3 el men\u00fa, unos platos deliciosos que hac\u00edan justicia a lo que nos hab\u00eda anunciado Agust\u00edn, el barrendero municipal. Tras los postres vino Ricardo, el marido de Ana, nos sacamos una foto y quedamos en que recomendar\u00edamos muy entusiastamente un local tan estupendo para comer lo m\u00e1s t\u00edpico de la huerta y Ribera navarra en una bodega del siglo XVI. Ana nos coment\u00f3 que les iba muy bien y que la gente del barrio es muy amable. Les llevan flores, clientes, y buenos productos, como lo hace Agust\u00edn.<\/p>\n\n\n\n<p>Nos hizo probar el gazpacho de sand\u00eda, la menestra, carrilleras, alb\u00f3ndigas de corzo, canutillos de crema hechos con ca\u00f1as del r\u00edo y tarta de queso. Todo delicioso.<\/p>\n\n\n\n<p>Una buena experiencia en Tudela.<\/p>\n\n\n\n<p>\u00a1Zorionak pareja!!!.<\/p>\n<!-- AddThis Advanced Settings generic via filter on the_content --><!-- AddThis Share Buttons generic via filter on the_content -->","protected":false},"excerpt":{"rendered":"<p>Mi\u00e9rcoles 15 de junio de 2022 La semana pasada estuvimos en Tudela. Conoc\u00eda la ciudad que es espectacular \u00a0pero hac\u00eda mucho tiempo que no volv\u00eda a pisar sus calles\u00a0 de villa \u00a0de tres culturas: Jud\u00eda, \u00e1rabe y cristiana. Y buscando el barrio de la Juder\u00eda se nos acerc\u00f3\u00a0 Agust\u00edn, un Sr. de la limpieza municipal. &hellip; <a href=\"https:\/\/blogs.deia.eus\/anasagasti\/2022\/06\/15\/si-vas-a-tudela-visita-la-posada-de-la-rubia\/\" class=\"more-link\">Sigue leyendo <span class=\"screen-reader-text\">Si vas a Tudela visita la Posada de la Rubia<\/span><\/a><!-- AddThis Advanced Settings generic via filter on get_the_excerpt --><!-- AddThis Share Buttons generic via filter on get_the_excerpt --><\/p>\n","protected":false},"author":19,"featured_media":0,"comment_status":"open","ping_status":"open","sticky":false,"template":"","format":"standard","meta":{"footnotes":""},"categories":[1],"tags":[],"class_list":["post-16173","post","type-post","status-publish","format-standard","hentry","category-general"],"_links":{"self":[{"href":"https:\/\/blogs.deia.eus\/anasagasti\/wp-json\/wp\/v2\/posts\/16173","targetHints":{"allow":["GET"]}}],"collection":[{"href":"https:\/\/blogs.deia.eus\/anasagasti\/wp-json\/wp\/v2\/posts"}],"about":[{"href":"https:\/\/blogs.deia.eus\/anasagasti\/wp-json\/wp\/v2\/types\/post"}],"author":[{"embeddable":true,"href":"https:\/\/blogs.deia.eus\/anasagasti\/wp-json\/wp\/v2\/users\/19"}],"replies":[{"embeddable":true,"href":"https:\/\/blogs.deia.eus\/anasagasti\/wp-json\/wp\/v2\/comments?post=16173"}],"version-history":[{"count":3,"href":"https:\/\/blogs.deia.eus\/anasagasti\/wp-json\/wp\/v2\/posts\/16173\/revisions"}],"predecessor-version":[{"id":16191,"href":"https:\/\/blogs.deia.eus\/anasagasti\/wp-json\/wp\/v2\/posts\/16173\/revisions\/16191"}],"wp:attachment":[{"href":"https:\/\/blogs.deia.eus\/anasagasti\/wp-json\/wp\/v2\/media?parent=16173"}],"wp:term":[{"taxonomy":"category","embeddable":true,"href":"https:\/\/blogs.deia.eus\/anasagasti\/wp-json\/wp\/v2\/categories?post=16173"},{"taxonomy":"post_tag","embeddable":true,"href":"https:\/\/blogs.deia.eus\/anasagasti\/wp-json\/wp\/v2\/tags?post=16173"}],"curies":[{"name":"wp","href":"https:\/\/api.w.org\/{rel}","templated":true}]}}