{"id":16199,"date":"2022-06-19T20:16:49","date_gmt":"2022-06-19T18:16:49","guid":{"rendered":"https:\/\/blogs.deia.eus\/anasagasti\/?p=16199"},"modified":"2022-06-19T20:16:52","modified_gmt":"2022-06-19T18:16:52","slug":"de-la-pobreza-a-la-hambruna-mundial","status":"publish","type":"post","link":"https:\/\/blogs.deia.eus\/anasagasti\/2022\/06\/19\/de-la-pobreza-a-la-hambruna-mundial\/","title":{"rendered":"De la pobreza a la hambruna mundial"},"content":{"rendered":"\n<p><strong>Domingo 19 de junio de 2022<\/strong><\/p>\n\n\n\n<p><em>Seg\u00fan la OIT, desde el 2019 habr\u00eda 21millones de desempleados m\u00e1s en el mundo hasta alcanzar la cifra de 207 millones de parados aunado con un d\u00e9ficit de 175.000 millones de d\u00f3lares en los presupuestos clim\u00e1ticos de los pa\u00edses pobres. Asimismo, seg\u00fan Interm\u00f3n Oxfam, m\u00e1s de 260 millones de personas adicionales engrosar\u00e1n la tasa de poblaci\u00f3n mundial que vivir\u00eda en la absoluta pobreza hasta llegar al 13% de la poblaci\u00f3n mundial, por lo que las autoridades monetarias mundiales deber\u00eda tener como objetivos impulsar la fr\u00e1gil e incipiente recuperaci\u00f3n econ\u00f3mica global, promover una capacidad productiva diversificada y garantizar una evoluci\u00f3n equilibrada de los ingresos.<\/em><\/p>\n\n\n\n<p><em>Sin embargo,&nbsp;<\/em><em>el fen\u00f3meno de la globalizaci\u00f3n econ\u00f3mica ha conseguido que todos los elementos racionales de la econom\u00eda est\u00e9n interrelacionados entre s\u00ed debido a la consolidaci\u00f3n de los oligopolios, la convergencia tecnol\u00f3gica y los acuerdos t\u00e1citos corporativos por lo que&nbsp;<\/em><em>la desbocada inflaci\u00f3n de la econom\u00eda estadounidense podr\u00eda acelerar la subida de tipos del D\u00f3lar y la reducci\u00f3n del programa masivo de compras de bonos por la Fed&nbsp;<\/em><em>(tapering). Ello,&nbsp;<\/em><em>aunado con los efectos colaterales de la guerra de Ucrania en forma de estanflaci\u00f3n,&nbsp;<\/em><em>podr\u00eda provocar que la crisis sist\u00e9mica acabe lastrando la incipiente y fr\u00e1gil recuperaci\u00f3n econ\u00f3mica mundial y desemboque en escenarios de estancamiento econ\u00f3mico secular (<\/em><em>secular stagnation).<\/em><\/p>\n\n\n\n<p><em>Por otra parte, la escalada de los precios del crudo tendr\u00e1 su reflejo en un salvaje encarecimiento de los fletes de transporte y de los fertilizantes agr\u00edcolas lo que aunado con la sequ\u00eda en Canad\u00e1 y EEUU , la ausencia del grano ucraniano debido al conflicto con Rusia y la consecuente aplicaci\u00f3n de restricciones a la exportaci\u00f3n de commodities agr\u00edcolas de pa\u00edses como India para asegurar su autoabastecimiento, podr\u00eda producir el desabastecimiento de los mercados mundiales y el incremento de los precios hasta niveles estratosf\u00e9ricos. Si a ello le sumamos la intervenci\u00f3n de los brokers especulativos en el mercado de futuros de las commodities agr\u00edcolas, el resultado ser\u00eda una espiral de aumentos de precios en las materias primas imposibles de asumir por las econom\u00edas del Primer Mundo y el finiquito de los Objetivos del Tercer Milenio de reducir el hambre en el mundo.<\/em><\/p>\n\n\n\n<p><em>El economista de la<\/em><em>&nbsp;FAO&nbsp;Abdolreza Abbassian<\/em><em>,&nbsp;en declaraciones a&nbsp;<\/em><em>The Associated Press<\/em><em>,&nbsp;se\u00f1al\u00f3 que para alimentar la poblaci\u00f3n mundial, (que llegar\u00e1 a 9.000 millones de personas en el 2050), se necesitar\u00e1 un incremento de 70% de la producci\u00f3n global de alimentos en los pr\u00f3ximos 40 a\u00f1os, tarea que se antoja tit\u00e1nica pues mientras la poblaci\u00f3n mundial crece un 1,55% anual, los rendimientos del trigo (la mayor fuente de prote\u00edna en pa\u00edses pobres), habr\u00edan sufrido un descenso del 1%. As\u00ed, seg\u00fan la FAO, el \u00edndice de precios de cereales habr\u00eda aumentado el 56% en el 2022, estando seg\u00fan la ONU en la antesala de una crisis alimentaria mundial que afectar\u00e1 especialmente a las Antillas, M\u00e9xico, Am\u00e9rica Central, Colombia, Venezuela, Bolivia, Egipto, Cuerno de \u00c1frica, Mongolia, Corea del Norte, India, China, Bangladesh y Sudeste Asi\u00e1tico, ensa\u00f1\u00e1ndose con especial virulencia con el \u00c1frica Subsahariana.<\/em><\/p>\n\n\n\n<p>GERM\u00c1N GORRAIZ L\u00d3PEZ- Analista&nbsp;<\/p>\n<!-- AddThis Advanced Settings generic via filter on the_content --><!-- AddThis Share Buttons generic via filter on the_content -->","protected":false},"excerpt":{"rendered":"<p>Domingo 19 de junio de 2022 Seg\u00fan la OIT, desde el 2019 habr\u00eda 21millones de desempleados m\u00e1s en el mundo hasta alcanzar la cifra de 207 millones de parados aunado con un d\u00e9ficit de 175.000 millones de d\u00f3lares en los presupuestos clim\u00e1ticos de los pa\u00edses pobres. Asimismo, seg\u00fan Interm\u00f3n Oxfam, m\u00e1s de 260 millones de &hellip; <a href=\"https:\/\/blogs.deia.eus\/anasagasti\/2022\/06\/19\/de-la-pobreza-a-la-hambruna-mundial\/\" class=\"more-link\">Sigue leyendo <span class=\"screen-reader-text\">De la pobreza a la hambruna mundial<\/span><\/a><!-- AddThis Advanced Settings generic via filter on get_the_excerpt --><!-- AddThis Share Buttons generic via filter on get_the_excerpt --><\/p>\n","protected":false},"author":19,"featured_media":0,"comment_status":"open","ping_status":"open","sticky":false,"template":"","format":"standard","meta":{"footnotes":""},"categories":[1],"tags":[],"class_list":["post-16199","post","type-post","status-publish","format-standard","hentry","category-general"],"_links":{"self":[{"href":"https:\/\/blogs.deia.eus\/anasagasti\/wp-json\/wp\/v2\/posts\/16199","targetHints":{"allow":["GET"]}}],"collection":[{"href":"https:\/\/blogs.deia.eus\/anasagasti\/wp-json\/wp\/v2\/posts"}],"about":[{"href":"https:\/\/blogs.deia.eus\/anasagasti\/wp-json\/wp\/v2\/types\/post"}],"author":[{"embeddable":true,"href":"https:\/\/blogs.deia.eus\/anasagasti\/wp-json\/wp\/v2\/users\/19"}],"replies":[{"embeddable":true,"href":"https:\/\/blogs.deia.eus\/anasagasti\/wp-json\/wp\/v2\/comments?post=16199"}],"version-history":[{"count":1,"href":"https:\/\/blogs.deia.eus\/anasagasti\/wp-json\/wp\/v2\/posts\/16199\/revisions"}],"predecessor-version":[{"id":16200,"href":"https:\/\/blogs.deia.eus\/anasagasti\/wp-json\/wp\/v2\/posts\/16199\/revisions\/16200"}],"wp:attachment":[{"href":"https:\/\/blogs.deia.eus\/anasagasti\/wp-json\/wp\/v2\/media?parent=16199"}],"wp:term":[{"taxonomy":"category","embeddable":true,"href":"https:\/\/blogs.deia.eus\/anasagasti\/wp-json\/wp\/v2\/categories?post=16199"},{"taxonomy":"post_tag","embeddable":true,"href":"https:\/\/blogs.deia.eus\/anasagasti\/wp-json\/wp\/v2\/tags?post=16199"}],"curies":[{"name":"wp","href":"https:\/\/api.w.org\/{rel}","templated":true}]}}