{"id":16201,"date":"2022-06-20T15:19:09","date_gmt":"2022-06-20T13:19:09","guid":{"rendered":"https:\/\/blogs.deia.eus\/anasagasti\/?p=16201"},"modified":"2022-06-20T15:19:48","modified_gmt":"2022-06-20T13:19:48","slug":"se-salvo-leire","status":"publish","type":"post","link":"https:\/\/blogs.deia.eus\/anasagasti\/2022\/06\/20\/se-salvo-leire\/","title":{"rendered":"Se salv\u00f3 Leire"},"content":{"rendered":"\n<p><strong>Lunes 20 de junio de 2022<\/strong><\/p>\n\n\n<div class=\"wp-block-image\">\n<figure class=\"alignleft size-full is-resized\"><a href=\"https:\/\/blogs.deia.eus\/anasagasti\/files\/2022\/06\/Sara_2-1.jpg\"><img loading=\"lazy\" decoding=\"async\" src=\"https:\/\/blogs.deia.eus\/anasagasti\/files\/2022\/06\/Sara_2-1.jpg\" alt=\"\" class=\"wp-image-16205\" width=\"349\" height=\"466\" srcset=\"https:\/\/blogs.deia.eus\/anasagasti\/files\/2022\/06\/Sara_2-1.jpg 768w, https:\/\/blogs.deia.eus\/anasagasti\/files\/2022\/06\/Sara_2-1-580x773.jpg 580w\" sizes=\"auto, (max-width: 349px) 100vw, 349px\" \/><\/a><\/figure>\n<\/div>\n\n<div class=\"wp-block-image\">\n<figure class=\"alignright size-full is-resized\"><a href=\"https:\/\/blogs.deia.eus\/anasagasti\/files\/2022\/06\/Sara_1-1.jpg\"><img loading=\"lazy\" decoding=\"async\" src=\"https:\/\/blogs.deia.eus\/anasagasti\/files\/2022\/06\/Sara_1-1.jpg\" alt=\"\" class=\"wp-image-16206\" width=\"305\" height=\"488\" \/><\/a><\/figure>\n<\/div>\n\n\n<p>De la quema de estos d\u00edas y de un tal Mendizabal que casi acaba con todo el arte religioso. Menos mal, porque vale la pena visitarlo. Casi desaparece con la absurda \u201cdesamortizaci\u00f3n de&nbsp; Mendizabal\u201d. La base de la Iglesia, la cripta, fue utilizada como establo para reba\u00f1os de ovejas. Lo comento porque nos lo dijo Sara, una l\u00facida gu\u00eda de Zaragoza, que la semana pasada nos ilustr\u00f3 sobre un monasterio, junto al de Iratxe, del que yo hab\u00eda o\u00eddo hablar mucho a D. Manuel de Irujo ya que all\u00ed, previa a la sublevaci\u00f3n militar del 18 de julio de 1936, se reunieron los conspiradores golpistas, con el general Mola a la cabeza, y el alcalde de Estella, Fortunato Aguirre se enter\u00f3, lo denunci\u00f3, la Rep\u00fablica no hizo nada y cuando triunf\u00f3 aquella canallada golpista lo primero que hicieron fue ir a por el alcalde, asesinarlo y echar su cad\u00e1ver a una cuneta.<\/p>\n\n\n\n<p>Hab\u00eda o\u00eddo asimismo hablar del monasterio como lugar donde estaba el pante\u00f3n de los reyes de Navarra, pero hay m\u00e1s tumbas de ellos en Santa Mar\u00eda la Real de Najera que en Leire, algo en Iru\u00f1a y en Orreaga, pero si uno quiere ver, como en El Escorial, a toda la pl\u00e9yade de reyes se tiene que conformar con una urna tras unas rejas y poco m\u00e1s. Al navarrismo no le ha interesado nunca dar la imagen que Navarra fue un estado propio y reconocido, con sus reyes, sus cortes, sus palacios y sus intrigas.<\/p>\n\n\n\n<p>A pesar de todo vale la pena visitarlo y nosotros, por suerte, lo hicimos una semana antes de que los calores se desataran y los monjes tuvieran que ser alojados en Javier.<\/p>\n\n\n\n<p>Leire fue fundado como un monasterio benedictino&nbsp; para pasar posteriormente a estar en manos del C\u00edster. En la actualidad son benedictinos a los que escuchamos cantar gregoriano en la tarde de la visita. En los siglos IX y X, Leire fue &nbsp;uno de los monasterios m\u00e1s importantes de la cristiandad&nbsp; peninsular&nbsp; protegido por el reino de Navarra. El siglo XIX fue un siglo desastroso&nbsp; para las \u00f3rdenes &nbsp;religiosas, ya que tras &nbsp;la desamortizaci\u00f3n de Mendizabal, el conjunto mon\u00e1stico fue abandonado&nbsp; hasta mediados del siglo XX. En 1820 se incautan sus archivos y la biblioteca. Las reliquias de los santos del monasterio se dispersan y el conjunto mon\u00e1stico fue puesto a la veta pero nadie lleg\u00f3 a adquirirlo. Se utilizaba como refugio de pastores. Hasta los huesos de los reyes navarros fueron arrojados por tierra al ser profanado el pante\u00f3n real.<\/p>\n\n\n\n<p>Juan V\u00e1zquez de Mella dijo: \u201dSe dice que este monasterio es el Escorial del Reino, pero es m\u00e1s que el Escorial, porque no solo fue monasterio y convento sino el asiento de la realeza navarra. Era sede episcopal y alc\u00e1zar regio, sala de Cortes y Concilios, faro luminoso de la cultura patria\u201d.<\/p>\n\n\n\n<p>El 6 de noviembre de 1965, el monasterio de Leire recuper\u00f3 la dignidad de Abad\u00eda. El estado de conservaci\u00f3n &nbsp;hoy es muy &nbsp;bueno y la piedra, proveniente de canteras propias que se hallaban en las cercan\u00edas del monasterio es de color dorado. Vimos la cripta que destaca por sus dimensiones y altura as\u00ed como por sus grandes capiteles que se alzan sobre peque\u00f1as columnas. Y nos detuvimos en la Porta Speciosa (puerta preciosa) que es el p\u00f3rtico que se construy\u00f3&nbsp; en el siglo XII.<\/p>\n\n\n\n<p>En el patio de la hospeder\u00eda tomamos un refresco. En la parte interior se hablaba un bello claustro rom\u00e1nico del antiguo monasterio. Este claustro desapareci\u00f3 tras el abandono que hemos comentado. Solo se conserva un capitel&nbsp; hallado en las excavaciones.<\/p>\n\n\n\n<p>En resumen que es una visita imprescindible para ir conociendo de cerca la realidad navarra.<\/p>\n\n\n\n<p><\/p>\n\n\n\n<p><\/p>\n<!-- AddThis Advanced Settings generic via filter on the_content --><!-- AddThis Share Buttons generic via filter on the_content -->","protected":false},"excerpt":{"rendered":"<p>Lunes 20 de junio de 2022 De la quema de estos d\u00edas y de un tal Mendizabal que casi acaba con todo el arte religioso. Menos mal, porque vale la pena visitarlo. Casi desaparece con la absurda \u201cdesamortizaci\u00f3n de&nbsp; Mendizabal\u201d. La base de la Iglesia, la cripta, fue utilizada como establo para reba\u00f1os de ovejas. &hellip; <a href=\"https:\/\/blogs.deia.eus\/anasagasti\/2022\/06\/20\/se-salvo-leire\/\" class=\"more-link\">Sigue leyendo <span class=\"screen-reader-text\">Se salv\u00f3 Leire<\/span><\/a><!-- AddThis Advanced Settings generic via filter on get_the_excerpt --><!-- AddThis Share Buttons generic via filter on get_the_excerpt --><\/p>\n","protected":false},"author":19,"featured_media":0,"comment_status":"open","ping_status":"open","sticky":false,"template":"","format":"standard","meta":{"footnotes":""},"categories":[1],"tags":[],"class_list":["post-16201","post","type-post","status-publish","format-standard","hentry","category-general"],"_links":{"self":[{"href":"https:\/\/blogs.deia.eus\/anasagasti\/wp-json\/wp\/v2\/posts\/16201","targetHints":{"allow":["GET"]}}],"collection":[{"href":"https:\/\/blogs.deia.eus\/anasagasti\/wp-json\/wp\/v2\/posts"}],"about":[{"href":"https:\/\/blogs.deia.eus\/anasagasti\/wp-json\/wp\/v2\/types\/post"}],"author":[{"embeddable":true,"href":"https:\/\/blogs.deia.eus\/anasagasti\/wp-json\/wp\/v2\/users\/19"}],"replies":[{"embeddable":true,"href":"https:\/\/blogs.deia.eus\/anasagasti\/wp-json\/wp\/v2\/comments?post=16201"}],"version-history":[{"count":4,"href":"https:\/\/blogs.deia.eus\/anasagasti\/wp-json\/wp\/v2\/posts\/16201\/revisions"}],"predecessor-version":[{"id":16209,"href":"https:\/\/blogs.deia.eus\/anasagasti\/wp-json\/wp\/v2\/posts\/16201\/revisions\/16209"}],"wp:attachment":[{"href":"https:\/\/blogs.deia.eus\/anasagasti\/wp-json\/wp\/v2\/media?parent=16201"}],"wp:term":[{"taxonomy":"category","embeddable":true,"href":"https:\/\/blogs.deia.eus\/anasagasti\/wp-json\/wp\/v2\/categories?post=16201"},{"taxonomy":"post_tag","embeddable":true,"href":"https:\/\/blogs.deia.eus\/anasagasti\/wp-json\/wp\/v2\/tags?post=16201"}],"curies":[{"name":"wp","href":"https:\/\/api.w.org\/{rel}","templated":true}]}}