{"id":16223,"date":"2022-06-23T14:16:54","date_gmt":"2022-06-23T12:16:54","guid":{"rendered":"https:\/\/blogs.deia.eus\/anasagasti\/?p=16223"},"modified":"2022-06-23T14:16:55","modified_gmt":"2022-06-23T12:16:55","slug":"ha-fallecido-el-presidente-del-pnv-en-venezuela","status":"publish","type":"post","link":"https:\/\/blogs.deia.eus\/anasagasti\/2022\/06\/23\/ha-fallecido-el-presidente-del-pnv-en-venezuela\/","title":{"rendered":"Ha fallecido el presidente del PNV en Venezuela"},"content":{"rendered":"\n<p><strong>Jueves 23 de junio de 2022<\/strong><\/p>\n\n\n<div class=\"wp-block-image\">\n<figure class=\"aligncenter size-full\"><a href=\"https:\/\/blogs.deia.eus\/anasagasti\/files\/2022\/06\/Joseba-Urruzuno-con-sus-hijos.jpg\"><img loading=\"lazy\" decoding=\"async\" width=\"533\" height=\"370\" src=\"https:\/\/blogs.deia.eus\/anasagasti\/files\/2022\/06\/Joseba-Urruzuno-con-sus-hijos.jpg\" alt=\"\" class=\"wp-image-16224\" \/><\/a><\/figure>\n<\/div>\n\n\n<p>Hablamos la semana pasada. Quedamos para la que viene. Joseba Urruzuno estaba en Euzkadi visitando a su familia con su esposa Miren Bego Mugarra. Era el presidente&nbsp; de la Extraterritorial del EAJ-PNV en Venezuela y una persona muy conocida en el Centro Vasco de Caracas. Hab\u00eda jugado en el Deportivo Vasco y era parte de la vida del Centro junto a Miren Bego, otro de los apellidos de aquella colectividad. Su t\u00edo Bernardino fue presidente del Centro Vasco. Y su aita Silvino, toda una referencia. Su hermano el m\u00e9dico de los ni\u00f1os vascos.<\/p>\n\n\n\n<p>Desgraciadamente el mi\u00e9rcoles nos notificaron su s\u00fabito fallecimiento. Todo un mazazo. El funeral ser\u00e1 este viernes en la Catedral de Santiago en Bilbao a las siete de la tarde. De Caracas vienen sus tres hijos Jon, Katalin y Jaizkibel.<\/p>\n\n\n\n<p>Toda una p\u00e9rdida.GB.<\/p>\n<!-- AddThis Advanced Settings generic via filter on the_content --><!-- AddThis Share Buttons generic via filter on the_content -->","protected":false},"excerpt":{"rendered":"<p>Jueves 23 de junio de 2022 Hablamos la semana pasada. Quedamos para la que viene. Joseba Urruzuno estaba en Euzkadi visitando a su familia con su esposa Miren Bego Mugarra. Era el presidente&nbsp; de la Extraterritorial del EAJ-PNV en Venezuela y una persona muy conocida en el Centro Vasco de Caracas. Hab\u00eda jugado en el &hellip; <a href=\"https:\/\/blogs.deia.eus\/anasagasti\/2022\/06\/23\/ha-fallecido-el-presidente-del-pnv-en-venezuela\/\" class=\"more-link\">Sigue leyendo <span class=\"screen-reader-text\">Ha fallecido el presidente del PNV en Venezuela<\/span><\/a><!-- AddThis Advanced Settings generic via filter on get_the_excerpt --><!-- AddThis Share Buttons generic via filter on get_the_excerpt --><\/p>\n","protected":false},"author":19,"featured_media":0,"comment_status":"open","ping_status":"open","sticky":false,"template":"","format":"standard","meta":{"footnotes":""},"categories":[1],"tags":[],"class_list":["post-16223","post","type-post","status-publish","format-standard","hentry","category-general"],"_links":{"self":[{"href":"https:\/\/blogs.deia.eus\/anasagasti\/wp-json\/wp\/v2\/posts\/16223","targetHints":{"allow":["GET"]}}],"collection":[{"href":"https:\/\/blogs.deia.eus\/anasagasti\/wp-json\/wp\/v2\/posts"}],"about":[{"href":"https:\/\/blogs.deia.eus\/anasagasti\/wp-json\/wp\/v2\/types\/post"}],"author":[{"embeddable":true,"href":"https:\/\/blogs.deia.eus\/anasagasti\/wp-json\/wp\/v2\/users\/19"}],"replies":[{"embeddable":true,"href":"https:\/\/blogs.deia.eus\/anasagasti\/wp-json\/wp\/v2\/comments?post=16223"}],"version-history":[{"count":1,"href":"https:\/\/blogs.deia.eus\/anasagasti\/wp-json\/wp\/v2\/posts\/16223\/revisions"}],"predecessor-version":[{"id":16225,"href":"https:\/\/blogs.deia.eus\/anasagasti\/wp-json\/wp\/v2\/posts\/16223\/revisions\/16225"}],"wp:attachment":[{"href":"https:\/\/blogs.deia.eus\/anasagasti\/wp-json\/wp\/v2\/media?parent=16223"}],"wp:term":[{"taxonomy":"category","embeddable":true,"href":"https:\/\/blogs.deia.eus\/anasagasti\/wp-json\/wp\/v2\/categories?post=16223"},{"taxonomy":"post_tag","embeddable":true,"href":"https:\/\/blogs.deia.eus\/anasagasti\/wp-json\/wp\/v2\/tags?post=16223"}],"curies":[{"name":"wp","href":"https:\/\/api.w.org\/{rel}","templated":true}]}}