{"id":16226,"date":"2022-06-24T10:47:17","date_gmt":"2022-06-24T08:47:17","guid":{"rendered":"https:\/\/blogs.deia.eus\/anasagasti\/?p=16226"},"modified":"2022-06-24T10:47:50","modified_gmt":"2022-06-24T08:47:50","slug":"reconocen-lo-que-hemos-ido-donando","status":"publish","type":"post","link":"https:\/\/blogs.deia.eus\/anasagasti\/2022\/06\/24\/reconocen-lo-que-hemos-ido-donando\/","title":{"rendered":"Reconocen lo que hemos ido donando"},"content":{"rendered":"\n<p><strong>Viernes 24 de junio de 2022<\/strong><\/p>\n\n\n<div class=\"wp-block-image\">\n<figure class=\"aligncenter size-large\"><a href=\"https:\/\/blogs.deia.eus\/anasagasti\/files\/2022\/06\/Acto-Archivo-Diaspora.jpg\"><img loading=\"lazy\" decoding=\"async\" width=\"940\" height=\"412\" src=\"https:\/\/blogs.deia.eus\/anasagasti\/files\/2022\/06\/Acto-Archivo-Diaspora-940x412.jpg\" alt=\"\" class=\"wp-image-16227\" srcset=\"https:\/\/blogs.deia.eus\/anasagasti\/files\/2022\/06\/Acto-Archivo-Diaspora-940x412.jpg 940w, https:\/\/blogs.deia.eus\/anasagasti\/files\/2022\/06\/Acto-Archivo-Diaspora-580x254.jpg 580w, https:\/\/blogs.deia.eus\/anasagasti\/files\/2022\/06\/Acto-Archivo-Diaspora-768x337.jpg 768w, https:\/\/blogs.deia.eus\/anasagasti\/files\/2022\/06\/Acto-Archivo-Diaspora.jpg 1024w\" sizes=\"auto, (max-width: 940px) 100vw, 940px\" \/><\/a><\/figure>\n<\/div>\n\n\n<p>Este jueves, en el Archivo Nacional, tuvo lugar una sencilla ceremonia, no habitual en estos lares. La Secretaria General de Acci\u00f3n Exterior del Gobierno Vasco Marian Elorza y el Director para las Comunidades Vascas en el Exterior, Gorka \u00c1lvarez as\u00ed como el Viceconsejero de Cultura Andoni Iturbe reconocieron como Koldo San Sebastian y quien esto escribe llevamos donando documentaci\u00f3n al Archivo que sobre el Exilio y la Di\u00e1spora lleva desde 2018 organizando \u00a0el Gobierno Vasco.<\/p>\n\n\n\n<p>El acto ten\u00eda asimismo la intenci\u00f3n de llamar la atenci\u00f3n a quienes tienen documentaci\u00f3n, cartas, publicaciones, fotograf\u00edas y objetos que puedan donar para que lo hagan ya que casi se part\u00eda&nbsp; de cero, con la extraordinaria riqueza que tenemos los vascos en el exterior a lo largo de la historia. Conquistadores, misioneros, exiliados, emigrantes, pelotaris, comerciantes, arrantzales, granujas, deportistas, misioneros,\u2026..y es que no se entiende nuestro pa\u00eds sin esa otra versi\u00f3n externa desde los albores de la humanidad.<\/p>\n\n\n\n<p>Una Naci\u00f3n que se precie ha de tener bien catalogado y archivado lo que han ido haciendo a lo largo de la historia. Lo curioso fue que, apenas hab\u00eda ning\u00fan medio de comunicaci\u00f3n, siendo un acto cultural y teniendo ese fin. Es curiosa la insensibilidad que hay para divulgar el conocimiento y la historia a pesar de que se nos llene la boca hablando de identidad vasca &nbsp;a todas horas. \u00a1Que poco la cuidamos!<\/p>\n\n\n\n<p>Y fue una l\u00e1stima pues la Secretaria General de Acci\u00f3n Exterior Marian Elorza anim\u00f3 &nbsp;a seguir enriqueciendo el Archivo de la Di\u00e1spora Vasca, para conocer \u201cm\u00e1s y mejor\u201d la realidad de la migraci\u00f3n vasca a lo largo de la historia. La responsable del Gobierno Vasco fue &nbsp;la encargada de recibir las donaciones que hemos ido realizando a este fondo.<\/p>\n\n\n\n<p>Se trata de objetos, documentaci\u00f3n, bibliograf\u00eda y material audiovisual recopilado a lo largo de los a\u00f1os&nbsp; a quienes la responsable del Gobierno Vasco ha querido agradecer sus \u201cgenerosas y valiosas\u201d donaciones. Sinceramente no estamos acostumbrados a semejante y c\u00e1lida cortes\u00eda.<\/p>\n\n\n\n<p>Desde su creaci\u00f3n en 2018, el Archivo de la Di\u00e1spora Vasca se ha enriquecido con los materiales que han ido aportando personas, familias y asociaciones hasta configurar un importante fondo que cuenta 9.537 entradas conservadas en 265 cajas que contienen, fundamentalmente, documentos, bibliograf\u00eda y objetos. A estas hay que sumar un fondo audiovisual de 220 entradas reunidas en 6 cajas con negativos, fotograf\u00edas y videos que las Euskal Etxeak y particulares han donado, incluso durante la pandemia.<\/p>\n\n\n\n<p>Marian Elorza se\u00f1al\u00f3 que pr\u00f3ximamente se compartir\u00e1 en la red el cat\u00e1logo de fondos, se digitalizar\u00e1 el material audiovisual y se avanzar\u00e1 en la digitalizaci\u00f3n total del Archivo.&nbsp; Adem\u00e1s y seg\u00fan ha explicado, ya est\u00e1 disponible en&nbsp;<em>eliburutegia<\/em>&nbsp;la importante biblioteca especializada con m\u00e1s de 1.800 vol\u00famenes, y las puertas del Archivo est\u00e1n abiertas para el personal investigador y consultas de cualquier persona interesada.<\/p>\n\n\n\n<p>Por su parte el&nbsp;Director para la Comunidad Vasca en el Exterior, Gorka \u00c1lvarez, anunci\u00f3 una campa\u00f1a para dar a conocer este Archivo&nbsp;entre las Euskal Etxeak e hizo un llamamiento \u00aba familias de Euskadi que conservar\u00e1n cartas, objetos, documentos, fotograf\u00edas, material audiovisual.. que nos puedan ayudar a contextualizar y completar esta gran historia de nuestro pueblo en el exterior\u00bb- se\u00f1al\u00f3.<\/p>\n\n\n\n<p>Estaba asimismo Anabell Rodr\u00edguez Apreza quien minuciosa y muy profesionalmente&nbsp; ha ido catalogando todo lo que hemos ido entregando y cuyos ep\u00edgrafes&nbsp; encarpetados&nbsp;&nbsp; nos fue entregado por Marian Elorza.<\/p>\n\n\n\n<p>Koldo San Sebastian agradeci\u00f3 en nombre de su mujer el espacio que la entrega de sus libros deja en su casa y yo, adem\u00e1s de entregarles la colecci\u00f3n de Euzko Deya que editamos en 1983 para las colectividades vascas, cuando no hab\u00eda internet, la colecci\u00f3n Euzkadi del Centro Vasco de Caracas, la colecci\u00f3n Naci\u00f3n Vasca de Argentina de 1924, hice entrega de una campana de bronce que el can\u00f3nigo de Malinas, Herman Frateur, le regal\u00f3 a mi t\u00eda Bego\u00f1a, ni\u00f1a de la guerra, a la que acompa\u00f1\u00f3 de vuelta a San Juan de luz cuando comenz\u00f3 la guerra mundial.<\/p>\n\n\n\n<p>Animo pues a entregar material, por intrascendente que pueda parecer, ya que son piezas de un inmenso puzzle para el estudio futuro de los historiadores.<\/p>\n\n\n<div class=\"wp-block-image\">\n<figure class=\"aligncenter size-large\"><a href=\"https:\/\/blogs.deia.eus\/anasagasti\/files\/2022\/06\/Entrega-Archivo-Diaspora.jpg\"><img loading=\"lazy\" decoding=\"async\" width=\"940\" height=\"306\" src=\"https:\/\/blogs.deia.eus\/anasagasti\/files\/2022\/06\/Entrega-Archivo-Diaspora-940x306.jpg\" alt=\"\" class=\"wp-image-16228\" srcset=\"https:\/\/blogs.deia.eus\/anasagasti\/files\/2022\/06\/Entrega-Archivo-Diaspora-940x306.jpg 940w, https:\/\/blogs.deia.eus\/anasagasti\/files\/2022\/06\/Entrega-Archivo-Diaspora-580x189.jpg 580w, https:\/\/blogs.deia.eus\/anasagasti\/files\/2022\/06\/Entrega-Archivo-Diaspora-768x250.jpg 768w, https:\/\/blogs.deia.eus\/anasagasti\/files\/2022\/06\/Entrega-Archivo-Diaspora.jpg 1024w\" sizes=\"auto, (max-width: 940px) 100vw, 940px\" \/><\/a><\/figure>\n<\/div><!-- AddThis Advanced Settings generic via filter on the_content --><!-- AddThis Share Buttons generic via filter on the_content -->","protected":false},"excerpt":{"rendered":"<p>Viernes 24 de junio de 2022 Este jueves, en el Archivo Nacional, tuvo lugar una sencilla ceremonia, no habitual en estos lares. La Secretaria General de Acci\u00f3n Exterior del Gobierno Vasco Marian Elorza y el Director para las Comunidades Vascas en el Exterior, Gorka \u00c1lvarez as\u00ed como el Viceconsejero de Cultura Andoni Iturbe reconocieron como &hellip; <a href=\"https:\/\/blogs.deia.eus\/anasagasti\/2022\/06\/24\/reconocen-lo-que-hemos-ido-donando\/\" class=\"more-link\">Sigue leyendo <span class=\"screen-reader-text\">Reconocen lo que hemos ido donando<\/span><\/a><!-- AddThis Advanced Settings generic via filter on get_the_excerpt --><!-- AddThis Share Buttons generic via filter on get_the_excerpt --><\/p>\n","protected":false},"author":19,"featured_media":0,"comment_status":"open","ping_status":"open","sticky":false,"template":"","format":"standard","meta":{"footnotes":""},"categories":[1],"tags":[],"class_list":["post-16226","post","type-post","status-publish","format-standard","hentry","category-general"],"_links":{"self":[{"href":"https:\/\/blogs.deia.eus\/anasagasti\/wp-json\/wp\/v2\/posts\/16226","targetHints":{"allow":["GET"]}}],"collection":[{"href":"https:\/\/blogs.deia.eus\/anasagasti\/wp-json\/wp\/v2\/posts"}],"about":[{"href":"https:\/\/blogs.deia.eus\/anasagasti\/wp-json\/wp\/v2\/types\/post"}],"author":[{"embeddable":true,"href":"https:\/\/blogs.deia.eus\/anasagasti\/wp-json\/wp\/v2\/users\/19"}],"replies":[{"embeddable":true,"href":"https:\/\/blogs.deia.eus\/anasagasti\/wp-json\/wp\/v2\/comments?post=16226"}],"version-history":[{"count":2,"href":"https:\/\/blogs.deia.eus\/anasagasti\/wp-json\/wp\/v2\/posts\/16226\/revisions"}],"predecessor-version":[{"id":16230,"href":"https:\/\/blogs.deia.eus\/anasagasti\/wp-json\/wp\/v2\/posts\/16226\/revisions\/16230"}],"wp:attachment":[{"href":"https:\/\/blogs.deia.eus\/anasagasti\/wp-json\/wp\/v2\/media?parent=16226"}],"wp:term":[{"taxonomy":"category","embeddable":true,"href":"https:\/\/blogs.deia.eus\/anasagasti\/wp-json\/wp\/v2\/categories?post=16226"},{"taxonomy":"post_tag","embeddable":true,"href":"https:\/\/blogs.deia.eus\/anasagasti\/wp-json\/wp\/v2\/tags?post=16226"}],"curies":[{"name":"wp","href":"https:\/\/api.w.org\/{rel}","templated":true}]}}