{"id":16231,"date":"2022-06-25T10:42:23","date_gmt":"2022-06-25T08:42:23","guid":{"rendered":"https:\/\/blogs.deia.eus\/anasagasti\/?p=16231"},"modified":"2022-06-25T10:42:25","modified_gmt":"2022-06-25T08:42:25","slug":"el-pueblo-de-las-viudas","status":"publish","type":"post","link":"https:\/\/blogs.deia.eus\/anasagasti\/2022\/06\/25\/el-pueblo-de-las-viudas\/","title":{"rendered":"El pueblo de las viudas"},"content":{"rendered":"\n<p><strong>S\u00e1bado 25 de junio de 2022<\/strong><\/p>\n\n\n<div class=\"wp-block-image\">\n<figure class=\"aligncenter size-large\"><a href=\"https:\/\/blogs.deia.eus\/anasagasti\/files\/2022\/06\/Sartaguda.jpg\"><img loading=\"lazy\" decoding=\"async\" width=\"940\" height=\"705\" src=\"https:\/\/blogs.deia.eus\/anasagasti\/files\/2022\/06\/Sartaguda-940x705.jpg\" alt=\"\" class=\"wp-image-16232\" srcset=\"https:\/\/blogs.deia.eus\/anasagasti\/files\/2022\/06\/Sartaguda-940x705.jpg 940w, https:\/\/blogs.deia.eus\/anasagasti\/files\/2022\/06\/Sartaguda-580x435.jpg 580w, https:\/\/blogs.deia.eus\/anasagasti\/files\/2022\/06\/Sartaguda-768x576.jpg 768w, https:\/\/blogs.deia.eus\/anasagasti\/files\/2022\/06\/Sartaguda.jpg 1024w\" sizes=\"auto, (max-width: 940px) 100vw, 940px\" \/><\/a><\/figure>\n<\/div>\n\n\n<p>Es Sartaguda, localidad\u00a0 situada al sur de la merindad de Lizarra-Estella\u00a0 en la Ribera navarra, fue el municipio m\u00e1s castigado por la barbarie franquista. Todo el pueblo era del Duque del Infantado y hab\u00eda una clara conciencia social por eso en Sartaguda se abati\u00f3 esencialmente la represi\u00f3n sobre el 41% de los hombres con edades comprendidas entre 25 y 29 a\u00f1os que fueron exterminados llegando esta proporci\u00f3n al 49% entre los hombres de entre 30 y 34 a\u00f1os. Eran jornaleros los m\u00e1s afectados por la terrible matanza. De los 143 afiliados de la UGT ser\u00edan asesinados 45. Tambi\u00e9n fueron aniquilados casi todos los cenetistas \u00a0.Al alcalde lo mataron a \u00e9l y a once familiares. Jimeno Jurio y Fernando Mikelarena hicieron un trabajo de investigaci\u00f3n extraordinario para dar a conocer \u00e9stas incre\u00edbles matanzas por parte de la Cruzada.<\/p>\n\n\n\n<p>Hoy en Sartaguda hay un Parque de la Memoria&nbsp; que es un monumento muy logrado a las v\u00edctimas navarras a ra\u00edz del golpe militar de 1936. Fue inaugurado el 10 de mayo de 2008 con presencia de miles de personas entre ellas familiares de los fusilados. En declaraci\u00f3n aprobada por el Parlamento navarro se dec\u00eda:<\/p>\n\n\n\n<p><em>\u201cEs p\u00fablico y notorio que en Navarra, uno de los lugares donde se gest\u00f3 el golpe militar contra la II Rep\u00fablica democr\u00e1ticamente constituida, no se desarroll\u00f3 en 1936 enfrentamiento b\u00e9lico alguno&nbsp; y sin embargo unas tres mil personas fueron asesinadas por ser consideradas afines a la Rep\u00fablica o simplemente por sus ideas\u2026\u2026<\/em><\/p>\n\n\n\n<p><em>El monumento que tiene forma de parque con varias obras escult\u00f3ricas de relevantes artistas impresiona por la naturaleza y el silencio que lo rodea. Son 6.000 metros cuadrados y cuya obra central es un muro de siete metros de largo por 2,5 de ancho donde se recogen en ambas caras, nada menos que los 3.444 nombres de las v\u00edctimas ocasionadas por la sublevaci\u00f3n militar. Se entra y el camino llega a una plaza circular en la que se hallan varias obras. Impresiona un monumento de Ulibarrena \u201cLos acribillados en la Santa Cruzada\u201c.<\/em><\/p>\n\n\n\n<p>Acerc\u00e1ndome a uno de ellos le\u00ed un escrito en acero corten de Jokin Mu\u00f1oz que dec\u00eda:<\/p>\n\n\n\n<p><em>\u201cOs quer\u00edan-os quieren mudos, Gernika amordazada, pero un tiro en la nuca, una lluvia de balas no son suficientes para callar vuestras voces. Hablais en nuestro recuerdo.<\/em><\/p>\n\n\n\n<p><em>Os quer\u00edan-os quieren quietos, osario nividado bajo tierra, pero no sois hueso, ni piedra, ni \u00e1rbol. Sois alma errante por nuestra geograf\u00eda. Viento de libertad. Os quer\u00edan\u2013os quieren- lejos de nosotros, desplazados de la Historia, pero encontramos vuestro rastro&nbsp; en las cunetas donde os asesinaron, se\u00f1al\u00e1ndonos el camino. Os quer\u00edan-os quieren-muertos, prisioneros del olvido, pero permanecer\u00e9is vivos en nuestro recuerdo y en nuestros corazones\u201d.<\/em><\/p>\n<!-- AddThis Advanced Settings generic via filter on the_content --><!-- AddThis Share Buttons generic via filter on the_content -->","protected":false},"excerpt":{"rendered":"<p>S\u00e1bado 25 de junio de 2022 Es Sartaguda, localidad\u00a0 situada al sur de la merindad de Lizarra-Estella\u00a0 en la Ribera navarra, fue el municipio m\u00e1s castigado por la barbarie franquista. Todo el pueblo era del Duque del Infantado y hab\u00eda una clara conciencia social por eso en Sartaguda se abati\u00f3 esencialmente la represi\u00f3n sobre el &hellip; <a href=\"https:\/\/blogs.deia.eus\/anasagasti\/2022\/06\/25\/el-pueblo-de-las-viudas\/\" class=\"more-link\">Sigue leyendo <span class=\"screen-reader-text\">El pueblo de las viudas<\/span><\/a><!-- AddThis Advanced Settings generic via filter on get_the_excerpt --><!-- AddThis Share Buttons generic via filter on get_the_excerpt --><\/p>\n","protected":false},"author":19,"featured_media":0,"comment_status":"open","ping_status":"open","sticky":false,"template":"","format":"standard","meta":{"footnotes":""},"categories":[1],"tags":[],"class_list":["post-16231","post","type-post","status-publish","format-standard","hentry","category-general"],"_links":{"self":[{"href":"https:\/\/blogs.deia.eus\/anasagasti\/wp-json\/wp\/v2\/posts\/16231","targetHints":{"allow":["GET"]}}],"collection":[{"href":"https:\/\/blogs.deia.eus\/anasagasti\/wp-json\/wp\/v2\/posts"}],"about":[{"href":"https:\/\/blogs.deia.eus\/anasagasti\/wp-json\/wp\/v2\/types\/post"}],"author":[{"embeddable":true,"href":"https:\/\/blogs.deia.eus\/anasagasti\/wp-json\/wp\/v2\/users\/19"}],"replies":[{"embeddable":true,"href":"https:\/\/blogs.deia.eus\/anasagasti\/wp-json\/wp\/v2\/comments?post=16231"}],"version-history":[{"count":1,"href":"https:\/\/blogs.deia.eus\/anasagasti\/wp-json\/wp\/v2\/posts\/16231\/revisions"}],"predecessor-version":[{"id":16233,"href":"https:\/\/blogs.deia.eus\/anasagasti\/wp-json\/wp\/v2\/posts\/16231\/revisions\/16233"}],"wp:attachment":[{"href":"https:\/\/blogs.deia.eus\/anasagasti\/wp-json\/wp\/v2\/media?parent=16231"}],"wp:term":[{"taxonomy":"category","embeddable":true,"href":"https:\/\/blogs.deia.eus\/anasagasti\/wp-json\/wp\/v2\/categories?post=16231"},{"taxonomy":"post_tag","embeddable":true,"href":"https:\/\/blogs.deia.eus\/anasagasti\/wp-json\/wp\/v2\/tags?post=16231"}],"curies":[{"name":"wp","href":"https:\/\/api.w.org\/{rel}","templated":true}]}}