{"id":16234,"date":"2022-06-26T18:41:42","date_gmt":"2022-06-26T16:41:42","guid":{"rendered":"https:\/\/blogs.deia.eus\/anasagasti\/?p=16234"},"modified":"2022-06-26T18:41:43","modified_gmt":"2022-06-26T16:41:43","slug":"el-fracaso-de-un-dogmatismo","status":"publish","type":"post","link":"https:\/\/blogs.deia.eus\/anasagasti\/2022\/06\/26\/el-fracaso-de-un-dogmatismo\/","title":{"rendered":"El fracaso de un dogmatismo"},"content":{"rendered":"\n<p><strong>Domingo 26 de junio de 2022<\/strong><\/p>\n\n\n<div class=\"wp-block-image\">\n<figure class=\"aligncenter size-large\"><a href=\"https:\/\/blogs.deia.eus\/anasagasti\/files\/2022\/06\/batzoki-de-zeberio.jpg\"><img loading=\"lazy\" decoding=\"async\" width=\"940\" height=\"564\" src=\"https:\/\/blogs.deia.eus\/anasagasti\/files\/2022\/06\/batzoki-de-zeberio-940x564.jpg\" alt=\"\" class=\"wp-image-16235\" srcset=\"https:\/\/blogs.deia.eus\/anasagasti\/files\/2022\/06\/batzoki-de-zeberio-940x564.jpg 940w, https:\/\/blogs.deia.eus\/anasagasti\/files\/2022\/06\/batzoki-de-zeberio-580x348.jpg 580w, https:\/\/blogs.deia.eus\/anasagasti\/files\/2022\/06\/batzoki-de-zeberio-768x461.jpg 768w, https:\/\/blogs.deia.eus\/anasagasti\/files\/2022\/06\/batzoki-de-zeberio.jpg 1000w\" sizes=\"auto, (max-width: 940px) 100vw, 940px\" \/><\/a><\/figure>\n<\/div>\n\n\n<p>No s\u00e9 por qu\u00e9 a Arkaitz Rodr\u00edguez, secretario general de Sortu, le extra\u00f1a que sus juventudes se peleen entre s\u00ed y alguna le salga &nbsp;tan respondona que hasta reivindican banderas de los a\u00f1os sesenta. No s\u00e9 por qu\u00e9 se extra\u00f1a que discutan agriamente por el dinero de las Txoznas, ni que embardunen con una Z putinesa paredes de batzokis del PNV y adem\u00e1s apoyen el genocidio de Putin, porque es de lo que se trata lo que Rusia &nbsp;est\u00e1 haciendo en Ucrania tras &nbsp;esta invasi\u00f3n a un estado que se autodetermin\u00f3. Tranquilos. Todo tiene su explicaci\u00f3n. ETA dej\u00f3 la eufem\u00edstica \u201clucha armada\u201d no por ninguna consideraci\u00f3n \u00e9tica sino estrat\u00e9gica, y as\u00ed lo dijeron bajo la capucha en 2011, no fuera a ser que les dijeran que su proyecto de una Cuba en el Cant\u00e1brico hab\u00eda sido un proyecto totalitario, como as\u00ed lo era. De hecho, el secretario general de Sortu, glorific\u00f3 la dictadura, cuando muri\u00f3 Fidel Castro, pu\u00f1o en alto, en un acto anacr\u00f3nico en el puerto de &nbsp;Donosti organizando y perorando en &nbsp;&nbsp;un&nbsp; funeral laico por un dictador cruel e insensible, conculcador de todos los derechos humanos. De todos. Un proyecto destructivo, de tierra quemada, sumisi\u00f3n absoluta y control del pensamiento. Y llevan en eso 62 a\u00f1os.<\/p>\n\n\n\n<p>Normal pues que si no se hace una m\u00ednima pedagog\u00eda democr\u00e1tica y de valores es como si metes hidr\u00f3geno y ox\u00edgeno en un tubo, siempre saldr\u00e1 agua. Si no posees &nbsp;arrestos \u00e9ticos suficientes para decir que matar, secuestrar, robar, imponer el terror, extorsionar y chantajear no es la praxis moral de ninguna lucha por una sociedad mejor, tras la muerte del dictador, no hacerlo no &nbsp;es una idea limpia, ni inteligente. Y claro, si no se tienen las ideas claras y el coraje suficiente pasa lo que pasa cuando GKS el grupo juvenil cr\u00edtico con los dirigentes de Sortu y EH Bildu, sacan del ba\u00fal lo m\u00e1s rancio de la dictadura del proletariado, los gulags y el esquema sovi\u00e9tico m\u00e1s peligroso. Y si adem\u00e1s sigues considerando a Putin y a los mandatarios de Nicaragua, Cuba, Venezuela, como referentes ideol\u00f3gicos, que se te metan en el ayuntamiento de Hernani y que embardunen batzokis con pintadas \u201cque se quitan con acetona\u201d, seg\u00fan Arkaitz Rodr\u00edguez, no tienes derecho a quejarte. Cosechas lo que siembras. Si no hay mata, no hay patata. Hijo de gato, caza ratones. Hija de cebra, sale rayada.<\/p>\n\n\n\n<p>Hasier Arraiz fue el primer presidente de Sortu. Tras cuatro a\u00f1os en el Parlamento Vasco, en su despedida, tuvo el gesto de acordarse de las v\u00edctimas de ETA y reconocer la deshumanizaci\u00f3n que la IA hab\u00eda tenido. Estuvo bien. Ha sido una excepci\u00f3n. Lo traigo a colaci\u00f3n porque escribi\u00f3 un art\u00edculo destacando las bondades de la presencia de Bildu en las Cortes espa\u00f1olas, vendiendo a su parroquia las bondades de hacer pol\u00edtica en un lugar, hasta hace muy poco, aberrante, y donde los dem\u00e1s nos arrastr\u00e1bamos y nos compraban por un plato de lentejas&#8230;<\/p>\n\n\n\n<p>La tesis de Arraiz es que lo que piensan los \u201cindependentistas de izquierda\u201d sobre cuestiones concretas puede llegar a importar en Espa\u00f1a. Por experiencia le digo que si, pero asimismo con la salvedad de que es as\u00ed si sus votos son imprescindibles. Dice tambi\u00e9n que el suyo es el proyecto m\u00e1s eficaz para conseguir el mayor grado de bienestar material, social y cultural para la ciudadan\u00eda de nuestro pa\u00eds. \u00bfLo pensar\u00e1 en serio?. \u00bfSe habr\u00e1 olvidado que Billdu es solo Sortu tras haberse engullido a los partidos firmantes de la coalici\u00f3n &nbsp;y cuando ahora solo queda Madrazo como posible socio preferente?. Solo este hecho, \u00bfno habla de lo que les molesta la pluralidad?.<\/p>\n\n\n\n<p>Arraiz deber\u00eda haber seguido el debate de Pol\u00edtica Municipal de &nbsp;final de mayo en Gasteiz. Urtaran les acus\u00f3 de sectarios porque en la primera parte del debate el alcalde hizo un an\u00e1lisis bastante completo de cu\u00e1l era la radiograf\u00eda de Vitoria-Gasteiz, de las propuestas, retos y problemas de la ciudad y de las demandas de &nbsp;los ciudadanos&nbsp; pero para EHBildu, y como siempre, no sirvi\u00f3 de nada. Lo esperado. Nunca aportan nada nuevo y esto, como les dijo el alcalde \u201ctambi\u00e9n forma parte de la marca de la casa\u201d. \u201dHaga el gobierno las propuestas y los an\u00e1lisis que haga \u2013les dijo Urtaran- que nosotros lo \u00fanico que vamos a hacer es una cr\u00edtica de lo mal que lo hace el PNV, que es la cl\u00e1sica respuesta&nbsp; basada en ning\u00fan an\u00e1lisis, por la sencilla raz\u00f3n de que como el alcalde es del PNV, hay que ir a por \u00e9l pol\u00edticamente hablando y eso hace que su discurso solo tenga cr\u00edtica y no aporte nada nuevo\u201d. Tambi\u00e9n le reproch\u00f3 al portavoz de BIldu la \u201calta dosis de sectarismo en su intervenci\u00f3n. \u201dSolo ustedes saben hacer las cosas, solo ustedes saben gobernar y solo ustedes son los \u00fanicos capaces de sacar adelante esta sociedad. Esas dosis de intransigencia&nbsp; seguramente la verbalizan con sectarismo para aplacar ciertas tensiones internas, m\u00e1s que para dar respuesta a un PNV al que tienen ustedes entre ceja y ceja\u201d. Gorka Urtaran puso asimismo el dedo en la llaga cuando les dijo que \u201ccuando hablan de que esta ciudad&nbsp; tiene que ser plural, de la misma forma como tratamos de hacerlo los dem\u00e1s y tambi\u00e9n ustedes con los delitos de odio, las cosas cambian cuando se producen no solo &nbsp;contra personas del colectivo LGTBI, pero nunca contra el odio pol\u00edtico. Ya nos gustar\u00eda que con la misma firmeza lo hagan cuando se trata de delitos de odio contra pol\u00edticos o por ideolog\u00eda pol\u00edtica, porque ustedes no lo hacen y creen que eso es procedente. Se equivocan. Su silencio &nbsp;es muy grave. Son ustedes muy selectivos en sus condenas &nbsp;y eso no es propio de un partido de valores, ni democr\u00e1tico. No nos pueden hablar de una sociedad multicolor, diversa y plural cuando ustedes siguen sin condenar&nbsp; los delitos de odio&nbsp; que en esta &nbsp;sociedad se producen por ideolog\u00eda pol\u00edtica. Con discursos sectarios como los de ustedes no se arregla nada ni se va a parte alguna\u201d. Quiz\u00e1s se puede decir lo mismo m\u00e1s alto, pero no m\u00e1s claro. Urtaran&nbsp; hizo un buen resumen del modus operandi de la IA. Me imagino que est\u00e1 muy cansado de escuchar el mismo disco rayado.<\/p>\n\n\n\n<p>De ah\u00ed que me extra\u00f1ara la angelical reflexi\u00f3n de Hasier Arraiz, obviando el meollo de la cuesti\u00f3n. Ojal\u00e1&nbsp; fuera Bildu lo que escribe tan parcialmente &nbsp;Arraiz y que Urtaran denuncia con raz\u00f3n. Hasta ahora solo ha sido un proyecto &nbsp;anclado en el NO y en el pasado, un ariete destructivo que lo \u00fanico que ha logrado ha sido empeorar las cosas, apoyados en un falso sindicalismo extraordinariamente destructivo y antisistema, por lo que decirnos &nbsp;que forman parte del proyecto pol\u00edtico m\u00e1s eficaz, lo ser\u00e1 para quien quiera creerse esa aseveraci\u00f3n no respaldada por los hechos&nbsp; y, que me perdone, no deja de ser una baladronada y una afirmaci\u00f3n que no se basa en la realidad sino en un mero deseo o en un acto de propaganda, cuestiones ambas por lo dem\u00e1s leg\u00edtimas.<\/p>\n\n\n\n<p>Tengo la impresi\u00f3n que llegan algo tarde a este anuncio y a esta conclusi\u00f3n sobre todo porque &nbsp;llevan muy cargada su mochila de cosas indeseables que seguiremos recordando los dem\u00e1s, mal que les pese, mientras no reconozcan que sus recetas m\u00e1gicas del pasado solo sirvieron para llevar desolaci\u00f3n a demasiada gente y a toda una sociedad. Uno no puede presentarse en p\u00fablico &nbsp;con un muestrario de proyectos sugerentes &nbsp;en plan desafiante, cuando en esa maleta y en el inmediato pasado solo llevaban el insulto a los que hac\u00edamos lo que dicen ahora que har\u00e1n mientras los amigos a los que apoyaban cargaban &nbsp;una pistola. La gente no es tonta. Tiene memoria. Si, ya s\u00e9 que se me dir\u00e1 que todo el mundo tiene derecho a rectificar. De acuerdo y ellos aciertan solo cuando rectifican, pero mientras consideren que aqu\u00ed no ha pasado absolutamente nada, tendr\u00e1n el zumbido molesto de los que les pedimos hagan de una vez su perestroika.<\/p>\n\n\n\n<p>A Xabier Arzalluz le molestaba sobremanera el modelo centroamericano de la pol\u00edtica de HB y del P. Bengoa, cerebro de una ELA, tercermundista. As\u00ed nos lo record\u00f3 en el acto de la Feria de Muestras, en su \u00faltima aparici\u00f3n as\u00ed como, por ejemplo, en un trabajo &nbsp;escrito en Deia con el t\u00edtulo de este art\u00edculo. Terminaba diciendo. \u201dLos que siguen sin reconocer nada y persisten en sus posturas radicales, envejecen juntos sin conseguir el favor &nbsp;mayoritario &nbsp;de aquel pueblo&nbsp; de quien tan gratuitamente se constituyeron&nbsp; en representantes y conductores. Mientras la \u00faltima evoluci\u00f3n del radicalismo marxista-leninista&nbsp; abertzale busca desesperadamente modelos en Nicaragua o en Cuba, nunca en Europa, en el \u201cfrescor salvaje del Caribe\u201d, como dice un anuncio est\u00fapido. Donde no hay salvajes ni frescor. Mimetizando situaciones extremas de analfabetismo, miseria y opresi\u00f3n, que nada tienen que ver&nbsp; con las condiciones de este rinc\u00f3n de Europa, por muy azotada que est\u00e9 por la crisis econ\u00f3mica. Queda su eterna vocaci\u00f3n centralista, su arrogancia y su dogmatismo. Han dejado de analizarse para dirigir su microscopio hacia nosotros. Contra quienes nunca cre\u00edmos en dogmas de tejas abajo. Contra quienes seguimos pensando &nbsp;que la justicia y la libertad son valores a rescatar d\u00eda a d\u00eda sin f\u00f3rmulas estereotipadas, sin arrogancias de perdonavidas y sin complejos de falsa progres\u00eda\u201d.<\/p>\n\n\n\n<p>Hoy estar\u00eda asombrado por el apoyo de la IA a Putin y su invasi\u00f3n, por las pintadas en los batzokis y porque once a\u00f1os despu\u00e9s de la desaparici\u00f3n de ETA sigan sin asumir un pasado de \u201ccr\u00edmenes de guerra y delitos de lesa humanidad\u201d como han dicho y hecho las FARC en el Parlamento de Colombia. En eso, no lo tienen como modelo. De ah\u00ed, el gran fracaso de su dogmatismo.<\/p>\n<!-- AddThis Advanced Settings generic via filter on the_content --><!-- AddThis Share Buttons generic via filter on the_content -->","protected":false},"excerpt":{"rendered":"<p>Domingo 26 de junio de 2022 No s\u00e9 por qu\u00e9 a Arkaitz Rodr\u00edguez, secretario general de Sortu, le extra\u00f1a que sus juventudes se peleen entre s\u00ed y alguna le salga &nbsp;tan respondona que hasta reivindican banderas de los a\u00f1os sesenta. No s\u00e9 por qu\u00e9 se extra\u00f1a que discutan agriamente por el dinero de las Txoznas, &hellip; <a href=\"https:\/\/blogs.deia.eus\/anasagasti\/2022\/06\/26\/el-fracaso-de-un-dogmatismo\/\" class=\"more-link\">Sigue leyendo <span class=\"screen-reader-text\">El fracaso de un dogmatismo<\/span><\/a><!-- AddThis Advanced Settings generic via filter on get_the_excerpt --><!-- AddThis Share Buttons generic via filter on get_the_excerpt --><\/p>\n","protected":false},"author":19,"featured_media":0,"comment_status":"open","ping_status":"open","sticky":false,"template":"","format":"standard","meta":{"footnotes":""},"categories":[1],"tags":[],"class_list":["post-16234","post","type-post","status-publish","format-standard","hentry","category-general"],"_links":{"self":[{"href":"https:\/\/blogs.deia.eus\/anasagasti\/wp-json\/wp\/v2\/posts\/16234","targetHints":{"allow":["GET"]}}],"collection":[{"href":"https:\/\/blogs.deia.eus\/anasagasti\/wp-json\/wp\/v2\/posts"}],"about":[{"href":"https:\/\/blogs.deia.eus\/anasagasti\/wp-json\/wp\/v2\/types\/post"}],"author":[{"embeddable":true,"href":"https:\/\/blogs.deia.eus\/anasagasti\/wp-json\/wp\/v2\/users\/19"}],"replies":[{"embeddable":true,"href":"https:\/\/blogs.deia.eus\/anasagasti\/wp-json\/wp\/v2\/comments?post=16234"}],"version-history":[{"count":1,"href":"https:\/\/blogs.deia.eus\/anasagasti\/wp-json\/wp\/v2\/posts\/16234\/revisions"}],"predecessor-version":[{"id":16236,"href":"https:\/\/blogs.deia.eus\/anasagasti\/wp-json\/wp\/v2\/posts\/16234\/revisions\/16236"}],"wp:attachment":[{"href":"https:\/\/blogs.deia.eus\/anasagasti\/wp-json\/wp\/v2\/media?parent=16234"}],"wp:term":[{"taxonomy":"category","embeddable":true,"href":"https:\/\/blogs.deia.eus\/anasagasti\/wp-json\/wp\/v2\/categories?post=16234"},{"taxonomy":"post_tag","embeddable":true,"href":"https:\/\/blogs.deia.eus\/anasagasti\/wp-json\/wp\/v2\/tags?post=16234"}],"curies":[{"name":"wp","href":"https:\/\/api.w.org\/{rel}","templated":true}]}}