{"id":16720,"date":"2022-10-24T13:33:55","date_gmt":"2022-10-24T11:33:55","guid":{"rendered":"https:\/\/blogs.deia.eus\/anasagasti\/?p=16720"},"modified":"2022-10-24T13:33:57","modified_gmt":"2022-10-24T11:33:57","slug":"desayuno-con-urkullu-federalismo-con-nicolas-la-extrema-derecha-en-la-calle","status":"publish","type":"post","link":"https:\/\/blogs.deia.eus\/anasagasti\/2022\/10\/24\/desayuno-con-urkullu-federalismo-con-nicolas-la-extrema-derecha-en-la-calle\/","title":{"rendered":"Desayuno con Urkullu \u2013 Federalismo con Nicol\u00e1s \u2013 La extrema derecha en la calle"},"content":{"rendered":"\n<p><strong>Lunes 14 de octubre de 2022<\/strong><\/p>\n\n\n<div class=\"wp-block-image\">\n<figure class=\"aligncenter size-large\"><a href=\"https:\/\/blogs.deia.eus\/anasagasti\/files\/2022\/10\/Desayuno-con-Urkullu.jpg\"><img loading=\"lazy\" decoding=\"async\" width=\"940\" height=\"397\" src=\"https:\/\/blogs.deia.eus\/anasagasti\/files\/2022\/10\/Desayuno-con-Urkullu-940x397.jpg\" alt=\"\" class=\"wp-image-16721\" srcset=\"https:\/\/blogs.deia.eus\/anasagasti\/files\/2022\/10\/Desayuno-con-Urkullu-940x397.jpg 940w, https:\/\/blogs.deia.eus\/anasagasti\/files\/2022\/10\/Desayuno-con-Urkullu-580x245.jpg 580w, https:\/\/blogs.deia.eus\/anasagasti\/files\/2022\/10\/Desayuno-con-Urkullu-768x325.jpg 768w, https:\/\/blogs.deia.eus\/anasagasti\/files\/2022\/10\/Desayuno-con-Urkullu.jpg 1024w\" sizes=\"auto, (max-width: 940px) 100vw, 940px\" \/><\/a><\/figure>\n<\/div>\n\n\n<p>He estado hoy lunes en el desayuno de Nuevo Forum Europa&nbsp; que ha ofrecido la presencia del Lehendakari Urkullu en su d\u00e9cimo aniversario como presidente. Una hora de datos y contestaci\u00f3n de preguntas. Estaba presente todo lo institucional e incluso dirigentes de otros partidos. Un buen ejercicio de normalidad democr\u00e1tica. No ocurr\u00eda antes.<\/p>\n\n\n\n<p>La impresi\u00f3n me la ha dado un empresario al salir: \u201dPredecible, sensato, marcando agenda, al loro de lo que est\u00e1 pasando, nada histri\u00f3nico, cumplidor, serio y dando tranquilidad en un momento tan convulso\u201d. Preguntado si querr\u00e1 seguir, ha dado la respuesta est\u00e1ndar: \u201dLo que diga mi partido, estoy en el d\u00eda a d\u00eda, ya se ver\u00e1\u201d. As\u00ed como del democristiano Wilfried Martens se hablaba de sus gobiernos con n\u00fameros, este es el Urkullu 3, y vendr\u00e1 el Urkullu 4. Es bueno para el pa\u00eds.<\/p>\n\n\n\n<p><strong>NICOLAS<\/strong><\/p>\n\n\n\n<p>Estuve el viernes en el Carlton. Se presentaba en Bilbao la plataforma \u201cPara una Espa\u00f1a federal\u201d. Y all\u00ed estaba Nicol\u00e1s Sartorius \u00c1lvarez de las Asturias Boh\u00f3rquez, hijo del conde de San Luis, con sus magn\u00edficos 84 a\u00f1os y una cabeza despierta.<\/p>\n\n\n\n<p>Nos conocimos en la Junta de Portavoces en el Congreso de los Diputados. Era el portavoz de IU. A pesar de ser hijo de la aristocracia espa\u00f1ola fue una persona destacada del partido comunista y por tanto encarcelado y juzgado en&nbsp; aquel proceso 1001 de 1972, dando con sus huesos en Carabanchel donde conoci\u00f3 a las gentes del PNV.<\/p>\n\n\n\n<p>Nacido en Donostia, lugar de vacaciones de sus padres, un d\u00eda me dijo que lo \u00fanico que le emocionaba era ir un d\u00eda de niebla de Zarautz a Getaria&nbsp; andando. Recordamos que se le invit\u00f3 hace unos a\u00f1os, a un acto a la Fundaci\u00f3n Sabino Arana y hablamos de su larga&nbsp; e interesante conversaci\u00f3n con Xabier Arzalluz.<\/p>\n\n\n\n<p>Sobre su charla le dije que pase del&nbsp; federalismo hispano a la confederaci\u00f3n. Sonri\u00f3. \u201dLa cosa no est\u00e1 madura\u201d me dijo.<\/p>\n\n\n\n<p><strong>TRES FACHAS<\/strong><\/p>\n\n\n\n<p>Hac\u00eda tiempo no me pasaba. \u00cdbamos por la calle Iparraguirre, cerca de la Plaza El\u00edptica, cuando nos pasan haciendo footing tres j\u00f3venes fornidos. El tiempo y la luminosidad lo permit\u00edan. Al pasar junto a nosotros el primero dijo: \u201dI\u00f1aki, Viva Espa\u00f1a\u201d y el tercero \u201dViva la Guardia Civil\u201d. Me qued\u00e9 bastante perplejo. No es habitual. No me gustar\u00eda encontr\u00e1rmelos yendo solo en un lugar solitario. Agresividad a flor de piel. Est\u00e1n muy envalentonados. Dan miedo.<\/p>\n<!-- AddThis Advanced Settings generic via filter on the_content --><!-- AddThis Share Buttons generic via filter on the_content -->","protected":false},"excerpt":{"rendered":"<p>Lunes 14 de octubre de 2022 He estado hoy lunes en el desayuno de Nuevo Forum Europa&nbsp; que ha ofrecido la presencia del Lehendakari Urkullu en su d\u00e9cimo aniversario como presidente. Una hora de datos y contestaci\u00f3n de preguntas. Estaba presente todo lo institucional e incluso dirigentes de otros partidos. Un buen ejercicio de normalidad &hellip; <a href=\"https:\/\/blogs.deia.eus\/anasagasti\/2022\/10\/24\/desayuno-con-urkullu-federalismo-con-nicolas-la-extrema-derecha-en-la-calle\/\" class=\"more-link\">Sigue leyendo <span class=\"screen-reader-text\">Desayuno con Urkullu \u2013 Federalismo con Nicol\u00e1s \u2013 La extrema derecha en la calle<\/span><\/a><!-- AddThis Advanced Settings generic via filter on get_the_excerpt --><!-- AddThis Share Buttons generic via filter on get_the_excerpt --><\/p>\n","protected":false},"author":19,"featured_media":0,"comment_status":"open","ping_status":"open","sticky":false,"template":"","format":"standard","meta":{"footnotes":""},"categories":[1],"tags":[],"class_list":["post-16720","post","type-post","status-publish","format-standard","hentry","category-general"],"_links":{"self":[{"href":"https:\/\/blogs.deia.eus\/anasagasti\/wp-json\/wp\/v2\/posts\/16720","targetHints":{"allow":["GET"]}}],"collection":[{"href":"https:\/\/blogs.deia.eus\/anasagasti\/wp-json\/wp\/v2\/posts"}],"about":[{"href":"https:\/\/blogs.deia.eus\/anasagasti\/wp-json\/wp\/v2\/types\/post"}],"author":[{"embeddable":true,"href":"https:\/\/blogs.deia.eus\/anasagasti\/wp-json\/wp\/v2\/users\/19"}],"replies":[{"embeddable":true,"href":"https:\/\/blogs.deia.eus\/anasagasti\/wp-json\/wp\/v2\/comments?post=16720"}],"version-history":[{"count":1,"href":"https:\/\/blogs.deia.eus\/anasagasti\/wp-json\/wp\/v2\/posts\/16720\/revisions"}],"predecessor-version":[{"id":16722,"href":"https:\/\/blogs.deia.eus\/anasagasti\/wp-json\/wp\/v2\/posts\/16720\/revisions\/16722"}],"wp:attachment":[{"href":"https:\/\/blogs.deia.eus\/anasagasti\/wp-json\/wp\/v2\/media?parent=16720"}],"wp:term":[{"taxonomy":"category","embeddable":true,"href":"https:\/\/blogs.deia.eus\/anasagasti\/wp-json\/wp\/v2\/categories?post=16720"},{"taxonomy":"post_tag","embeddable":true,"href":"https:\/\/blogs.deia.eus\/anasagasti\/wp-json\/wp\/v2\/tags?post=16720"}],"curies":[{"name":"wp","href":"https:\/\/api.w.org\/{rel}","templated":true}]}}