{"id":16723,"date":"2022-10-25T12:15:19","date_gmt":"2022-10-25T10:15:19","guid":{"rendered":"https:\/\/blogs.deia.eus\/anasagasti\/?p=16723"},"modified":"2022-10-25T12:15:21","modified_gmt":"2022-10-25T10:15:21","slug":"complicidad-con-amistad-2","status":"publish","type":"post","link":"https:\/\/blogs.deia.eus\/anasagasti\/2022\/10\/25\/complicidad-con-amistad-2\/","title":{"rendered":"Complicidad con amistad"},"content":{"rendered":"\n<p><strong>Martes 25 de octubre de 2022<\/strong><\/p>\n\n\n<div class=\"wp-block-image\">\n<figure class=\"aligncenter size-large\"><a href=\"https:\/\/blogs.deia.eus\/anasagasti\/files\/2022\/10\/Comida-en-Bilbao.jpg\"><img loading=\"lazy\" decoding=\"async\" width=\"940\" height=\"760\" src=\"https:\/\/blogs.deia.eus\/anasagasti\/files\/2022\/10\/Comida-en-Bilbao-940x760.jpg\" alt=\"\" class=\"wp-image-16724\" srcset=\"https:\/\/blogs.deia.eus\/anasagasti\/files\/2022\/10\/Comida-en-Bilbao-940x760.jpg 940w, https:\/\/blogs.deia.eus\/anasagasti\/files\/2022\/10\/Comida-en-Bilbao-580x469.jpg 580w, https:\/\/blogs.deia.eus\/anasagasti\/files\/2022\/10\/Comida-en-Bilbao-768x621.jpg 768w, https:\/\/blogs.deia.eus\/anasagasti\/files\/2022\/10\/Comida-en-Bilbao.jpg 950w\" sizes=\"auto, (max-width: 940px) 100vw, 940px\" \/><\/a><\/figure>\n<\/div>\n\n\n<p>Dicen que la pol\u00edtica es complicidad sin amistad. Prefiero la complicidad con amistad, que se acrecienta cuando ya no se est\u00e1 en el mercado electoral, las pu\u00f1aladas traperas pasaron a la historia, lo mismo que los codazos y el pescueceo. Es la experiencia de la vida, hoy tan poco valorada. Alg\u00fan d\u00eda se dar\u00e1n cuenta. Por eso se \u00a0ha activado \u00a0la Asociaci\u00f3n Betiko Lagunak. Verse, o\u00edrse, discutir serenamente, contar batallas del abuelo cebolleta, tomar la iniciativa porque la vida es hasta que te ponen la esquela, aunque ya ni ponen esquela. Dec\u00eda el presidente Caldera, que mientras respiraba, aspiraba. Y se pueden hacer muchas cosas.<\/p>\n\n\n\n<p>La foto es de ayer lunes. Otxoa de Eribe, Bergara, Txabarri, Allende y este menda en la calle Ledesma. Nos conocimos en el Parlamento, en la Comisi\u00f3n electoral de los a\u00f1os ochenta, en el EBB, en las &nbsp;mil asambleas comenzando con la de 1977. La excusa fue que &nbsp;Juanjo&nbsp; Otxoa de Eribe, de Zuia, cumpli\u00f3 &nbsp;ochenta a\u00f1os y nos dijimos que era buen motivo para vernos y recordar batallas interesantes que conforman la historia de un partido y de un pa\u00eds en tiempos en los que, eliminado el Consejo Consultivo, los pol\u00edticos actuales nacieron sabi\u00e9ndolo, nunca consultan nada &nbsp;y por lo tanto &nbsp;siguen cometiendo los mismos errores de siempre. Que se le &nbsp;va a hacer. Es la vida. La terrible imagen de&nbsp; Hu Jin Tao sacado del Congreso chinos, no tan visible, se ha efectuado dentro de casa muchas veces. Y es demoledor concebir la acci\u00f3n de un partido de esta manera. No doy nombres.<\/p>\n\n\n\n<p>Hablamos mucho de aquella Araba que sale de la clandestinidad sin apenas estructura. Tres &nbsp;personas representativas&nbsp; en Iparralde refugiadas como D. I\u00f1aki Unzeta, Periko Arrizabalaga y Luis Mar\u00eda Sanchez I\u00f1igo, hoy desaparecidos &nbsp;y un grupo peque\u00f1o de j\u00f3venes como Azkarraga, Ormazabal y Mikel Estabillo. La muerte en accidente de este \u00faltimo fue fatal para crear una estructura s\u00f3lida en este territorio. Junto con Txomin Saratxaga son los dos hombres de partido m\u00e1s representativos &nbsp;que he conocido. Nunca buscaron un cargo p\u00fablico y todo era para ellos crear organizaci\u00f3n y actos que los acompa\u00f1aran. Otxoa y Allende lo recordaron con mucho cari\u00f1o. Pasamos revista a un Cuerda que fue diputado y alcalde veinte a\u00f1os. Hombre clave en la ciudad, aunque muy poco emp\u00e1tico para algunos. Los tres Guevaras, Emilio, Juan Ram\u00f3n y Javier, la extra\u00f1a desaparici\u00f3n de Alberto Ansola, tras haber sido Diputado General y hoy nadie sabe d\u00f3nde &nbsp;vive, el perfil social&nbsp; y la zorrer\u00eda de Felix Ormazabal, Mar\u00eda Jes\u00fas Aguirre, mujer de car\u00e1cter, la &nbsp;&nbsp;existencia tentacular de la famosa Finca, Jos\u00e9 Mari Gerenabarrena y su conocimiento del medio, pueblo a pueblo con Vitoriana de Electricidad en fin, historia de un partido actuando en un territorio y sacando mil casta\u00f1as del fuego, que si no se hubiera hecho as\u00ed, hoy el PNV ser\u00eda residual.<\/p>\n\n\n\n<p>L\u00f3gicamente fue agradable estar con dos ex diputados generales, un ex presidente de la Vital y un Diputado en el Congreso y en la Diputaci\u00f3n alavesa. Mucha sabidur\u00eda acumulada y sobre todo muy buena que hoy solo sirve para recordar lo que se hizo bien y lo que se hizo mal y una cr\u00edtica ben\u00e9vola a la iniciativa de la Escucha Activa, incapaz de escuchar dentro a los que tras la divisi\u00f3n del PNV en 1986, lograron con la estrategia adecuada, volverlo a poner en Champions. La prepotencia es mala consejera, pero es lo que hay.<\/p>\n\n\n\n<p>En definitiva y mensaje para las nuevas generaciones: \u201cHagan lo posible para que la pol\u00edtica sea complicidad con amistad\u201d.<\/p>\n<!-- AddThis Advanced Settings generic via filter on the_content --><!-- AddThis Share Buttons generic via filter on the_content -->","protected":false},"excerpt":{"rendered":"<p>Martes 25 de octubre de 2022 Dicen que la pol\u00edtica es complicidad sin amistad. Prefiero la complicidad con amistad, que se acrecienta cuando ya no se est\u00e1 en el mercado electoral, las pu\u00f1aladas traperas pasaron a la historia, lo mismo que los codazos y el pescueceo. Es la experiencia de la vida, hoy tan poco &hellip; <a href=\"https:\/\/blogs.deia.eus\/anasagasti\/2022\/10\/25\/complicidad-con-amistad-2\/\" class=\"more-link\">Sigue leyendo <span class=\"screen-reader-text\">Complicidad con amistad<\/span><\/a><!-- AddThis Advanced Settings generic via filter on get_the_excerpt --><!-- AddThis Share Buttons generic via filter on get_the_excerpt --><\/p>\n","protected":false},"author":19,"featured_media":0,"comment_status":"open","ping_status":"open","sticky":false,"template":"","format":"standard","meta":{"footnotes":""},"categories":[1],"tags":[],"class_list":["post-16723","post","type-post","status-publish","format-standard","hentry","category-general"],"_links":{"self":[{"href":"https:\/\/blogs.deia.eus\/anasagasti\/wp-json\/wp\/v2\/posts\/16723","targetHints":{"allow":["GET"]}}],"collection":[{"href":"https:\/\/blogs.deia.eus\/anasagasti\/wp-json\/wp\/v2\/posts"}],"about":[{"href":"https:\/\/blogs.deia.eus\/anasagasti\/wp-json\/wp\/v2\/types\/post"}],"author":[{"embeddable":true,"href":"https:\/\/blogs.deia.eus\/anasagasti\/wp-json\/wp\/v2\/users\/19"}],"replies":[{"embeddable":true,"href":"https:\/\/blogs.deia.eus\/anasagasti\/wp-json\/wp\/v2\/comments?post=16723"}],"version-history":[{"count":1,"href":"https:\/\/blogs.deia.eus\/anasagasti\/wp-json\/wp\/v2\/posts\/16723\/revisions"}],"predecessor-version":[{"id":16725,"href":"https:\/\/blogs.deia.eus\/anasagasti\/wp-json\/wp\/v2\/posts\/16723\/revisions\/16725"}],"wp:attachment":[{"href":"https:\/\/blogs.deia.eus\/anasagasti\/wp-json\/wp\/v2\/media?parent=16723"}],"wp:term":[{"taxonomy":"category","embeddable":true,"href":"https:\/\/blogs.deia.eus\/anasagasti\/wp-json\/wp\/v2\/categories?post=16723"},{"taxonomy":"post_tag","embeddable":true,"href":"https:\/\/blogs.deia.eus\/anasagasti\/wp-json\/wp\/v2\/tags?post=16723"}],"curies":[{"name":"wp","href":"https:\/\/api.w.org\/{rel}","templated":true}]}}