{"id":16730,"date":"2022-10-27T14:57:40","date_gmt":"2022-10-27T12:57:40","guid":{"rendered":"https:\/\/blogs.deia.eus\/anasagasti\/?p=16730"},"modified":"2022-10-27T14:57:42","modified_gmt":"2022-10-27T12:57:42","slug":"se-presento-betiko-lagunak","status":"publish","type":"post","link":"https:\/\/blogs.deia.eus\/anasagasti\/2022\/10\/27\/se-presento-betiko-lagunak\/","title":{"rendered":"Se present\u00f3 Betiko Lagunak"},"content":{"rendered":"\n<p><strong>Jueves 27 de octubre de 2022<\/strong><\/p>\n\n\n\n<figure class=\"wp-block-image size-large\"><a href=\"https:\/\/blogs.deia.eus\/anasagasti\/files\/2022\/10\/Presentacion-Betiko-Lagunak.jpg\"><img loading=\"lazy\" decoding=\"async\" width=\"940\" height=\"529\" src=\"https:\/\/blogs.deia.eus\/anasagasti\/files\/2022\/10\/Presentacion-Betiko-Lagunak-940x529.jpg\" alt=\"\" class=\"wp-image-16731\" srcset=\"https:\/\/blogs.deia.eus\/anasagasti\/files\/2022\/10\/Presentacion-Betiko-Lagunak-940x529.jpg 940w, https:\/\/blogs.deia.eus\/anasagasti\/files\/2022\/10\/Presentacion-Betiko-Lagunak-580x326.jpg 580w, https:\/\/blogs.deia.eus\/anasagasti\/files\/2022\/10\/Presentacion-Betiko-Lagunak-768x432.jpg 768w, https:\/\/blogs.deia.eus\/anasagasti\/files\/2022\/10\/Presentacion-Betiko-Lagunak.jpg 1024w\" sizes=\"auto, (max-width: 940px) 100vw, 940px\" \/><\/a><\/figure>\n\n\n\n<p>El pasado martes 25 de octubre, aniversario de la abolici\u00f3n foral y del estatuto de Gernika, se present\u00f3 en el sal\u00f3n del edificio La Bolsa de Bilbao, la Asociaci\u00f3n cultural Betiko Lagunak.<\/p>\n\n\n\n<p>Se form\u00f3 en su d\u00eda sin estatutos registrados y bajo el impulso de Txomin Saratxaga, conspicuo sabiniano que no deseaba que la historia y las referencias se diluyeran &nbsp;en el d\u00eda a d\u00eda. Era feliz organizando las comidas en el Batzoki Larrazabal en junio recordando el discurso de Sabino Arana en 1893, lo mismo cada San Andr\u00e9s. Tambi\u00e9n logr\u00f3 promocionar y presentar por todo lo alto la edici\u00f3n del libro \u201cDiario de un gudari Condenado a Muerte\u201d en La Bilbaina, o promocionar y editar el librote \u201cResistencia\u201d, coordinado por Jos\u00e9 Mari Gonz\u00e1lez Zorrilla y cosas as\u00ed.<\/p>\n\n\n\n<p>Fallecido Txomin Saratxaga, el &nbsp;grupo al que \u00e9l convocaba, pensamos que la idea era buena y no pod\u00eda diluirse en la nada y a tal efecto y gracias a Javier Batarrita, se registraron los estatutos y por tanto la Asociaci\u00f3n, se le dio un domicilio legal, y el martes se present\u00f3 en el edificio La Bolsa en el Casco Viejo, tras la comida que este a\u00f1o tuvimos el 3 de junio en el Palacio Euskalduna.<\/p>\n\n\n\n<p>El presidente, que tiene mano izquierda y sabe lo que es una asamblea, dirigi\u00f3 la sesi\u00f3n con habilidad tomando la palabra previamente Bego\u00f1a Errazti poniendo en valor lo que se hab\u00eda hecho en el pasado y tratando de que en el futuro sea un aut\u00e9ntico, eficaz y positivo foro de debate y de recuperaci\u00f3n de Memoria Hist\u00f3rica.. Estaba asimismo I\u00f1aki Egurrola, encargado de los pocos euros que tenemos, ya que la cuota es de tres euros al mes y llegamos a las cincuenta personas un d\u00eda de labor, habiendo tenido 133 en la comida del Euskalduna. Interesa que acudan j\u00f3venes, planteen temas de debate y sea todo muy democr\u00e1tico bajo solo un lema que es el que lanz\u00f3 Sabino Arana.\u201dEuzkadi es la patria de los vascos\u201d. Y ah\u00ed cabe todo.<\/p>\n\n\n\n<p>La hija de Javier Larrea, Naiara, le ayud\u00f3 muy eficazmente a su aita en toda la log\u00edstica del acto que siempre tiene mil detalles que atender. Tras el acto, croquetas y un pintxo de tortilla animaron a la concurrencia, que creo sali\u00f3 satisfecha de ese inicio constituyente.<\/p>\n\n\n\n<p>No se pretende cuestionar ni colisionar con ning\u00fan partido, asociaci\u00f3n o Fundaci\u00f3n, solo se pretende ser positivo y debatir democr\u00e1ticamente.<\/p>\n\n\n\n<p>La presidenta de honor es Sorkunde Arregui, viuda de Txomin Saratxaga.<\/p>\n<!-- AddThis Advanced Settings generic via filter on the_content --><!-- AddThis Share Buttons generic via filter on the_content -->","protected":false},"excerpt":{"rendered":"<p>Jueves 27 de octubre de 2022 El pasado martes 25 de octubre, aniversario de la abolici\u00f3n foral y del estatuto de Gernika, se present\u00f3 en el sal\u00f3n del edificio La Bolsa de Bilbao, la Asociaci\u00f3n cultural Betiko Lagunak. Se form\u00f3 en su d\u00eda sin estatutos registrados y bajo el impulso de Txomin Saratxaga, conspicuo sabiniano &hellip; <a href=\"https:\/\/blogs.deia.eus\/anasagasti\/2022\/10\/27\/se-presento-betiko-lagunak\/\" class=\"more-link\">Sigue leyendo <span class=\"screen-reader-text\">Se present\u00f3 Betiko Lagunak<\/span><\/a><!-- AddThis Advanced Settings generic via filter on get_the_excerpt --><!-- AddThis Share Buttons generic via filter on get_the_excerpt --><\/p>\n","protected":false},"author":19,"featured_media":0,"comment_status":"open","ping_status":"open","sticky":false,"template":"","format":"standard","meta":{"footnotes":""},"categories":[1],"tags":[],"class_list":["post-16730","post","type-post","status-publish","format-standard","hentry","category-general"],"_links":{"self":[{"href":"https:\/\/blogs.deia.eus\/anasagasti\/wp-json\/wp\/v2\/posts\/16730","targetHints":{"allow":["GET"]}}],"collection":[{"href":"https:\/\/blogs.deia.eus\/anasagasti\/wp-json\/wp\/v2\/posts"}],"about":[{"href":"https:\/\/blogs.deia.eus\/anasagasti\/wp-json\/wp\/v2\/types\/post"}],"author":[{"embeddable":true,"href":"https:\/\/blogs.deia.eus\/anasagasti\/wp-json\/wp\/v2\/users\/19"}],"replies":[{"embeddable":true,"href":"https:\/\/blogs.deia.eus\/anasagasti\/wp-json\/wp\/v2\/comments?post=16730"}],"version-history":[{"count":1,"href":"https:\/\/blogs.deia.eus\/anasagasti\/wp-json\/wp\/v2\/posts\/16730\/revisions"}],"predecessor-version":[{"id":16732,"href":"https:\/\/blogs.deia.eus\/anasagasti\/wp-json\/wp\/v2\/posts\/16730\/revisions\/16732"}],"wp:attachment":[{"href":"https:\/\/blogs.deia.eus\/anasagasti\/wp-json\/wp\/v2\/media?parent=16730"}],"wp:term":[{"taxonomy":"category","embeddable":true,"href":"https:\/\/blogs.deia.eus\/anasagasti\/wp-json\/wp\/v2\/categories?post=16730"},{"taxonomy":"post_tag","embeddable":true,"href":"https:\/\/blogs.deia.eus\/anasagasti\/wp-json\/wp\/v2\/tags?post=16730"}],"curies":[{"name":"wp","href":"https:\/\/api.w.org\/{rel}","templated":true}]}}