{"id":16733,"date":"2022-10-28T14:22:40","date_gmt":"2022-10-28T12:22:40","guid":{"rendered":"https:\/\/blogs.deia.eus\/anasagasti\/?p=16733"},"modified":"2022-10-28T14:22:43","modified_gmt":"2022-10-28T12:22:43","slug":"triple-puntazo-en-24-horas","status":"publish","type":"post","link":"https:\/\/blogs.deia.eus\/anasagasti\/2022\/10\/28\/triple-puntazo-en-24-horas\/","title":{"rendered":"Triple puntazo en 24 horas"},"content":{"rendered":"\n<p><strong>Viernes 28 de octubre de 2022<\/strong><\/p>\n\n\n<div class=\"wp-block-image\">\n<figure class=\"aligncenter size-large\"><a href=\"https:\/\/blogs.deia.eus\/anasagasti\/files\/2022\/10\/Seleccion-vasca-.jpg\"><img loading=\"lazy\" decoding=\"async\" width=\"940\" height=\"397\" src=\"https:\/\/blogs.deia.eus\/anasagasti\/files\/2022\/10\/Seleccion-vasca--940x397.jpg\" alt=\"\" class=\"wp-image-16734\" srcset=\"https:\/\/blogs.deia.eus\/anasagasti\/files\/2022\/10\/Seleccion-vasca--940x397.jpg 940w, https:\/\/blogs.deia.eus\/anasagasti\/files\/2022\/10\/Seleccion-vasca--580x245.jpg 580w, https:\/\/blogs.deia.eus\/anasagasti\/files\/2022\/10\/Seleccion-vasca--768x325.jpg 768w, https:\/\/blogs.deia.eus\/anasagasti\/files\/2022\/10\/Seleccion-vasca-.jpg 1024w\" sizes=\"auto, (max-width: 940px) 100vw, 940px\" \/><\/a><\/figure>\n<\/div>\n\n\n<p>Vivimos tan deprisa que a veces no podemos ni valorar lo que significan ciertas cosas. La posibilidad de selecciones vascas para pelota y surf, la salida del Tour de Euzkadi y la apertura de una Delegaci\u00f3n Vasca en Paris, son tres noticias de gran impacto. De grand\u00edsimo impacto. Esto si es hacer pa\u00eds&nbsp; y no las elucubraciones de los de la pancarta permanente. El dibujo es el de Deia de hoy y lo expresa muy bien.<\/p>\n\n\n\n<p>Fue muy bueno el discurso del Lehendakari en el acto del Tour as\u00ed como el video preparado. Es un reto organizativo que exige un trabajo interinstitucional de primer orden que ser\u00e1 apoyado por una ciudadan\u00eda vasca entusiasmada.<\/p>\n\n\n\n<p>Que se abra la puerta a dos selecciones es un hito. Es como si nos dijeran ahora que la semana que viene llega el Guernica de Picasso o que nos transfieran el r\u00e9gimen econ\u00f3mico de la Seguridad Social.<\/p>\n\n\n\n<p>Y que el Lehendakari abra en Paris una Delegaci\u00f3n Vasca tiene dos lecturas. La del servicio y presencia de Euzkadi en Paris y la de retomar el tracto hist\u00f3rico de una tr\u00e1gica presencia vasca en Paris desde 1936, lejos de Euzkadi porque el Lehendakari no pod\u00eda tener su sede cerca de la frontera. Fue la apuesta de la Av. Marceau, su cierre, su recuperaci\u00f3n, su p\u00e9rdida en 1951, la apertura en la Rue Singer, el fallecimiento de Aguirre, el despacho de Leizaola y su vuelta del exilio en 1979, y ahora una sede nueva y deslumbrante, abierta en la Ciudad Luz.<\/p>\n\n\n\n<p>Por eso creo que hay que contextualizar&nbsp; tambi\u00e9n estos \u00e9xitos. Rafael Picavea y Leguia fue el primer Delegado del Gobierno Vasco en Paris en plena guerra. Era de Oiartzun. Fue senador, diputado en el Congreso, director de peri\u00f3dicos y un hombre comprometido. Con la entrada de los alemanes se instal\u00f3 en Marsella. A punto de embarcar para ir a Am\u00e9rica, el polic\u00eda Urraca le oblig\u00f3 a quedarse en tierra con su familia. Vivi\u00f3 en Tardets y luego en San Juan de Luz. All\u00ed fund\u00f3 en 1943 el Instituto Gernika. Falleci\u00f3 en 1946 y el r\u00e9gimen no dej\u00f3 que se celebrara su funeral. No s\u00e9 si se le ha recordado pero creo es obligaci\u00f3n moral el hacerlo con gentes cuyo compromiso fue tan perseguido y sean ahora tan invisibles. La nueva delegada lo deber\u00eda tener en cuenta. Este Gobierno es sucesor del de Agirre si creemos en nuestra propia historia..<\/p>\n\n\n\n<p>En clave distinta le recuerdo a Xabier Albistur en relaci\u00f3n al Tour. Con una ETA&nbsp; en plena actuaci\u00f3n, el alcalde tuvo la idea y logr\u00f3 la salida del Tour de San Sebasti\u00e1n y la organizaron muy bien. No es por tanto la primera vez y me apena que desde el mismo ayuntamiento y el actual alcalde &nbsp;ni citan, o no con rotundidad, que el Tour sali\u00f3 de Donostia&nbsp; el 4 de julio de 1992. \u00bfTanto cuesta reconocer a la gente su trabajo?. Parece que s\u00ed. Y seguramente ahora viene, porque aquello sali\u00f3 bien a pesar de Odon Elorza pues reitero, el padre de la criatura fue Xabier Albistur.<\/p>\n\n\n\n<p>En relaci\u00f3n a las Selecciones el \u00fanico peligro lo tenemos en el PP y en Vox que har\u00e1n lo imposible para cargarse esa menci\u00f3n en la Ley del Deporte. Les costar\u00e1 y creo que no hay marcha atr\u00e1s por lo que hay que celebrarlo como lo que es, el logro simb\u00f3lico del PNV m\u00e1s importante de los \u00faltimos a\u00f1os. Tanto que a Bildu no le ha quedado m\u00e1s que decir con la boca peque\u00f1a que no est\u00e1 mal aunque lo importante es lograr la selecci\u00f3n de f\u00fatbol, por cierto ya lograda por el Gobierno Vasco de 1936.<\/p>\n\n\n\n<p>Zorionak a los que lo han hecho posible y los que llevan a\u00f1os y a\u00f1os horadando la piedra.<\/p>\n<!-- AddThis Advanced Settings generic via filter on the_content --><!-- AddThis Share Buttons generic via filter on the_content -->","protected":false},"excerpt":{"rendered":"<p>Viernes 28 de octubre de 2022 Vivimos tan deprisa que a veces no podemos ni valorar lo que significan ciertas cosas. La posibilidad de selecciones vascas para pelota y surf, la salida del Tour de Euzkadi y la apertura de una Delegaci\u00f3n Vasca en Paris, son tres noticias de gran impacto. De grand\u00edsimo impacto. Esto &hellip; <a href=\"https:\/\/blogs.deia.eus\/anasagasti\/2022\/10\/28\/triple-puntazo-en-24-horas\/\" class=\"more-link\">Sigue leyendo <span class=\"screen-reader-text\">Triple puntazo en 24 horas<\/span><\/a><!-- AddThis Advanced Settings generic via filter on get_the_excerpt --><!-- AddThis Share Buttons generic via filter on get_the_excerpt --><\/p>\n","protected":false},"author":19,"featured_media":0,"comment_status":"open","ping_status":"open","sticky":false,"template":"","format":"standard","meta":{"footnotes":""},"categories":[1],"tags":[],"class_list":["post-16733","post","type-post","status-publish","format-standard","hentry","category-general"],"_links":{"self":[{"href":"https:\/\/blogs.deia.eus\/anasagasti\/wp-json\/wp\/v2\/posts\/16733","targetHints":{"allow":["GET"]}}],"collection":[{"href":"https:\/\/blogs.deia.eus\/anasagasti\/wp-json\/wp\/v2\/posts"}],"about":[{"href":"https:\/\/blogs.deia.eus\/anasagasti\/wp-json\/wp\/v2\/types\/post"}],"author":[{"embeddable":true,"href":"https:\/\/blogs.deia.eus\/anasagasti\/wp-json\/wp\/v2\/users\/19"}],"replies":[{"embeddable":true,"href":"https:\/\/blogs.deia.eus\/anasagasti\/wp-json\/wp\/v2\/comments?post=16733"}],"version-history":[{"count":1,"href":"https:\/\/blogs.deia.eus\/anasagasti\/wp-json\/wp\/v2\/posts\/16733\/revisions"}],"predecessor-version":[{"id":16735,"href":"https:\/\/blogs.deia.eus\/anasagasti\/wp-json\/wp\/v2\/posts\/16733\/revisions\/16735"}],"wp:attachment":[{"href":"https:\/\/blogs.deia.eus\/anasagasti\/wp-json\/wp\/v2\/media?parent=16733"}],"wp:term":[{"taxonomy":"category","embeddable":true,"href":"https:\/\/blogs.deia.eus\/anasagasti\/wp-json\/wp\/v2\/categories?post=16733"},{"taxonomy":"post_tag","embeddable":true,"href":"https:\/\/blogs.deia.eus\/anasagasti\/wp-json\/wp\/v2\/tags?post=16733"}],"curies":[{"name":"wp","href":"https:\/\/api.w.org\/{rel}","templated":true}]}}