{"id":16737,"date":"2022-10-29T09:20:05","date_gmt":"2022-10-29T07:20:05","guid":{"rendered":"https:\/\/blogs.deia.eus\/anasagasti\/?p=16737"},"modified":"2022-10-29T09:20:07","modified_gmt":"2022-10-29T07:20:07","slug":"la-seleccion-vasca-servida","status":"publish","type":"post","link":"https:\/\/blogs.deia.eus\/anasagasti\/2022\/10\/29\/la-seleccion-vasca-servida\/","title":{"rendered":"La selecci\u00f3n vasca, servida"},"content":{"rendered":"\n<p><strong>S\u00e1bado 29 de octubre de 2022<\/strong><\/p>\n\n\n<div class=\"wp-block-image\">\n<figure class=\"aligncenter size-large\"><a href=\"https:\/\/blogs.deia.eus\/anasagasti\/files\/2022\/10\/Seleccion-de-Euskadi-junio-2001.jpg\"><img loading=\"lazy\" decoding=\"async\" width=\"940\" height=\"733\" src=\"https:\/\/blogs.deia.eus\/anasagasti\/files\/2022\/10\/Seleccion-de-Euskadi-junio-2001-940x733.jpg\" alt=\"\" class=\"wp-image-16738\" srcset=\"https:\/\/blogs.deia.eus\/anasagasti\/files\/2022\/10\/Seleccion-de-Euskadi-junio-2001-940x733.jpg 940w, https:\/\/blogs.deia.eus\/anasagasti\/files\/2022\/10\/Seleccion-de-Euskadi-junio-2001-580x452.jpg 580w, https:\/\/blogs.deia.eus\/anasagasti\/files\/2022\/10\/Seleccion-de-Euskadi-junio-2001-768x599.jpg 768w, https:\/\/blogs.deia.eus\/anasagasti\/files\/2022\/10\/Seleccion-de-Euskadi-junio-2001.jpg 985w\" sizes=\"auto, (max-width: 940px) 100vw, 940px\" \/><\/a><\/figure>\n<\/div>\n\n\n<p>La noticia es de hace 21 a\u00f1os. Me la ha dado Mar\u00eda Esther, de sus tiempos de Diputada, para recordarme que esto de las Selecciones Vascas es de tiempos de la polca valorando lo dif\u00edcil que ha sido abrir una compuerta esta semana en la ley del Deporte. En 1937 el Gobierno Vasco ya tuvo su Selecci\u00f3n Nacional de F\u00fatbol y esta foto habla de otro tipo de Selecci\u00f3n. El caso es ir construyendo poco a poco una realidad.<\/p>\n\n\n\n<p>La noticia fue&nbsp; la siguiente:<\/p>\n\n\n\n<p>La playa getxotarra de Ereaga ser\u00e1 la sede de una de las siete pruebas de la tercera edici\u00f3n de la \u201cLiga de Oro\u201d de futbol playa, en la que tomar\u00e1 parte la selecci\u00f3n vasca, que ayer fue presentada.<\/p>\n\n\n\n<p>Alberto Gorriz har\u00e1 las funciones de t\u00e9cnico y jugador y el combinado estar\u00e1 formado por 18 componentes, entre los que se encuentran nombres ilustres del fuitbol de Primera.&nbsp; Para el ex jugador del Athletic y miembro de la selecci\u00f3n vasca, Santi Urkiaga, \u201ces una alegr\u00eda volver a estar con compa\u00f1eros y amigos. Tambi\u00e9n es una satisfacci\u00f3n poder representar a Euskadi\u201d, se\u00f1al\u00f3.<\/p>\n\n\n\n<p>Los d\u00edas 10,11 y 12 de agosto se disputar\u00e1 la \u201cLiga de Oro\u201d en la playa getxotarra, en la que se reunir\u00e1n, adem\u00e1s de la selecci\u00f3n vasca, Grecia, Holanda y Alemania, que parte como la favorita.&nbsp; La selecci\u00f3n germana ya fue campeona en la primera edici\u00f3n y cuenta en su escuadra con hombres como Mathaeus o Klinsmann.<\/p>\n\n\n\n<p>El pr\u00f3ximo martes, ocho componentes de la selecci\u00f3n viajar\u00e1n hasta Cagliari, junto con el resto de las selecciones (Grecia, Italia, Alemania, Austria, Holanda, B\u00e9lgica, Portugal), para asistir a la presentaci\u00f3n de la \u201cLiga de Oro\u201d y disputar un torneo amistoso en tierras italianas.<\/p>\n\n\n\n<figure class=\"wp-block-table\"><table><tbody><tr><td><strong>SELECCI\u00d3N DE EUSKADI<\/strong><\/td><\/tr><tr><td>1.- Andoni Cedr\u00fan<\/td><td>2.- Roberto Olabe<\/td><td>3.- Alberto Gorriz<\/td><\/tr><tr><td>4.- Santi Urkiaga<\/td><td>5.-. Agust\u00edn Gajate<\/td><td>6.- Genar Andrinua<\/td><\/tr><tr><td>7.- Ismael Urtubi<\/td><td>8.- Patxi Salinas<\/td><td>9.- Miguel Sota<\/td><\/tr><tr><td>10.- Jes\u00fas Mari Zamora<\/td><td>11.- Txiki Begiristain<\/td><td>12.- Jos\u00e9 Mari Bakero<\/td><\/tr><tr><td>13.- Jos\u00e9 Luis Ribera<\/td><td>14.- Luciano Iturriano<\/td><td>15.- Musti Mujika<\/td><\/tr><tr><td>16.- Peio Uralde<\/td><td>17.- Alberto Albistegi<\/td><td>18.- Agust\u00edn Elduaien<\/td><\/tr><\/tbody><\/table><\/figure>\n\n\n\n<p>Bego\u00f1a Hormaetxea<\/p>\n<!-- AddThis Advanced Settings generic via filter on the_content --><!-- AddThis Share Buttons generic via filter on the_content -->","protected":false},"excerpt":{"rendered":"<p>S\u00e1bado 29 de octubre de 2022 La noticia es de hace 21 a\u00f1os. Me la ha dado Mar\u00eda Esther, de sus tiempos de Diputada, para recordarme que esto de las Selecciones Vascas es de tiempos de la polca valorando lo dif\u00edcil que ha sido abrir una compuerta esta semana en la ley del Deporte. En &hellip; <a href=\"https:\/\/blogs.deia.eus\/anasagasti\/2022\/10\/29\/la-seleccion-vasca-servida\/\" class=\"more-link\">Sigue leyendo <span class=\"screen-reader-text\">La selecci\u00f3n vasca, servida<\/span><\/a><!-- AddThis Advanced Settings generic via filter on get_the_excerpt --><!-- AddThis Share Buttons generic via filter on get_the_excerpt --><\/p>\n","protected":false},"author":19,"featured_media":0,"comment_status":"open","ping_status":"open","sticky":false,"template":"","format":"standard","meta":{"footnotes":""},"categories":[1],"tags":[],"class_list":["post-16737","post","type-post","status-publish","format-standard","hentry","category-general"],"_links":{"self":[{"href":"https:\/\/blogs.deia.eus\/anasagasti\/wp-json\/wp\/v2\/posts\/16737","targetHints":{"allow":["GET"]}}],"collection":[{"href":"https:\/\/blogs.deia.eus\/anasagasti\/wp-json\/wp\/v2\/posts"}],"about":[{"href":"https:\/\/blogs.deia.eus\/anasagasti\/wp-json\/wp\/v2\/types\/post"}],"author":[{"embeddable":true,"href":"https:\/\/blogs.deia.eus\/anasagasti\/wp-json\/wp\/v2\/users\/19"}],"replies":[{"embeddable":true,"href":"https:\/\/blogs.deia.eus\/anasagasti\/wp-json\/wp\/v2\/comments?post=16737"}],"version-history":[{"count":1,"href":"https:\/\/blogs.deia.eus\/anasagasti\/wp-json\/wp\/v2\/posts\/16737\/revisions"}],"predecessor-version":[{"id":16739,"href":"https:\/\/blogs.deia.eus\/anasagasti\/wp-json\/wp\/v2\/posts\/16737\/revisions\/16739"}],"wp:attachment":[{"href":"https:\/\/blogs.deia.eus\/anasagasti\/wp-json\/wp\/v2\/media?parent=16737"}],"wp:term":[{"taxonomy":"category","embeddable":true,"href":"https:\/\/blogs.deia.eus\/anasagasti\/wp-json\/wp\/v2\/categories?post=16737"},{"taxonomy":"post_tag","embeddable":true,"href":"https:\/\/blogs.deia.eus\/anasagasti\/wp-json\/wp\/v2\/tags?post=16737"}],"curies":[{"name":"wp","href":"https:\/\/api.w.org\/{rel}","templated":true}]}}