{"id":16740,"date":"2022-10-30T10:19:16","date_gmt":"2022-10-30T08:19:16","guid":{"rendered":"https:\/\/blogs.deia.eus\/anasagasti\/?p=16740"},"modified":"2022-10-30T10:19:19","modified_gmt":"2022-10-30T08:19:19","slug":"es-lo-menos-nacionalista-que-han-hecho-los-nacionalistas-2","status":"publish","type":"post","link":"https:\/\/blogs.deia.eus\/anasagasti\/2022\/10\/30\/es-lo-menos-nacionalista-que-han-hecho-los-nacionalistas-2\/","title":{"rendered":"\u00bfEs lo menos nacionalista que han hecho los nacionalistas?"},"content":{"rendered":"\n<p><strong>Domingo 30 de octubre de 2022<\/strong><\/p>\n\n\n<div class=\"wp-block-image\">\n<figure class=\"aligncenter size-full is-resized\"><a href=\"https:\/\/blogs.deia.eus\/anasagasti\/files\/2022\/10\/Inicios-del-Gugenheim.jpg\"><img loading=\"lazy\" decoding=\"async\" src=\"https:\/\/blogs.deia.eus\/anasagasti\/files\/2022\/10\/Inicios-del-Gugenheim.jpg\" alt=\"\" class=\"wp-image-16741\" width=\"505\" height=\"673\" srcset=\"https:\/\/blogs.deia.eus\/anasagasti\/files\/2022\/10\/Inicios-del-Gugenheim.jpg 768w, https:\/\/blogs.deia.eus\/anasagasti\/files\/2022\/10\/Inicios-del-Gugenheim-580x773.jpg 580w\" sizes=\"auto, (max-width: 505px) 100vw, 505px\" \/><\/a><\/figure>\n<\/div>\n\n\n<p>Hace unos a\u00f1os nos hablaba con pesimismo el ministro chileno, el Vasco Irureta de lo que estaba viendo en su democracia cristiana chilena, hoy en crisis muy aguda. \u201cEstamos en crisis porque nuestros dirigentes se han olvidado que la pol\u00edtica es una vocaci\u00f3n y no una profesi\u00f3n\u201d. El tiempo le ha dado la raz\u00f3n. Nos puede ocurrir. La sociedad vasca comienza a estar anestesiada ante ciertas cuestiones. Y ha venido bien celebrar el 25 aniversario de la apuesta por la construcci\u00f3n del Guggenheim contra viento y marea, liderando la sociedad, frente a los profetas del desastre, no explic\u00e1ndose lo suficiente, porque los \u00e9xitos tienen cien padres, y las derrotas son hu\u00e9rfanas. Unos ganan la fama y otros cardan la lana y en este caso ha habido unos pocos que han cardado la lana y que no han sido lo suficientemente reconocidos. Que el Guggenheim es un \u00e9xito del pa\u00eds, s\u00ed, pero fundamentalmente de los hombres y mujeres del EAJ-PNV por haber tenido \u00a0las ideas claras y el coraje suficiente para superar todos los intereses y palos en las ruedas que le pusieron al proyecto demostrando los obstruccionistas no estar a la altura de los desaf\u00edos. Y tambi\u00e9n un apunte. Colgar\u00eda del palo mayor a quien tom\u00f3 la decisi\u00f3n de demoler la preciosa f\u00e1brica de la Compa\u00f1\u00eda de Maderas (1908) con su airosa chimenea obra del arquitecto y primer alcalde nacionalista de Bilbao, Gregorio Ibarretxe. Desmontada y numerada hubiera sido hoy desde una necesaria biblioteca, una sala de usos m\u00faltiples y hasta un front\u00f3n. Reconstruirla ser\u00eda una buena idea de campa\u00f1a. Fue un inmenso error.<\/p>\n\n\n\n<p>Cuando el PNV apost\u00f3 por el Guggenheim hab\u00eda l\u00edderes con convicciones, en medio de aquella crisis tan profunda. El liderazgo est\u00e1 estrechamente relacionado con las convicciones. Los pol\u00edticos no deber\u00edan andar pendientes de las encuestas y de su popularidad, sino proponer iniciativas para su sociedad y su desarrollo, aunque molesten a minor\u00edas muy activas. Un pol\u00edtico tiene que tener el coraje de descontentar a veces para gobernar bien y que, como en el caso del Guggenheim, sean apuestas de futuro. Que ahora Maddalen Iriarte nos diga que hay que mirar al futuro, tras felicitar gen\u00e9ricamente al Guggenheim, est\u00e1 muy bien, porque lo que ella representa no puede mirar al pasado de este museo, en cuya inauguraci\u00f3n ETA quiso fuera noticia mundial la muerte ti\u00f1\u00e9ndola de sangre, logr\u00e1ndolo con el ertzaina Txema Agirre. Pero esta IA nunca reconocer\u00e1 nada de lo bien hecho por el PNV, porque repito, fueron las gentes del PNV los padres de la criatura al estar en todas las instituciones y ser el eje del pa\u00eds. Ese es el papel de un liderazgo, aventurarse por un camino, a veces de sacrificio, para llegar a un objetivo. La gente entiende este lenguaje y no solo &nbsp;andar detr\u00e1s de los votos y la popularidad con la eterna sonrisa de pl\u00e1stico, sino como corredores de fondo. Me gustar\u00eda volviera aquel esp\u00edritu innovador y arriesgado que premia el ser \u00fatil a ser importante.<\/p>\n\n\n\n<p><strong>COMO FUE DE VERDAD<\/strong>.<\/p>\n\n\n\n<p>Hubo mucho glamur en la celebraci\u00f3n del martes 18 de octubre en el Guggenheim. Nada que objetar sabiendo solo que el glamur es instant\u00e1neo, superficial y ef\u00edmero y que hab\u00eda mucha pajarita en el atrio del museo con sonrisa Profiden que se opuso con beligerancia agresiva al proyecto que naci\u00f3 pese a ellos. Y faltaron algunos de los imprescindibles.<\/p>\n\n\n\n<p>Alfonso Otazu y Pedro Ruiz Aldasoro est\u00e1n en el inicio. El primero capta la idea y en un encuentro con Ernest Lluch (asesinado por ETA) le oyen comentar que hab\u00eda habido alg\u00fan intento para -en colaboraci\u00f3n con el BBVA- instalarlo en Madrid pero la muerte de Pedro Toledo lo hab\u00eda frustrado. Ambos, Pedro y Alfonso, hablan con el Diputado General de Bizkaia, Jos\u00e9 Alberto Pradera, y al insistirle que el enfoque era econ\u00f3mico y en principio no cultural, Pradera se lo encarga &nbsp;a Juan Luis Laskurain, Diputado de Hacienda y Finanzas quien toma las riendas de aquella incierta iniciativa entendiendo que es un asunto de gran inter\u00e9s, poni\u00e9ndose en marcha y &nbsp;formando un equipo en el que est\u00e1 Juan Ignacio Vidarte, director de Pol\u00edtica Fiscal y Financiera que hab\u00eda sido propuesto para el cargo por Laskurain. Como se ha comprobado con hechos, fue un equipo de lujo. Los dos del PNV. En febrero de 1991 Juan Luis Laskurain le env\u00eda un escrito a Thomas Krens en el que le expresa el inter\u00e9s vasco por el Museo y le propone iniciar formalmente las negociaciones. Laskurain viendo que el proyecto es de gran envergadura piensa que es imprescindible hablar con el gobierno del Lehendakari Ardanza que lo acepta de buen grado y es Joseba Arregui, Consejero de Cultura, quien se encarga junto a Jos\u00e9 Juan Gonz\u00e1lez de Txabarri y otras personas de su equipo &nbsp;el &nbsp;trabajar conjuntamente en la idea.<\/p>\n\n\n\n<p>Tiene su importancia la figura de Juan Luis Laskurain pues en ese momento formaba parte del Euzkadi Buru Batzar y l\u00f3gicamente da cuenta de todo el proyecto al EAJ-PNV, cuyo EBB est\u00e1 presidido por Xabier Arzalluz. Fue una conjunci\u00f3n de los astros al trabajar al un\u00edsono Diputaci\u00f3n, Gobierno, Ayuntamiento &nbsp;y EBB para hacer frente a una oposici\u00f3n dur\u00edsima por parte del mundo de la cultura, medios de comunicaci\u00f3n, que ahora hacen especiales, y todos los partidos pol\u00edticos en contra salvo el impulsor y sus gentes del PNV que se baten el cobre por la genial idea. Todos los implicados en hacerlo estuvieron solos teniendo que contrarrestar la opini\u00f3n contraria que se va formando mediante art\u00edculos de prensa, debates, conferencias mesas redondas etc. El propio Laskurain con su doble sombrero de burukide y responsable de finanzas&nbsp; intercambia tres art\u00edculos con Ernest Lluch en El Correo Espa\u00f1ol y un debate con el propio Lluch en la sala Larrea, llena a reventar. La elecci\u00f3n del arquitecto Frank Gehry y su novedosa propuesta se realiza en un hotel de Frankfurt con la presencia de Joseba Arregui, Ruiz Aldasoro, Vidarte y Laskurain. Optan por Frank Gehry siendo Laskurain&nbsp; quien se inclina por esa propuesta pidiendo hacerlo a Joseba Arregui. El alcalde de Bilbao era Josu Ortuondo quien con Ibon Areso obtienen la cesi\u00f3n de los terrenos, en tanto que Joseba Arregui sacaba adelante el compromiso del Gobierno Ardanza. Para Laskurain queda la Diputaci\u00f3n, las Juntas Generales&nbsp; de Bizkaia y el EBB, ejecutiva&nbsp; donde se debate&nbsp; y se aprueba el proyecto casi por unanimidad, con un solo voto en contra. Luego llegaron las firmas, terminando la gestaci\u00f3n del proyecto en febrero de 1992. Tras esto viene la construcci\u00f3n del museo y su posterior gesti\u00f3n y explotaci\u00f3n, todo ejecutado de la manera m\u00e1s que brillante, superando todas las previsiones. De aquel impulso inicial y al pasar a la segunda fase de ejecuci\u00f3n las personas anteriormente citadas no tuvieron nada que ver&nbsp; con excepci\u00f3n de Juan Ignacio Vidarte. Josu Bergara sucede a Pradera y Tom\u00e1s Uribeetxeberria tiene que dar cuenta semanal en el desolladero de las Juntas Generales contra una oposici\u00f3n en pie de guerra. Fue un esfuerzo colectivo pero no hay que olvidar que fue la Diputaci\u00f3n de Bizkaia quien m\u00e1s apost\u00f3 por aquel platillo volante en medio de Bilbao como lo llamaron. O como dijo con prepotencia el cr\u00edtico de arte, Kosme Bara\u00f1ano, \u201des lo menos nacionalista que han hecho los nacionalistas\u201d. Pues lo hicieron y ojal\u00e1 el a\u00f1o que viene en campa\u00f1a se ponga en valor. No saben que nacionalismo es igual a progreso.<\/p>\n\n\n\n<p><strong>EL PREMIO A RODRIGUEZ AZPIOLEA<\/strong><\/p>\n\n\n\n<p>El premio Periodismo Vasco 2022, que concede la Asociaci\u00f3n Vasca de periodistas a los informadores cuyo trabajo \u201cha sido ejemplo y orgullo para esta profesi\u00f3n\u201d se le da este a\u00f1o a Rodr\u00edguez Azpiolea. Un antiguo Jefe de prensa del PNV al saberlo me coment\u00f3: \u201dEs el premio al periodismo antinacionalista. O no le conocen o le conocen muy bien. Si no le conocen que pregunten a los que sabemos y si le conocen, se ratifica lo que digo. Y un Colegio debe ser lo m\u00e1s neutral posible\u201d.<\/p>\n\n\n\n<p>Yo le conozco de muchos a\u00f1os, nunca me ayud\u00f3 en las denuncias sobre la Casa Real, omitiendo lo evidente &nbsp;y le he padecido en Madrid, durante d\u00e9cadas. Y lo que digo de \u00e9l ahora, lo sabe, porque lo he escrito mucho antes, no me oculto y me parece un premio absolutamente inadecuado pues \u00e9l, como suele pedir a los dem\u00e1s, no se ha retractado nunca del da\u00f1o causado.<\/p>\n\n\n\n<p>Luis pas\u00f3 de&nbsp; Egin al Diario Vasco, y de El Diario Vasco a El Pa\u00eds. De ETA pm a Euskadiko Ezkerra y de Euskadiko Ezkerra al Partido Socialista. Y mi cr\u00edtica no es por esta evoluci\u00f3n, aunque tuvo en Donostia una actuaci\u00f3n bochornosa. En 1981 HABE hab\u00eda creado clases para la ense\u00f1anza del euskera a personas adultas. Era una apuesta clara por la profesionalizaci\u00f3n del sector y por una oferta de corte acad\u00e9mico. Y dentro del colectivo, se inscribieron, sin ocultar su profesi\u00f3n, polic\u00edas nacionales. Aquello, para el grupo de Azpiolea, era intolerable y entre los alumnos que iniciaron una revuelta estaban antiguos poli milis, reci\u00e9n insertados y, gentes de Euskadiko Ezkerra as\u00ed como periodistas como Luis Rodr\u00edguez Azpiolea, que termin\u00f3 el curso y lo aprob\u00f3 pero encabez\u00f3 la gran protesta para que los polic\u00edas nos aprendieran euskera con ellos. Lo digo porque m\u00e1s de uno le habr\u00e1 le\u00eddo el discurso contrario como periodista de El Pa\u00eds, criticando duramente al nacionalismo vasco..<\/p>\n\n\n\n<p>Rodr\u00edguez Azpiolea fue el gran ariete en El Pa\u00eds durante a\u00f1os contra el Lehendakari Ibarretxe y trat\u00f3 de hacerle el mayor da\u00f1o posible y para ello se invent\u00f3 una grave noticia. En las ediciones del 10 y 11 de julio sosten\u00eda que un significado miembro de la Izquierda Abertzale hab\u00eda avisado al Lehendakari que ETA no cometer\u00eda atentados en los d\u00edas previos y posteriores al 27 de junio cuando en el Parlamento Vasco se debati\u00f3 y aprob\u00f3 el proyecto de ley de consulta. Aquello era un evidente juego sucio por lo que el Gobierno Vasco se querell\u00f3 contra \u00e9l por ser una noticia falsa y por no respetar las leyes deontol\u00f3gicas del periodismo. El juez instructor Juan Antonio Toro orden\u00f3 archivar la querella .Como no pod\u00eda ser menos, el auto argumentaba que la informaci\u00f3n no pod\u00eda considerarse injuriosa. El da\u00f1o estaba hecho, la sospecha lanzada pero tambi\u00e9n se hab\u00eda activado la malla de protecci\u00f3n a la mentira puesta en funcionamiento. En una democracia normal, la querella hubiera prosperado. En Espa\u00f1a no. Rodr\u00edguez Azpiolea, cuando el lehendakari Ibarretxe tuvo que dejar Ajuria Enea, entre otras razones por las campa\u00f1as de El Pa\u00eds, escribi\u00f3 una nota de despedida a Ibarretxe absolutamente irrespetuosa. No tengo espacio para reproducirla.<\/p>\n\n\n\n<p>Este es pues el premiado por la Asociaci\u00f3n de Periodistas Vascos, a cuya nueva directiva salud\u00e9 pensando iban a tener mayor rigor y un enfoque distinto. Me equivoqu\u00e9 gravemente. No pienso ir a la gala y me preocupa que para esta directiva Azpiolea sea \u201cejemplo y orgullo de la profesi\u00f3n\u201d y persona digna de tal premio cuando hay tant\u00edsimos periodistas que lo merecen mucho m\u00e1s que \u00e9l.<\/p>\n<!-- AddThis Advanced Settings generic via filter on the_content --><!-- AddThis Share Buttons generic via filter on the_content -->","protected":false},"excerpt":{"rendered":"<p>Domingo 30 de octubre de 2022 Hace unos a\u00f1os nos hablaba con pesimismo el ministro chileno, el Vasco Irureta de lo que estaba viendo en su democracia cristiana chilena, hoy en crisis muy aguda. \u201cEstamos en crisis porque nuestros dirigentes se han olvidado que la pol\u00edtica es una vocaci\u00f3n y no una profesi\u00f3n\u201d. El tiempo &hellip; <a href=\"https:\/\/blogs.deia.eus\/anasagasti\/2022\/10\/30\/es-lo-menos-nacionalista-que-han-hecho-los-nacionalistas-2\/\" class=\"more-link\">Sigue leyendo <span class=\"screen-reader-text\">\u00bfEs lo menos nacionalista que han hecho los nacionalistas?<\/span><\/a><!-- AddThis Advanced Settings generic via filter on get_the_excerpt --><!-- AddThis Share Buttons generic via filter on get_the_excerpt --><\/p>\n","protected":false},"author":19,"featured_media":0,"comment_status":"open","ping_status":"open","sticky":false,"template":"","format":"standard","meta":{"footnotes":""},"categories":[1],"tags":[],"class_list":["post-16740","post","type-post","status-publish","format-standard","hentry","category-general"],"_links":{"self":[{"href":"https:\/\/blogs.deia.eus\/anasagasti\/wp-json\/wp\/v2\/posts\/16740","targetHints":{"allow":["GET"]}}],"collection":[{"href":"https:\/\/blogs.deia.eus\/anasagasti\/wp-json\/wp\/v2\/posts"}],"about":[{"href":"https:\/\/blogs.deia.eus\/anasagasti\/wp-json\/wp\/v2\/types\/post"}],"author":[{"embeddable":true,"href":"https:\/\/blogs.deia.eus\/anasagasti\/wp-json\/wp\/v2\/users\/19"}],"replies":[{"embeddable":true,"href":"https:\/\/blogs.deia.eus\/anasagasti\/wp-json\/wp\/v2\/comments?post=16740"}],"version-history":[{"count":1,"href":"https:\/\/blogs.deia.eus\/anasagasti\/wp-json\/wp\/v2\/posts\/16740\/revisions"}],"predecessor-version":[{"id":16742,"href":"https:\/\/blogs.deia.eus\/anasagasti\/wp-json\/wp\/v2\/posts\/16740\/revisions\/16742"}],"wp:attachment":[{"href":"https:\/\/blogs.deia.eus\/anasagasti\/wp-json\/wp\/v2\/media?parent=16740"}],"wp:term":[{"taxonomy":"category","embeddable":true,"href":"https:\/\/blogs.deia.eus\/anasagasti\/wp-json\/wp\/v2\/categories?post=16740"},{"taxonomy":"post_tag","embeddable":true,"href":"https:\/\/blogs.deia.eus\/anasagasti\/wp-json\/wp\/v2\/tags?post=16740"}],"curies":[{"name":"wp","href":"https:\/\/api.w.org\/{rel}","templated":true}]}}