{"id":16743,"date":"2022-10-31T10:23:05","date_gmt":"2022-10-31T08:23:05","guid":{"rendered":"https:\/\/blogs.deia.eus\/anasagasti\/?p=16743"},"modified":"2022-10-31T10:23:05","modified_gmt":"2022-10-31T08:23:05","slug":"el-cierre-de-medios-en-venezuela","status":"publish","type":"post","link":"https:\/\/blogs.deia.eus\/anasagasti\/2022\/10\/31\/el-cierre-de-medios-en-venezuela\/","title":{"rendered":"<strong>El cierre de medios en Venezuela<\/strong>"},"content":{"rendered":"\n<p><strong>Lunes 31 de octubre de 2022<\/strong><\/p>\n\n\n<div class=\"wp-block-image\">\n<figure class=\"aligncenter size-full is-resized\"><a href=\"https:\/\/blogs.deia.eus\/anasagasti\/files\/2022\/10\/George-Orwell.jpg\"><img loading=\"lazy\" decoding=\"async\" src=\"https:\/\/blogs.deia.eus\/anasagasti\/files\/2022\/10\/George-Orwell.jpg\" alt=\"\" class=\"wp-image-16744\" width=\"474\" height=\"223\" \/><\/a><\/figure>\n<\/div>\n\n\n<p>El Sindicato de Trabajadores de la Prensa (SNTP), denunci\u00f3 que un total de 86 emisoras de radio han sido cerradas desde enero de 2022, hasta la fecha, en todo el pa\u00eds.&nbsp; Sin contar los bloqueos a los sitios web de noticias tanto nacionales como internacionales.<\/p>\n\n\n\n<p>La Sociedad Interamericana de Prensa (SIP) ubica a Venezuela en el \u00faltimo&nbsp; lugar del continente en cuanto a libertad de prensa, y Reporteros Sin Fronteras (RSF) ha denunciado una pol\u00edtica estatal de hegemon\u00eda comunicacional y \u201crestricci\u00f3n de la informaci\u00f3n\u201d en el pa\u00eds.<\/p>\n\n\n\n<p>\u201cLa Libertad de expresi\u00f3n, en particular la libertad de prensa, garantiza la participaci\u00f3n popular en las decisiones y acciones del gobierno y la participaci\u00f3n popular es la esencia de nuestra democracia\u201d.<\/p>\n\n\n\n<p><strong>Coraz\u00f3n Aquino-Ex presidente de Filipinas<\/strong><\/p>\n<!-- AddThis Advanced Settings generic via filter on the_content --><!-- AddThis Share Buttons generic via filter on the_content -->","protected":false},"excerpt":{"rendered":"<p>Lunes 31 de octubre de 2022 El Sindicato de Trabajadores de la Prensa (SNTP), denunci\u00f3 que un total de 86 emisoras de radio han sido cerradas desde enero de 2022, hasta la fecha, en todo el pa\u00eds.&nbsp; Sin contar los bloqueos a los sitios web de noticias tanto nacionales como internacionales. La Sociedad Interamericana de &hellip; <a href=\"https:\/\/blogs.deia.eus\/anasagasti\/2022\/10\/31\/el-cierre-de-medios-en-venezuela\/\" class=\"more-link\">Sigue leyendo <span class=\"screen-reader-text\"><strong>El cierre de medios en Venezuela<\/strong><\/span><\/a><!-- AddThis Advanced Settings generic via filter on get_the_excerpt --><!-- AddThis Share Buttons generic via filter on get_the_excerpt --><\/p>\n","protected":false},"author":19,"featured_media":0,"comment_status":"open","ping_status":"open","sticky":false,"template":"","format":"standard","meta":{"footnotes":""},"categories":[1],"tags":[],"class_list":["post-16743","post","type-post","status-publish","format-standard","hentry","category-general"],"_links":{"self":[{"href":"https:\/\/blogs.deia.eus\/anasagasti\/wp-json\/wp\/v2\/posts\/16743","targetHints":{"allow":["GET"]}}],"collection":[{"href":"https:\/\/blogs.deia.eus\/anasagasti\/wp-json\/wp\/v2\/posts"}],"about":[{"href":"https:\/\/blogs.deia.eus\/anasagasti\/wp-json\/wp\/v2\/types\/post"}],"author":[{"embeddable":true,"href":"https:\/\/blogs.deia.eus\/anasagasti\/wp-json\/wp\/v2\/users\/19"}],"replies":[{"embeddable":true,"href":"https:\/\/blogs.deia.eus\/anasagasti\/wp-json\/wp\/v2\/comments?post=16743"}],"version-history":[{"count":1,"href":"https:\/\/blogs.deia.eus\/anasagasti\/wp-json\/wp\/v2\/posts\/16743\/revisions"}],"predecessor-version":[{"id":16745,"href":"https:\/\/blogs.deia.eus\/anasagasti\/wp-json\/wp\/v2\/posts\/16743\/revisions\/16745"}],"wp:attachment":[{"href":"https:\/\/blogs.deia.eus\/anasagasti\/wp-json\/wp\/v2\/media?parent=16743"}],"wp:term":[{"taxonomy":"category","embeddable":true,"href":"https:\/\/blogs.deia.eus\/anasagasti\/wp-json\/wp\/v2\/categories?post=16743"},{"taxonomy":"post_tag","embeddable":true,"href":"https:\/\/blogs.deia.eus\/anasagasti\/wp-json\/wp\/v2\/tags?post=16743"}],"curies":[{"name":"wp","href":"https:\/\/api.w.org\/{rel}","templated":true}]}}