{"id":16746,"date":"2022-11-01T10:45:42","date_gmt":"2022-11-01T08:45:42","guid":{"rendered":"https:\/\/blogs.deia.eus\/anasagasti\/?p=16746"},"modified":"2022-11-01T10:45:45","modified_gmt":"2022-11-01T08:45:45","slug":"el-nombre-es-seleccion-de-euzkadi","status":"publish","type":"post","link":"https:\/\/blogs.deia.eus\/anasagasti\/2022\/11\/01\/el-nombre-es-seleccion-de-euzkadi\/","title":{"rendered":"El nombre es Selecci\u00f3n de Euzkadi"},"content":{"rendered":"\n<p><strong>Martes 1 de noviembre de 2022<\/strong><\/p>\n\n\n<div class=\"wp-block-image\">\n<figure class=\"aligncenter size-large\"><a href=\"https:\/\/blogs.deia.eus\/anasagasti\/files\/2022\/11\/Seleccion-futbol-1937.jpg\"><img loading=\"lazy\" decoding=\"async\" width=\"940\" height=\"605\" src=\"https:\/\/blogs.deia.eus\/anasagasti\/files\/2022\/11\/Seleccion-futbol-1937-940x605.jpg\" alt=\"\" class=\"wp-image-16747\" srcset=\"https:\/\/blogs.deia.eus\/anasagasti\/files\/2022\/11\/Seleccion-futbol-1937-940x605.jpg 940w, https:\/\/blogs.deia.eus\/anasagasti\/files\/2022\/11\/Seleccion-futbol-1937-580x373.jpg 580w, https:\/\/blogs.deia.eus\/anasagasti\/files\/2022\/11\/Seleccion-futbol-1937-768x494.jpg 768w, https:\/\/blogs.deia.eus\/anasagasti\/files\/2022\/11\/Seleccion-futbol-1937.jpg 1024w\" sizes=\"auto, (max-width: 940px) 100vw, 940px\" \/><\/a><\/figure>\n<\/div>\n\n\n<p>Por iniciativa del Gobierno del Lehendakari Agirre, aquella tragedia de la p\u00e9rdida de la guerra y el inicio del exilio y con visi\u00f3n de pa\u00eds, crearon el coro Eresoinka, el grupo de baile Elai Alai y la Selecci\u00f3n Euzkadi de F\u00fatbol para decirle al mundo que aqu\u00ed hab\u00eda un pueblo sojuzgado que miraba al futuro. Obs\u00e9rvese que no se llamaba Selecci\u00f3n de Euskal Herria sino de Euzkadi pues fue el Gobierno de Euzkadi quien la organiz\u00f3. Los de siempre, para poner su huella en lo que no han hecho nunca y silenciar lo que han hechos las personas del EAJ-PNV, han hecho de esto incluso a veces un conflicto o lo han minimizado con lo logrado por el PNV en la ley del Deporte logrando que las selecciones de Surf y de Pelota, sean reconocidas como tales.<\/p>\n\n\n\n<p>Sony me comentaba:<\/p>\n\n\n\n<p>Alg\u00fan d\u00eda, quiz\u00e1s el haber tenido este antecedente de selecci\u00f3n vasca de f\u00fatbol de 1.937 (junto con la larga tradici\u00f3n de f\u00fatbol a trav\u00e9s de los equipos vascos), pueda permitir una nueva selecci\u00f3n internacional vasca de f\u00fatbol, tambi\u00e9n por arraigo&#8230;, citando esos precedentes, que se pueden citar como razones de suficiente peso para que te lo concedan (otra cosa es que lo lleguen a hacer o no, porque como siempre, puede o no convenirles&#8230;, no por otros motivos), pero siempre se pueden citar que para eso est\u00e1n los precedentes (y m\u00e1s cuando ya va a haber selecciones internacionales vascas de pelota, soka tira y surf, a parte de las que se les puedan ir uniendo en el futuro&#8230;), el haber habido un precedente, permite reivindicarlo<\/p>\n\n\n\n<p><\/p>\n<!-- AddThis Advanced Settings generic via filter on the_content --><!-- AddThis Share Buttons generic via filter on the_content -->","protected":false},"excerpt":{"rendered":"<p>Martes 1 de noviembre de 2022 Por iniciativa del Gobierno del Lehendakari Agirre, aquella tragedia de la p\u00e9rdida de la guerra y el inicio del exilio y con visi\u00f3n de pa\u00eds, crearon el coro Eresoinka, el grupo de baile Elai Alai y la Selecci\u00f3n Euzkadi de F\u00fatbol para decirle al mundo que aqu\u00ed hab\u00eda un &hellip; <a href=\"https:\/\/blogs.deia.eus\/anasagasti\/2022\/11\/01\/el-nombre-es-seleccion-de-euzkadi\/\" class=\"more-link\">Sigue leyendo <span class=\"screen-reader-text\">El nombre es Selecci\u00f3n de Euzkadi<\/span><\/a><!-- AddThis Advanced Settings generic via filter on get_the_excerpt --><!-- AddThis Share Buttons generic via filter on get_the_excerpt --><\/p>\n","protected":false},"author":19,"featured_media":0,"comment_status":"open","ping_status":"open","sticky":false,"template":"","format":"standard","meta":{"footnotes":""},"categories":[1],"tags":[],"class_list":["post-16746","post","type-post","status-publish","format-standard","hentry","category-general"],"_links":{"self":[{"href":"https:\/\/blogs.deia.eus\/anasagasti\/wp-json\/wp\/v2\/posts\/16746","targetHints":{"allow":["GET"]}}],"collection":[{"href":"https:\/\/blogs.deia.eus\/anasagasti\/wp-json\/wp\/v2\/posts"}],"about":[{"href":"https:\/\/blogs.deia.eus\/anasagasti\/wp-json\/wp\/v2\/types\/post"}],"author":[{"embeddable":true,"href":"https:\/\/blogs.deia.eus\/anasagasti\/wp-json\/wp\/v2\/users\/19"}],"replies":[{"embeddable":true,"href":"https:\/\/blogs.deia.eus\/anasagasti\/wp-json\/wp\/v2\/comments?post=16746"}],"version-history":[{"count":1,"href":"https:\/\/blogs.deia.eus\/anasagasti\/wp-json\/wp\/v2\/posts\/16746\/revisions"}],"predecessor-version":[{"id":16748,"href":"https:\/\/blogs.deia.eus\/anasagasti\/wp-json\/wp\/v2\/posts\/16746\/revisions\/16748"}],"wp:attachment":[{"href":"https:\/\/blogs.deia.eus\/anasagasti\/wp-json\/wp\/v2\/media?parent=16746"}],"wp:term":[{"taxonomy":"category","embeddable":true,"href":"https:\/\/blogs.deia.eus\/anasagasti\/wp-json\/wp\/v2\/categories?post=16746"},{"taxonomy":"post_tag","embeddable":true,"href":"https:\/\/blogs.deia.eus\/anasagasti\/wp-json\/wp\/v2\/tags?post=16746"}],"curies":[{"name":"wp","href":"https:\/\/api.w.org\/{rel}","templated":true}]}}