{"id":16749,"date":"2022-11-02T19:53:58","date_gmt":"2022-11-02T17:53:58","guid":{"rendered":"https:\/\/blogs.deia.eus\/anasagasti\/?p=16749"},"modified":"2022-11-02T19:53:59","modified_gmt":"2022-11-02T17:53:59","slug":"injusto-premio-a-rodriguez-azpiolea-del-colegio-de-periodistas-vascos","status":"publish","type":"post","link":"https:\/\/blogs.deia.eus\/anasagasti\/2022\/11\/02\/injusto-premio-a-rodriguez-azpiolea-del-colegio-de-periodistas-vascos\/","title":{"rendered":"<strong>Injusto premio a Rodr\u00edguez Azpiolea del Colegio de Periodistas Vascos.<\/strong>"},"content":{"rendered":"\n<p><strong>Mi\u00e9rcoles 2 de noviembre de 2022<\/strong><\/p>\n\n\n<div class=\"wp-block-image\">\n<figure class=\"aligncenter size-full is-resized\"><a href=\"https:\/\/blogs.deia.eus\/anasagasti\/files\/2022\/11\/2212-luis-Rodriguez-Aizpeolea-1.jpg\"><img loading=\"lazy\" decoding=\"async\" src=\"https:\/\/blogs.deia.eus\/anasagasti\/files\/2022\/11\/2212-luis-Rodriguez-Aizpeolea-1.jpg\" alt=\"\" class=\"wp-image-16750\" width=\"257\" height=\"320\" \/><\/a><\/figure>\n<\/div>\n\n\n<p>Una pregunta previa. Para normalizar a esta sociedad, \u00bfvale absolutamente todo?. Lo digo porque el Colegio de Periodistas Vascos otorgar\u00e1 en gran velada el premio Periodismo Vasco 2022. Lo concede como Asociaci\u00f3n Vasca de Periodistas a los informadores cuyo trabajo \u201cha sido ejemplo y orgullo para esta profesi\u00f3n\u201d.<\/p>\n\n\n\n<p>La Asociaci\u00f3n Vasca de Periodistas deber\u00eda premiar el buen periodismo y guiarse por la neutralidad, no por premiar al periodismo antinacionalista, como lo est\u00e1 haciendo&nbsp; en este a\u00f1o. Sinceramente, &nbsp;hay que sentir una &nbsp;gran decepci\u00f3n.<\/p>\n\n\n\n<p>\u00bfQui\u00e9n es Luis Rodr\u00edguez Azpiolea?.<\/p>\n\n\n\n<p>&nbsp;En perfecta sinton\u00eda con la estrategia de los partidos socialista y popular &nbsp;fue uno de los arietes contra el Lehendakari Ibarretxe. Mi experiencia con \u00e9l, cuando denunci\u00e9 los excesos del rey Juan Carlos, fue deplorable. Con el tiempo se ha demostrado que fueron grandes encubridores. No creo sea un periodismo ejemplar.<\/p>\n\n\n\n<p>A trav\u00e9s de su medio trat\u00f3 de hacerle el mayor da\u00f1o posible al Lehendakari. Desde su estrat\u00e9gico minarete, no pod\u00eda tolerar que el Lehendakari planteara en el Parlamento Vasco y que all\u00ed se debatiera la Ley de Consulta y nos dio &nbsp;una grave noticia. En las ediciones del 10 y 11 de julio 2008 sosten\u00eda que un significado miembro de la izquierda abertzale hab\u00eda avisado al Lehendakari que ETA no cometer\u00eda atentados en los d\u00edas previos y posteriores&nbsp; al 27 de junio, cuando el Parlamento Vasco debati\u00f3 y vot\u00f3 el proyecto de ley de consulta.<\/p>\n\n\n\n<p>Aquello era una evidente iniciativa destinada a reventar y poner bajo sospecha aquella iniciativa democr\u00e1tica por lo que el Gobierno Vasco se querell\u00f3 contra El Pa\u00eds y contra Rodr\u00edguez Azpiolea aduciendo que el periodista no hab\u00eda contrastado la grave informaci\u00f3n publicada no habi\u00e9ndose respetado adem\u00e1s ni las m\u00e1s elementales normas deontol\u00f3gicas que regulan la profesi\u00f3n period\u00edstica.<\/p>\n\n\n\n<p>Esta querella fue toda una pedrada contra la forma ligera con la que ven\u00eda trabajando este responsable de la secci\u00f3n de pol\u00edtica de El Pa\u00eds. Sin embargo &nbsp;la Justicia espa\u00f1ola acudi\u00f3 en su socorro, demostrando una vez m\u00e1s la impunidad con la que act\u00faa cierta prensa y el nivel de frivolidad que estaba &nbsp;dispuesta a aceptar.<\/p>\n\n\n\n<p>Por eso el titular del juzgado de instrucci\u00f3n n\u00famero 36 de Madrid, Juan Antonio Toro, orden\u00f3 archivar la querella del Lehendakari al considerar que no hab\u00eda existido delito de injurias en la informaci\u00f3n que sosten\u00eda que Ibarretxe hab\u00eda sido alertado de una minitregua de ETA. El auto consideraba que la informaci\u00f3n no pod\u00eda considerarse injuriosa. La defensa de Ibarretxe, ante semejante arbitrariedad, lamentaba que el instructor no hubiera aceptado la realizaci\u00f3n de pruebas fundamentales, ni hubiera atendido su petici\u00f3n para que el Ministerio del Interior informara sobre si los servicios policiales y de informaci\u00f3n hab\u00edan tenido constancia de que ETA hubiera decretado una supuesta mini tregua en esas fechas.<\/p>\n\n\n\n<p>EL da\u00f1o estaba hecho, la sospecha lanzada, pero tambi\u00e9n, la malla de protecci\u00f3n a la mentira, puesta en funcionamiento. Y, una vez m\u00e1s, ah\u00ed qued\u00f3 todo. En una democracia normal la querella hubiera prosperado. En Espa\u00f1a no. Lo ocurrido con el secuestro de El Jueves hab\u00eda sido una excepci\u00f3n. Entonces se trataba de proteger a la Casa Real. La democracia de baja calidad en la que vivimos bajo ETA &nbsp;demostr\u00f3 una vez m\u00e1s su cara m\u00e1s fea.<\/p>\n\n\n\n<p>Y Rodr\u00edguez Azpiolea envalentonado escribi\u00f3 tras la eficaz campa\u00f1a que hab\u00eda realizado en El Pa\u00eds para llevar a Ajuria Enea a Patxi L\u00f3pez y para justificar el pacto PSOE-PP, solo en ese puntito del mapa, lo siguiente:<\/p>\n\n\n\n<p>\u201cLas cosas no van a ser iguales porque el Gobierno de Zapatero vaya a cambiar su estrategia de firmeza contra ETA. Al contrario. Van a cambiar porque al frente del Gobierno vasco ya no est\u00e1 Juan Jos\u00e9 Ibarretxe. Ahora hay un lehendakari, Patxi L\u00f3pez, que quiere apurar todas las posibilidades que le ofrece su cargo para afrontar el principal d\u00e9ficit en la lucha contra ETA: su deslegitimaci\u00f3n social.<\/p>\n\n\n\n<p>\u201cA esa lucha le faltaba un ingrediente para acelerar su final: el liderazgo de Ajuria Enea y la movilizaci\u00f3n social, perdidos en la d\u00e9cada (1999-2009) en que Juan Jos\u00e9 Ibarretxe ocup\u00f3 la Lehendakaritza\u201d.<\/p>\n\n\n\n<p>Est\u00e1 hoy jubilado y recibe un importante premio, sin haberse retractado de su acci\u00f3n. No dudo que con lo que sabe hoy y su indudable experiencia, no hubiera hecho lo que hizo pero \u00e9l era un engranaje m\u00e1s de la m\u00e1quina del poder espa\u00f1ol que no admiti\u00f3 una acci\u00f3n democr\u00e1tica de un gobierno democr\u00e1tico. Y sin embargo le premian. La Asociaci\u00f3n de Periodistas vascos le ha concedido el premio anual de 2022 y yo cont\u00e9 lo que estoy contando aqu\u00ed, cosa que me imagino, le sent\u00f3 muy mal, como a m\u00ed que le dieran semejante premio como antes se lo hab\u00edan dado a I\u00f1aki Gabilondo. Un buen periodista no es eso. Un buen periodista es el que informa aunque eso le cueste un disgusto.<\/p>\n\n\n\n<p>Y es que hay m\u00e1s.<\/p>\n\n\n\n<p>Corr\u00eda el verano del a\u00f1o 1981. El Gobierno Vasco hab\u00eda creado HABE como Instituci\u00f3n para la ense\u00f1anza del euskera a personas adultas. En setiembre de 1981 comenz\u00f3 la labor de los cuatro euskaltegis-piloto en Donostia, Bilbao, Gasteiz y en Hondarribia en r\u00e9gimen de internado. Era una apuesta clara por la profesionalizaci\u00f3n del sector y por una oferta de corte acad\u00e9mico. La situaci\u00f3n socio laboral de la \u00e9poca permit\u00eda la oferta de cursos de 5 horas diarias con un marcado grado de eficacia y eficiencia contrastado en sistemas similares para el aprendizaje del ingl\u00e9s. \u201cNihil novum sub solem\u201d. Hab\u00eda escepticismo, pero el primer curso programado de setiembre de 1981 a febrero de 1982 funcion\u00f3 correctamente. Los resultados saltaban a la vista. Se pod\u00eda aprender euskera, en un r\u00e9gimen acad\u00e9mico, profesional y en un per\u00edodo razonable de tiempo alcanzar un nivel b\u00e1sico que sirviera de base al aprendizaje posterior, sin tener que estar toda la vida dando vueltas a lo mismo. El boca a o\u00eddo funcion\u00f3 y hab\u00eda lista de espera en la matriculaci\u00f3n para el segundo curso en los cuatro euskaltegis (lugares de aprendizaje del euskera) de HABE.<\/p>\n\n\n\n<p>La UCD estaba en las \u00faltimas, intentaban desesperadamente abrirse a un mundo que no era el suyo. El Gobernador civil de Gipuzkoa era, a la saz\u00f3n, Aristegui, el padre del diputado y embajador suspendido Gustavo Aristegui &nbsp;del PP. Su padre &nbsp;falleci\u00f3 despu\u00e9s en un atentado-bomba en Beirut. El Gobernador civil llam\u00f3 a Ram\u00f3n Labaien, Consejero de Cultura interes\u00e1ndose por la posibilidad de que cuatro polic\u00edas nacionales se matricularan en el euskaltegi de HABE, reci\u00e9n inaugurado por el Gobierno Vasco en sus cursos intensivos de cinco horas al d\u00eda. El Gobierno Vasco entendi\u00f3 que eran ciudadanos como los dem\u00e1s y que les asist\u00eda el derecho, con la indicaci\u00f3n de que asistieran en las mismas condiciones que los dem\u00e1s alumnos, -a nadie se le preguntaba por su profesi\u00f3n-, y por supuesto sin armas, en el convencimiento de que nadie pod\u00eda ser discriminado por su profesi\u00f3n, y menos cuando de lo que se trataba era de aprender euskera. As\u00ed se lo hizo saber Amati\u00f1o al Gobernador y, posteriormente, los polic\u00edas se matricularon con normalidad para el nuevo curso que iba a comenzar en febrero de 1982 con una duraci\u00f3n prevista de cinco meses hasta finales de julio de 1982.<\/p>\n\n\n\n<p>Comenz\u00f3 el nuevo curso en la primera semana de febrero. En el euskaltegi de Donostia en la calle And\u00eda n\u00famero 13, planta sexta. Hasta que el Gobierno Central transfiri\u00f3 este edificio al Gobierno Vasco, en el primer paquete de transferencias, \u00e9sta planta era durante la dictadura el piso oficial del Ministro de Jornada de turno. Hab\u00eda estado abandonado desde 1976, aunque el Delegado Provincial de Cultura lo usaba ocasionalmente o alojara all\u00ed determinado tipo de visitas. Un s\u00edmbolo del cambio que se estaba produciendo en Euzkadi: de piso oficial de ministro franquista a sede de un euskaltegi oficial. La ubicaci\u00f3n del euskaltegi, la de \u201cEuskadi Irratia\u201d, en la s\u00e9ptima planta y la de \u201cAntzerki\u201d (Teatro) en la planta baja del mismo edificio permiti\u00f3 que ciudadanos que jam\u00e1s hab\u00edan accedido a este singular edificio que mira al Paseo de la Concha, a los jardines de Alderdi-Eder y al Ayuntamiento donostiarra y marca impronta en el filo de las calles Andia y Miramar, reencontrarse con servicios culturales proscritos ayer, oficiales, hoy.<\/p>\n\n\n\n<p>Probablemente, mucha gente no estaba preparada para tama\u00f1o salto. El claustro de profesores del euskaltegi estaba formado por profesores j\u00f3venes que rondaban los 26 a\u00f1os y, pr\u00e1cticamente sin experiencia laboral alguna, salvo algunos provenientes de euskaltegis de iniciativa privada que entend\u00edan era el momento adecuado para oficializar el euskera, su ense\u00f1anza y uso con todas las consecuencias. El mundo de HB no era partidario, tambi\u00e9n aqu\u00ed ten\u00edan su alternativa popular innegociable: AEK.<\/p>\n\n\n\n<p>En este contexto, lleg\u00f3 el momento de la matriculaci\u00f3n y los polic\u00edas nacionales optaron por rellenar todas las casillas de la ficha de matriculaci\u00f3n. Profesi\u00f3n: polic\u00eda nacional. La noticia corri\u00f3 como un reguero de gasolina. Las asambleas estuvieron al orden del d\u00eda: las de alumnos y las de profesores. Todos a una: \u00a1a la calle!, \u00a1los polic\u00edas nacionales al cuartel!. Guerra sin cuartel durante m\u00e1s de dos meses. Unanimidad entre el profesorado, unanimidad en el alumnado. El Gobierno Vasco y la direcci\u00f3n del euskaltegi se quedaron solos y en ayunas.<\/p>\n\n\n\n<p>Entre los alumnos que encabezaron la revuelta destacaba un grupo de gente que proven\u00eda del mundo de los expoli-milis reci\u00e9n reinsertados, gentes de Euskadiko Ezkerra y periodistas de ese mundo que se aprestaban a aprender euskera. Luis Rodr\u00edguez Aizpiolea era uno de ellos. En su favor hay que indicar que fue el \u00fanico de ese grupo que inici\u00f3 y termin\u00f3 el curso, que se present\u00f3 a la prueba final y que la aprob\u00f3.<\/p>\n\n\n\n<p>Los meses de enero, febrero y marzo de 1982 fueron realmente duros. En alg\u00fan momento s\u00f3lo se pudieron impartir clases a los cuatro polic\u00edas nacionales. El resto de los alumnos -130- estaban de huelga. S\u00f3lo un profesor, de los 60 que compon\u00edan la plantilla de HABE, se prest\u00f3 voluntario a dar las clases: Patxi Villamor, conocido cantautor vasco. Lo intentaron, pero la presi\u00f3n de los medios fue impresionante, -hay que leer la hemeroteca de aquellos &nbsp;meses-. Los jardines de Miraconcha se llenaron de polic\u00edas secretas. Los polic\u00edas nacionales comenzaron a venir armados. El Gobierno Vasco aguant\u00f3 el tipo, pero les indic\u00f3 que con armas en clase, no. Al final los polic\u00edas nacionales tiraron la toalla y se retiraron. Las clases volvieron a la \u00abnormalidad\u00bb. Lu\u00eds Rodr\u00edguez Azpiolea, el ahora constitucionalista, hab\u00eda ganado la batalla contra el &nbsp;Gobierno Vasco y contra el PNV. Luego, cuando lleg\u00f3 a Madrid, cambi\u00f3 de bandera y fue uno de los cr\u00edticos m\u00e1s acerbos contra ETA, su entorno, el PNV e Ibarretxe. Eso es lo que se est\u00e1 premiando. \u00bfHay que callar?. No pienso.<\/p>\n\n\n\n<p>Algunos creen que el tiempo hace que todo se olvide y por eso con evidente superficialidad se le premia, cuando hay tant\u00edsimos periodistas que han sufrido persecuci\u00f3n de unos y de otros que jam\u00e1s son tenidos en cuenta. Un ejemplo los tres de Deia que se sentaron en el banquillo por ridiculizar a un rey que cazaba osos borrachos. Ante eso, Azpiolea, callaba. Pero es premiado.<\/p>\n\n\n\n<p>\u00bfQu\u00e9 criterio es el de la Asociaci\u00f3n de periodistas Vascos?.<\/p>\n\n\n\n<p>Pues uno y muy lamentable. Parcialidad e Injusticia. \u00bfCreen de verdad que es un ejemplar ciudadano?, ejemplar ciudadano. Es la Euzkadi anestesiada que se est\u00e1 construyendo. Nada vale nada.<\/p>\n<!-- AddThis Advanced Settings generic via filter on the_content --><!-- AddThis Share Buttons generic via filter on the_content -->","protected":false},"excerpt":{"rendered":"<p>Mi\u00e9rcoles 2 de noviembre de 2022 Una pregunta previa. Para normalizar a esta sociedad, \u00bfvale absolutamente todo?. Lo digo porque el Colegio de Periodistas Vascos otorgar\u00e1 en gran velada el premio Periodismo Vasco 2022. Lo concede como Asociaci\u00f3n Vasca de Periodistas a los informadores cuyo trabajo \u201cha sido ejemplo y orgullo para esta profesi\u00f3n\u201d. La &hellip; <a href=\"https:\/\/blogs.deia.eus\/anasagasti\/2022\/11\/02\/injusto-premio-a-rodriguez-azpiolea-del-colegio-de-periodistas-vascos\/\" class=\"more-link\">Sigue leyendo <span class=\"screen-reader-text\"><strong>Injusto premio a Rodr\u00edguez Azpiolea del Colegio de Periodistas Vascos.<\/strong><\/span><\/a><!-- AddThis Advanced Settings generic via filter on get_the_excerpt --><!-- AddThis Share Buttons generic via filter on get_the_excerpt --><\/p>\n","protected":false},"author":19,"featured_media":0,"comment_status":"open","ping_status":"open","sticky":false,"template":"","format":"standard","meta":{"footnotes":""},"categories":[1],"tags":[],"class_list":["post-16749","post","type-post","status-publish","format-standard","hentry","category-general"],"_links":{"self":[{"href":"https:\/\/blogs.deia.eus\/anasagasti\/wp-json\/wp\/v2\/posts\/16749","targetHints":{"allow":["GET"]}}],"collection":[{"href":"https:\/\/blogs.deia.eus\/anasagasti\/wp-json\/wp\/v2\/posts"}],"about":[{"href":"https:\/\/blogs.deia.eus\/anasagasti\/wp-json\/wp\/v2\/types\/post"}],"author":[{"embeddable":true,"href":"https:\/\/blogs.deia.eus\/anasagasti\/wp-json\/wp\/v2\/users\/19"}],"replies":[{"embeddable":true,"href":"https:\/\/blogs.deia.eus\/anasagasti\/wp-json\/wp\/v2\/comments?post=16749"}],"version-history":[{"count":1,"href":"https:\/\/blogs.deia.eus\/anasagasti\/wp-json\/wp\/v2\/posts\/16749\/revisions"}],"predecessor-version":[{"id":16751,"href":"https:\/\/blogs.deia.eus\/anasagasti\/wp-json\/wp\/v2\/posts\/16749\/revisions\/16751"}],"wp:attachment":[{"href":"https:\/\/blogs.deia.eus\/anasagasti\/wp-json\/wp\/v2\/media?parent=16749"}],"wp:term":[{"taxonomy":"category","embeddable":true,"href":"https:\/\/blogs.deia.eus\/anasagasti\/wp-json\/wp\/v2\/categories?post=16749"},{"taxonomy":"post_tag","embeddable":true,"href":"https:\/\/blogs.deia.eus\/anasagasti\/wp-json\/wp\/v2\/tags?post=16749"}],"curies":[{"name":"wp","href":"https:\/\/api.w.org\/{rel}","templated":true}]}}