{"id":16752,"date":"2022-11-03T15:48:20","date_gmt":"2022-11-03T13:48:20","guid":{"rendered":"https:\/\/blogs.deia.eus\/anasagasti\/?p=16752"},"modified":"2022-11-03T15:48:22","modified_gmt":"2022-11-03T13:48:22","slug":"leopoldo-el-gigante-de-durango","status":"publish","type":"post","link":"https:\/\/blogs.deia.eus\/anasagasti\/2022\/11\/03\/leopoldo-el-gigante-de-durango\/","title":{"rendered":"<strong>Leopoldo, el gigante de Durango<\/strong>"},"content":{"rendered":"\n<p><strong>Jueves 3 de noviembre de 2022<\/strong><\/p>\n\n\n\n<p><\/p>\n\n\n<div class=\"wp-block-image\">\n<figure class=\"aligncenter size-full is-resized\"><a href=\"https:\/\/blogs.deia.eus\/anasagasti\/files\/2022\/11\/Leopoldo-Zugaza.jpg\"><img loading=\"lazy\" decoding=\"async\" src=\"https:\/\/blogs.deia.eus\/anasagasti\/files\/2022\/11\/Leopoldo-Zugaza.jpg\" alt=\"\" class=\"wp-image-16753\" width=\"600\" height=\"351\" \/><\/a><\/figure>\n<\/div>\n\n\n<p>Ma\u00f1ana ser\u00e1 su funeral en Durango. Hace quince d\u00edas habl\u00e9 con \u00e9l. Le hab\u00eda hecho llegar el comic que mi hermano Koldo hab\u00eda redactado como guionista&nbsp; &nbsp;y el pintor Humares hab\u00edan hecho hace m\u00e1s de tres d\u00e9cadas. \u00c9l no lo conoc\u00eda y le hab\u00eda gustado. Le a\u00f1ad\u00ed uno reciente sobre la batalla de Amayur. Era un camino que pensaba incursionar a sus 90 a\u00f1os, con criterios divulgativos. Me dijo que no estaba bien pero que ten\u00eda cuerda para rato. No ha sido tal y ha fallecido con las botas puestas y proyectando nuevas iniciativas que siempre llevaba a cabo. La pandemia le impidi\u00f3 organizar unas Jornadas sobre Periodismo Vasco en Am\u00e9rica, y al no poder hacerlo, public\u00f3 todas sus ponencias &nbsp;que quedan ya como consulta. Ha sido su \u00faltimo aporte. Nadie como \u00e9l.<\/p>\n\n\n\n<p>No he visto a nadie con m\u00e1s curiosidad, m\u00e1s vocaci\u00f3n divulgadora, m\u00e1s trabajo de hormiga, m\u00e1s capacidad de innovaci\u00f3n, m\u00e1s cr\u00edtico, con raz\u00f3n, de la burocracia creciente y sin alma que le hac\u00eda esperar en las antesalas, ni a nadie m\u00e1s enamorado de su pueblo. Di cuenta de la \u00faltima comida en Durango con \u00e9l, ya en silla de ruedas, y con un grupo de gentes que segu\u00edamos con respeto e inter\u00e9s sus iniciativas<\/p>\n\n\n\n<p>Y no olvido como le conoc\u00ed.<\/p>\n\n\n\n<p>Estaba yo en la oficina del BBB en la calle Marqu\u00e9s del Puerto 4. En 1977, \u201dUn se\u00f1or quiere saludarte\u201d me dijeron. Le recib\u00ed. Me ped\u00eda&nbsp; le consiguiera el Diario Oficial del Gobierno Vasco de 1936. \u201dAquel gobierno cre\u00f3 &nbsp;una Administraci\u00f3n y sus acuerdos se publicaban en euskera y castellano. Quiero reeditarlo para que la gente sepa que una sociedad democr\u00e1tica tiene instituciones\u201c me dijo. Y lo hizo.<\/p>\n\n\n\n<p>En otra oportunidad me pidi\u00f3 le consiguiera el discurso de&nbsp; descargo del Lehendakari Aguirre en el Congreso Mundial Vasco de 1956 en Paris. Lo reedit\u00f3. Ten\u00eda sentido de la historia y de lo institucional ante una Euzkadi en 1976 y a\u00f1os posteriores que no sab\u00eda nada de nada porque le hab\u00edan hurtado su pasado. Y se quejaba \u00faltimamente&nbsp; de como el Departamento de Cultura no reeditaba a tantos periodistas e historiadores, la mayor\u00eda enterrados en el exilio y sin el menor reconocimiento. \u201dReeditar esto es el chocolate del loro pero est\u00e1n m\u00e1s a salir en las letras negritas. No hay sensibilidad ni visi\u00f3n\u201d.<\/p>\n\n\n\n<p>Hab\u00eda fundado Gerediaga que dio paso a la Feria de Durango. Cuando le otorgaron el Premio de la Fundaci\u00f3n Sabino Arana pidi\u00f3 que hubiera dos Ferias, porque la actual Feria se hab\u00eda comido al libro. El disco, el CD, lo electr\u00f3nico se ha impuesto al libro. Deber\u00eda haber dos Ferias. No le hicieron caso. Y me comentaba socarr\u00f3n: \u201dSeguro que todos los que me niegan esto dar\u00e1n codazos por estar en mi funeral pero a m\u00ed me gustar\u00eda m\u00e1s que me hicieran caso con lo que les pido. Le he solicitado a quien tu sabes una entrevista. Me ha dicho que encantado y siempre que me ve me dice que est\u00e1 en ello, pero no me llama. Sabe que voy al grano y le voy a pedir algo que no puede rechazar y prefiere no dar la cara. Leopoldo, te quiero mucho, pero no te hago ni caso\u201d.<\/p>\n\n\n\n<p>Ha fallecido Leopoldo Zugaza. Iban Gorriti ha publicado una semblanza de \u00e9l con un titular que lo resume bien todo.<\/p>\n\n\n\n<p>\u201cEuskadi pierde a Leopoldo Zugaza, figura poli\u00e9drica descomunal de la cultura vasca\u201d.<\/p>\n<!-- AddThis Advanced Settings generic via filter on the_content --><!-- AddThis Share Buttons generic via filter on the_content -->","protected":false},"excerpt":{"rendered":"<p>Jueves 3 de noviembre de 2022 Ma\u00f1ana ser\u00e1 su funeral en Durango. Hace quince d\u00edas habl\u00e9 con \u00e9l. Le hab\u00eda hecho llegar el comic que mi hermano Koldo hab\u00eda redactado como guionista&nbsp; &nbsp;y el pintor Humares hab\u00edan hecho hace m\u00e1s de tres d\u00e9cadas. \u00c9l no lo conoc\u00eda y le hab\u00eda gustado. Le a\u00f1ad\u00ed uno reciente &hellip; <a href=\"https:\/\/blogs.deia.eus\/anasagasti\/2022\/11\/03\/leopoldo-el-gigante-de-durango\/\" class=\"more-link\">Sigue leyendo <span class=\"screen-reader-text\"><strong>Leopoldo, el gigante de Durango<\/strong><\/span><\/a><!-- AddThis Advanced Settings generic via filter on get_the_excerpt --><!-- AddThis Share Buttons generic via filter on get_the_excerpt --><\/p>\n","protected":false},"author":19,"featured_media":0,"comment_status":"open","ping_status":"open","sticky":false,"template":"","format":"standard","meta":{"footnotes":""},"categories":[1],"tags":[],"class_list":["post-16752","post","type-post","status-publish","format-standard","hentry","category-general"],"_links":{"self":[{"href":"https:\/\/blogs.deia.eus\/anasagasti\/wp-json\/wp\/v2\/posts\/16752","targetHints":{"allow":["GET"]}}],"collection":[{"href":"https:\/\/blogs.deia.eus\/anasagasti\/wp-json\/wp\/v2\/posts"}],"about":[{"href":"https:\/\/blogs.deia.eus\/anasagasti\/wp-json\/wp\/v2\/types\/post"}],"author":[{"embeddable":true,"href":"https:\/\/blogs.deia.eus\/anasagasti\/wp-json\/wp\/v2\/users\/19"}],"replies":[{"embeddable":true,"href":"https:\/\/blogs.deia.eus\/anasagasti\/wp-json\/wp\/v2\/comments?post=16752"}],"version-history":[{"count":1,"href":"https:\/\/blogs.deia.eus\/anasagasti\/wp-json\/wp\/v2\/posts\/16752\/revisions"}],"predecessor-version":[{"id":16754,"href":"https:\/\/blogs.deia.eus\/anasagasti\/wp-json\/wp\/v2\/posts\/16752\/revisions\/16754"}],"wp:attachment":[{"href":"https:\/\/blogs.deia.eus\/anasagasti\/wp-json\/wp\/v2\/media?parent=16752"}],"wp:term":[{"taxonomy":"category","embeddable":true,"href":"https:\/\/blogs.deia.eus\/anasagasti\/wp-json\/wp\/v2\/categories?post=16752"},{"taxonomy":"post_tag","embeddable":true,"href":"https:\/\/blogs.deia.eus\/anasagasti\/wp-json\/wp\/v2\/tags?post=16752"}],"curies":[{"name":"wp","href":"https:\/\/api.w.org\/{rel}","templated":true}]}}