{"id":16756,"date":"2022-11-04T10:15:43","date_gmt":"2022-11-04T08:15:43","guid":{"rendered":"https:\/\/blogs.deia.eus\/anasagasti\/?p=16756"},"modified":"2022-11-04T10:15:45","modified_gmt":"2022-11-04T08:15:45","slug":"un-poder-judicial-vasco","status":"publish","type":"post","link":"https:\/\/blogs.deia.eus\/anasagasti\/2022\/11\/04\/un-poder-judicial-vasco\/","title":{"rendered":"<strong>Un Poder Judicial Vasco<\/strong>"},"content":{"rendered":"\n<p><strong>Viernes 4 de noviembre de 2022<\/strong><\/p>\n\n\n<div class=\"wp-block-image\">\n<figure class=\"aligncenter size-full is-resized\"><a href=\"https:\/\/blogs.deia.eus\/anasagasti\/files\/2022\/11\/inigo-urkullu-pide-poder-judicial-vasco_69.jpg\"><img loading=\"lazy\" decoding=\"async\" src=\"https:\/\/blogs.deia.eus\/anasagasti\/files\/2022\/11\/inigo-urkullu-pide-poder-judicial-vasco_69.jpg\" alt=\"\" class=\"wp-image-16757\" width=\"546\" height=\"414\" srcset=\"https:\/\/blogs.deia.eus\/anasagasti\/files\/2022\/11\/inigo-urkullu-pide-poder-judicial-vasco_69.jpg 882w, https:\/\/blogs.deia.eus\/anasagasti\/files\/2022\/11\/inigo-urkullu-pide-poder-judicial-vasco_69-580x440.jpg 580w, https:\/\/blogs.deia.eus\/anasagasti\/files\/2022\/11\/inigo-urkullu-pide-poder-judicial-vasco_69-768x583.jpg 768w\" sizes=\"auto, (max-width: 546px) 100vw, 546px\" \/><\/a><\/figure>\n<\/div>\n\n\n<p>Respecto&nbsp; a las selecciones internacionales de deporte (pelota, surf y soka tira), buena cosa lo conseguido, aunque siempre hay gente que espera m\u00e1s&#8230;, pero eso tambi\u00e9n hay formas de verlo, una la negativa, que es que esto se queda as\u00ed para siempre y otra la positiva, que en el futuro habr\u00e1 nuevos pasos, a pesar de todo, sepa o no a poco, es un buen paso y se ha roto un tab\u00fa.&nbsp;<\/p>\n\n\n\n<p>Tambi\u00e9n he escuchado que Urkullu, ha solicitado un poder judicial propio (como tiene en la actualidad Escocia), dada la manipulaci\u00f3n judicial que hay en Espa\u00f1a (Lawfare).Tiene raz\u00f3n porque es algo necesario, muy&nbsp; necesario&#8230;, pero tiene que ser un poder judicial vasco totalmente desarrollado y desconectado del espa\u00f1ol (como Escocia lo tiene del Reino Unido), tener al completo la jurisdicci\u00f3n penal, la civil, administrativa, mercantil, familia, laboral, etc. (con jueces, fiscales y funcionarios de juzgado vascos, formados en Euskadi, con dominio del castellano y el euskera), tambi\u00e9n habr\u00eda que hacer lo mismo con figuras similares, como notarios, registradores de la propiedad, abogados del estado, etc.<\/p>\n\n\n\n<p>Habr\u00eda que tener un consejo general del poder judicial vasco, un consejo general de la abogac\u00eda vasco, un fiscal general vasco, etc., y que la \u00faltima instancia de los delitos y recursos contra las decisiones judiciales de los tribunales vascos, nunca va a ser ni la audiencia nacional, ni el tribunal supremo espa\u00f1ol, ni el tribunal constitucional espa\u00f1ol, sino un tribunal vasco que asuma esas funciones y de este, en caso de no estar de acuerdo con sus sentencias, se recurre ya directamente a tribunales europeos o incluso internacionales (tambi\u00e9n se pueden tener c\u00f3digos propios, civiles, penales, etc.), y esto en definitiva es como deber\u00edan ser las cosas.<\/p>\n\n\n\n<p>Tampoco es necesario, ni bueno, que nuestra futura estructura judicial vasca, sea un \u00abcalco\u00bb de la espa\u00f1ola, puede tener puntos comunes, pero otras cosas basarse en instituciones de nuestro pasado y de otros pa\u00edses (Francia, Reino Unido, Escocia, Holanda, Dinamarca, USA, etc.). A pesar de todo, si todo esto no es posible, o no es posible de momento, entonces todo lo que se pueda&#8230; (como con las selecciones deportivas internacionales), por ejemplo, un buen paso ser\u00eda, que todos los JUZGADOS DE PAZ que hay en Euskadi, sean transferidos a la administraci\u00f3n vasca, con jueces propios (conocedores del castellano y el euskera), por supuesto depender\u00edan de la administraci\u00f3n vasca, no del legislativo, ni del ejecutivo vasco, por lo de la divisi\u00f3n de poderes&#8230;, pero si de la administraci\u00f3n vasca, como ahora los juzgados dependen de la espa\u00f1ola, por lo que la transferencia de todos los JUZGADOS DE PAZ que hay en Euskadi, a la administraci\u00f3n vasca, ser\u00eda un buen y sencillo paso, algo que se podr\u00eda pedir en cualquier momento y ser concedido sin demasiadas pol\u00e9micas.<\/p>\n\n\n\n<p><strong>Sony<\/strong><strong><\/strong><\/p>\n<!-- AddThis Advanced Settings generic via filter on the_content --><!-- AddThis Share Buttons generic via filter on the_content -->","protected":false},"excerpt":{"rendered":"<p>Viernes 4 de noviembre de 2022 Respecto&nbsp; a las selecciones internacionales de deporte (pelota, surf y soka tira), buena cosa lo conseguido, aunque siempre hay gente que espera m\u00e1s&#8230;, pero eso tambi\u00e9n hay formas de verlo, una la negativa, que es que esto se queda as\u00ed para siempre y otra la positiva, que en el &hellip; <a href=\"https:\/\/blogs.deia.eus\/anasagasti\/2022\/11\/04\/un-poder-judicial-vasco\/\" class=\"more-link\">Sigue leyendo <span class=\"screen-reader-text\"><strong>Un Poder Judicial Vasco<\/strong><\/span><\/a><!-- AddThis Advanced Settings generic via filter on get_the_excerpt --><!-- AddThis Share Buttons generic via filter on get_the_excerpt --><\/p>\n","protected":false},"author":19,"featured_media":0,"comment_status":"open","ping_status":"open","sticky":false,"template":"","format":"standard","meta":{"footnotes":""},"categories":[1],"tags":[],"class_list":["post-16756","post","type-post","status-publish","format-standard","hentry","category-general"],"_links":{"self":[{"href":"https:\/\/blogs.deia.eus\/anasagasti\/wp-json\/wp\/v2\/posts\/16756","targetHints":{"allow":["GET"]}}],"collection":[{"href":"https:\/\/blogs.deia.eus\/anasagasti\/wp-json\/wp\/v2\/posts"}],"about":[{"href":"https:\/\/blogs.deia.eus\/anasagasti\/wp-json\/wp\/v2\/types\/post"}],"author":[{"embeddable":true,"href":"https:\/\/blogs.deia.eus\/anasagasti\/wp-json\/wp\/v2\/users\/19"}],"replies":[{"embeddable":true,"href":"https:\/\/blogs.deia.eus\/anasagasti\/wp-json\/wp\/v2\/comments?post=16756"}],"version-history":[{"count":1,"href":"https:\/\/blogs.deia.eus\/anasagasti\/wp-json\/wp\/v2\/posts\/16756\/revisions"}],"predecessor-version":[{"id":16758,"href":"https:\/\/blogs.deia.eus\/anasagasti\/wp-json\/wp\/v2\/posts\/16756\/revisions\/16758"}],"wp:attachment":[{"href":"https:\/\/blogs.deia.eus\/anasagasti\/wp-json\/wp\/v2\/media?parent=16756"}],"wp:term":[{"taxonomy":"category","embeddable":true,"href":"https:\/\/blogs.deia.eus\/anasagasti\/wp-json\/wp\/v2\/categories?post=16756"},{"taxonomy":"post_tag","embeddable":true,"href":"https:\/\/blogs.deia.eus\/anasagasti\/wp-json\/wp\/v2\/tags?post=16756"}],"curies":[{"name":"wp","href":"https:\/\/api.w.org\/{rel}","templated":true}]}}