{"id":18797,"date":"2024-03-03T10:26:18","date_gmt":"2024-03-03T08:26:18","guid":{"rendered":"https:\/\/blogs.deia.eus\/anasagasti\/?p=18797"},"modified":"2024-03-03T10:26:20","modified_gmt":"2024-03-03T08:26:20","slug":"xabier-arzalluz-cinco-anos","status":"publish","type":"post","link":"https:\/\/blogs.deia.eus\/anasagasti\/2024\/03\/03\/xabier-arzalluz-cinco-anos\/","title":{"rendered":"Xabier Arzalluz, cinco a\u00f1os"},"content":{"rendered":"\n<p><strong>Domingo 3 de marzo de 2024<\/strong><\/p>\n\n\n<div class=\"wp-block-image\">\n<figure class=\"aligncenter size-full is-resized\"><a href=\"https:\/\/blogs.deia.eus\/anasagasti\/files\/2024\/03\/Xabier-Arzalluz_Guardian-del-caserio.jpg\"><img loading=\"lazy\" decoding=\"async\" width=\"526\" height=\"633\" src=\"https:\/\/blogs.deia.eus\/anasagasti\/files\/2024\/03\/Xabier-Arzalluz_Guardian-del-caserio.jpg\" alt=\"\" class=\"wp-image-18798\" style=\"width:592px;height:auto\" \/><\/a><\/figure>\n<\/div>\n\n\n<p>Xabier Arzalluz falleci\u00f3 el 28 de febrero de 2019, el mi\u00e9rcoles pasado, ha hecho cinco a\u00f1os. Hoy lo recuerdo.<\/p>\n\n\n\n<p>Angelo Bernasola era el t\u00edpico senador democristiano italiano de aquellos a\u00f1os ochenta. Simp\u00e1tico, componedor, abrazador y organizador de todo lo organizable. Siempre que nos ve\u00eda me dec\u00eda que hab\u00eda logrado en una reuni\u00f3n clandestina en Montserrat que Juan de Ajuriaguerra y Gil Robles se reconciliaran en un gran abrazo y que una semana antes de su secuestro le hab\u00eda dicho Aldo Moro que aquella semana pensaba viajar al \u201cPais Baschi\u201d a visitarnos. En ese momento form\u00e1bamos parte del Equipo Dem\u00f3crata Cristiano del estado Espa\u00f1ol donde se un\u00edan dos intereses. El de los europeos, tener hom\u00f3logos espa\u00f1oles para el futuro (a vascos y catalanes no nos consideraban ni numerosos ni hispanos) y por parte nuestra preparar un futuro parlamentario con \u201camigos\u201d en el Congreso. Nuestros mayores siempre nos dec\u00edan que la consecuci\u00f3n del primer estatuto de autonom\u00eda en 1936 se hubiera logrado antes de haber tenido interlocutores en el Parlamento republicano, cosa que nunca tuvimos porque anduvimos saltando de la Minor\u00eda Vasco-Navarra a la interlocuci\u00f3n con un Frente Popular que nos ve\u00eda demasiado sacristanes. El caso es que tras haber sido el PNV el fundador de los Nuevos Equipos Internacionales en 1947, nos toc\u00f3 crear ese Equipo Equipo en Taormina en 1962 con todos los dem\u00f3cratas cristianos europeos que hab\u00edan estado en contra del nazismo y hab\u00edan sido perseguidos y que adem\u00e1s apostaban en serio por la creaci\u00f3n de una Europa federal, cuando ni socialistas ni la derecha ten\u00edan ese horizonte en su programa.<\/p>\n\n\n\n<p>La historia posterior es conocida. Uni\u00f3 y el PNV estuvimos en la Uni\u00f3n Europea Dem\u00f3crata Cristiana hasta que los intereses europeos lograron que ingresara un partido que se declaraba liberal, no democristiano, como el PP de Aznar. Neg\u00e1ndonos nosotros en redondo a ello se celebr\u00f3 en Dubl\u00edn el 16 de noviembre de 1990 el VIII Congreso del Partido Popular Europeo. Como observadores estaban invitados Aznar, Tocino, Rato y varios m\u00e1s que se hac\u00edan valer mientras nosotros con catalanes y b\u00e1varos present\u00e1bamos nuestras enmiendas al borrador de Constituci\u00f3n europea que se iba a aprobar en aquel Congreso. Ellos eran los numerosos espa\u00f1oles y nosotros los Pulgarcitos&nbsp; casi intocables por eso de ser fundadores de aquel Club. Pero ya sab\u00edamos que el PPE quer\u00eda muchos eurodiputados y nosotros solo pod\u00edamos aportar dos.<\/p>\n\n\n\n<p><strong>UN DISCURSO SOCIAL CRISTIANO<\/strong><\/p>\n\n\n\n<p>Cuando le toc\u00f3 hablar al presidente del EBB, Xabier Arzalluz, le sugerimos lo hiciera en alem\u00e1n, para que suizos, belgas y alemanes se enteraran y vieran la diferencia al o\u00edr las cosas sin traducci\u00f3n simult\u00e1nea y si de paso, cabre\u00e1bamos a Aznar, miel sobre hojuelas. Sonri\u00f3 y nos hizo caso y en alem\u00e1n lo articul\u00f3 &nbsp;en una intervenci\u00f3n memorable, describiendo la construcci\u00f3n europea y la ideolog\u00eda democristiana.<\/p>\n\n\n\n<p>\u201cLos partidos con una vocaci\u00f3n territorial tan definida como el nuestro -dijo Arzalluz sonoramente en alem\u00e1n ante los gestos de Aznar, Rato y Tocino- no han nacido del capricho de un grupo que quiere simplemente tener su peque\u00f1a cocina. Detr\u00e1s de ellos hay toda una historia, en nuestro caso, por ejemplo, de un pueblo perfectamente definido y asentado en la historia y en un territorio miles de a\u00f1os. Entiendo el devenir de Europa como las figuras cambiantes de un caleidoscopio en cada vuelta. Pero todas las nuevas figuras tienen los mismos cristalitos que la componen. Desde el imperio carolingio hasta hoy el caleidoscopio ha dado varias vueltas pero los catalanes, los escoceses, los b\u00e1varos, los vascos o los sicilianos seguimos vivos. Lo estuvimos en tiempos de Carlomagno, antes de la aparici\u00f3n del estado-naci\u00f3n, y lo estaremos despu\u00e9s de que \u00e9stos desaparezcan como tales. \u00bfQu\u00e9 figura va a aparecer en la actual vuelta del caleidoscopio?. \u00bfC\u00f3mo va a ser Europa?. \u00bfSe va a hacer prescindiendo de los cristales que la componen?. \u00bfPrescindiendo de la Europa profunda?\u201d.<\/p>\n\n\n\n<p>Tras poner el bal\u00f3n en el punto de penalty y explicar su concepto de una Europa unida abord\u00f3 la ideolog\u00eda democristiana. \u201dEsta naci\u00f3n -dijo- en un mundo roto, como una Weltanschauung diferente a la del origen marxista y a la liberal. Nuestras preguntas b\u00e1sicas, desde una concepci\u00f3n trascendente de la vida, han tenido como eje al hombre, a la sociedad, a la libertad, a la justicia. La cuesti\u00f3n es si hoy tenemos respuestas v\u00e1lidas a estas preguntas. Si, por tanto, tenemos verdadera raz\u00f3n de ser. Y si, tal vez, la praxis pol\u00edtica nos ha llevado a los ojos del pueblo, y especialmente a los de la juventud, a ser contemplados como movimientos conservadores\u201d.<\/p>\n\n\n\n<p>Helmundt Khol, Jacques Santer, Wilfried Martens, Ruud Lubbers, Egon Klephs, all\u00ed presentes ni carraspeaban. \u201dEntiendo que, precisamente por la crisis del socialismo, adquiere especial dimensi\u00f3n el planteamiento de la Justicia. Porque del seno del movimiento democristiano surgieron hist\u00f3ricamente organizaciones sindicales. Esto lo saben muy bien nuestros amigos belgas, holandeses, italianos o franceses. Tampoco los alemanes pueden olvidar a hombres como Stegerwald o el sentido social del viejo Zentrum o del Bayernpartei. A\u00fan hoy, en nuestro \u00e1mbito vasco, el sindicato m\u00e1s fuerte, con diferencia, sali\u00f3 del seno de nuestro partido. Entiendo tambi\u00e9n, que los democristianos no somos partidos \u201cde centro\u201d. Este es un concepto geom\u00e9trico que nos definir\u00eda s\u00f3lo en relaci\u00f3n a otros y no a nosotros mismos. Nuestro padre no es Marx ni es Rousseau. Ni Manchester, ni Chicago son nuestras referencias familiares. Nuestra casa no se define por estar entre la de Marx y la de Rousseau\u201d.<\/p>\n\n\n\n<p>Todos le aplaudieron sonoramente menos los del PP. Al terminar, Carlos Robles Piquer que hab\u00eda sido ministro de educaci\u00f3n, me dijo. \u201dEso no se hace. Un espa\u00f1ol en una reuni\u00f3n internacional, tiene que hablar en espa\u00f1ol\u201d. \u201dTiene usted raz\u00f3n D. Carlos -le dije- pero es que Arzalluz no es espa\u00f1ol\u201d.<\/p>\n\n\n\n<p>Y a ra\u00edz de aquello no pararon hasta expulsarnos de una casa que hab\u00edamos construido. Pero esa es otra historia.<\/p>\n\n\n\n<p><strong>EL PERRO DEL CASER\u00cdO<\/strong><\/p>\n\n\n\n<p>Xabier Arzalluz marc\u00f3 un hito y una \u00e9poca en la pol\u00edtica vasca dejando honda huella en los que le conocieron. No entender\u00edamos la Euzkadi de hoy sin la mirada, el trabajo, la oratoria, el liderazgo, la capacidad para divulgar ideas y las mil historias de un pol\u00edtico culto que hizo posible que la nave democr\u00e1tica vasca saliera de la clandestinidad tras la dictadura, negociara con s\u00f3lidos argumentos jur\u00eddicos, pol\u00edticos e hist\u00f3ricos todo lo negociable y obtuviera logros en la discusi\u00f3n constitucional y estatutaria mientras hac\u00eda frente a ETA y a la gran Administraci\u00f3n del estado, siempre renuente a compartir poder y mucho menos a transferirlo. Todo esto lo hizo entusiasmando y provocando a las audiencias con una oratoria singular y a veces flam\u00edgera, mezcla de pedagog\u00eda, l\u00e1tigo, iron\u00eda, mordiente, expresividad, pausas medidas, humor y datos. Era \u00fanico. La gente se rend\u00eda ante sus im\u00e1genes y su fuerza expositiva e iba muchas veces a los m\u00edtines, solo porque hablaba \u00e9l.<\/p>\n\n\n\n<p>Le gustaba decir que no era m\u00e1s que \u201cel perro del caser\u00edo\u201d, ese can que ladra y muerde en las viejas casonas y baserris vascos perdidos en los montes cuando alg\u00fan intruso desea robar la propiedad o acercarse sospechosamente.<\/p>\n\n\n\n<p>Pero no solo lo hac\u00eda con sus discursos parlamentarios, intervenciones en m\u00edtines casi cada fin de semana, inauguraciones de batzokis, reuniones de todo tipo, asambleas, actos de presencia en reuniones internacionales en las que incluso, como hemos contado, hablaba en alem\u00e1n para irritaci\u00f3n de la intolerante derecha hispana, sino que escrib\u00eda y lo hac\u00eda muy bien. La descripci\u00f3n que hizo &nbsp;el Lehendakari Leizaola,&nbsp; sobre c\u00f3mo ve\u00eda la escritura de Arzalluz, no requiere una palabra m\u00e1s. Es redonda y muy descriptiva. Y es que sus art\u00edculos en la revista Alderdi y en el diario DEIA, publicaciones donde solo escribi\u00f3, eran esperados semanalmente como esa agua de mayo que ilustra, reconforta y gu\u00eda.<\/p>\n\n\n\n<p>Algunos para zaherirle y minusvalorar su acci\u00f3n hablaban de sus \u201chomil\u00edas dominicales\u201d record\u00e1ndole su paso por la C\u00eda. de Jes\u00fas. \u201dPues s\u00ed -les dec\u00eda- y estoy muy orgulloso de ello. Me permiti\u00f3 una buena formaci\u00f3n. Prefiero eso a haber pasado por la c\u00e1rcel tras haber atentado contra personas de uno y otro signo\u201d. Dotado de una gran cultura producto de una rigurosa formaci\u00f3n y de sus experiencias europea, que siempre marcaba su encuadre de los problemas, le hizo adquirir el h\u00e1bito de seguir la pol\u00edtica alemana y europea semanalmente a trav\u00e9s de la revista Der Spiegel, tras haber traducido, en sus primeros a\u00f1os de asistente de la c\u00e1tedra del profesor Ollero. Lo hac\u00eda como traductor de&nbsp; libros muy exclusivos del alem\u00e1n al castellano y sabiendo lograr lo imposible como es hacer comprensible el pensamiento abstracto al vulgarizarlo como idea pol\u00edtica a seguir.<\/p>\n\n\n\n<p>Sus trabajos, una vez fallecido, no se pueden ni deben perder. Las nuevas generaciones han de saber lo que ocurri\u00f3 en esos casi cuarenta a\u00f1os de tan singular experiencia de la mano y pluma del referente intelectual por excelencia, leyendo sus trabajos en DEIA, muestra de lo mucho que escribi\u00f3 y reflexion\u00f3. Y como \u00e9l hablaba de forma tajante y di\u00e1fana, como un artillero de la palabra, se podr\u00eda titular su publicaci\u00f3n, \u201cAs\u00ed de claro\u201d. Tres palabras que nos describen su personalidad. En&nbsp; cierta ocasi\u00f3n Arzalluz, junto a su amigo Luis M. Retolaza se encontraban en Sara, precioso pueblo de Iparralde, tierra de contrabandistas y de aquel singular alcalde Paul Dutournier, que adem\u00e1s de pasar aviadores en la guerra mundial por los Pirineos, promovi\u00f3 la cr\u00eda del caballo \u201cPottoka\u201d. Fueron a la Iglesia, contigua al cementerio y en ella vieron un libro de visitas que Retolaza hoje\u00f3 leyendo testimonios de la gente en sus escritos. Uno de ellos, dec\u00eda.<\/p>\n\n\n\n<p>\u201c\u00bfCu\u00e1ndo cerrareis la boca a Arzalluz?\u201d.<\/p>\n\n\n\n<p>El entonces presidente del EBB lo ley\u00f3 y puso debajo.<\/p>\n\n\n\n<p>\u201cNo me callar\u00e1n, ni me cerrar\u00e1n la boca, mientras no consiga la paz en Euzkadi y la libertad para mi pueblo. As\u00ed de claro\u201d.<\/p>\n\n\n\n<p>Si la pol\u00edtica es diferenciaci\u00f3n al huir del totum revolutum que siempre perjudica el mensaje claro del EAJ-PNV, se echa en falta en el debate pol\u00edtico esa claridad en estos tiempos de amnesia, desideologizaci\u00f3n y falta de inter\u00e9s por casi todo. De ah\u00ed el que no olvidemos su legado. As\u00ed de claro.<\/p>\n\n\n\n<p><strong>I<\/strong><\/p>\n<!-- AddThis Advanced Settings generic via filter on the_content --><!-- AddThis Share Buttons generic via filter on the_content -->","protected":false},"excerpt":{"rendered":"<p>Domingo 3 de marzo de 2024 Xabier Arzalluz falleci\u00f3 el 28 de febrero de 2019, el mi\u00e9rcoles pasado, ha hecho cinco a\u00f1os. Hoy lo recuerdo. Angelo Bernasola era el t\u00edpico senador democristiano italiano de aquellos a\u00f1os ochenta. Simp\u00e1tico, componedor, abrazador y organizador de todo lo organizable. Siempre que nos ve\u00eda me dec\u00eda que hab\u00eda logrado &hellip; <a href=\"https:\/\/blogs.deia.eus\/anasagasti\/2024\/03\/03\/xabier-arzalluz-cinco-anos\/\" class=\"more-link\">Sigue leyendo <span class=\"screen-reader-text\">Xabier Arzalluz, cinco a\u00f1os<\/span><\/a><!-- AddThis Advanced Settings generic via filter on get_the_excerpt --><!-- AddThis Share Buttons generic via filter on get_the_excerpt --><\/p>\n","protected":false},"author":19,"featured_media":0,"comment_status":"open","ping_status":"open","sticky":false,"template":"","format":"standard","meta":{"footnotes":""},"categories":[1],"tags":[],"class_list":["post-18797","post","type-post","status-publish","format-standard","hentry","category-general"],"_links":{"self":[{"href":"https:\/\/blogs.deia.eus\/anasagasti\/wp-json\/wp\/v2\/posts\/18797","targetHints":{"allow":["GET"]}}],"collection":[{"href":"https:\/\/blogs.deia.eus\/anasagasti\/wp-json\/wp\/v2\/posts"}],"about":[{"href":"https:\/\/blogs.deia.eus\/anasagasti\/wp-json\/wp\/v2\/types\/post"}],"author":[{"embeddable":true,"href":"https:\/\/blogs.deia.eus\/anasagasti\/wp-json\/wp\/v2\/users\/19"}],"replies":[{"embeddable":true,"href":"https:\/\/blogs.deia.eus\/anasagasti\/wp-json\/wp\/v2\/comments?post=18797"}],"version-history":[{"count":1,"href":"https:\/\/blogs.deia.eus\/anasagasti\/wp-json\/wp\/v2\/posts\/18797\/revisions"}],"predecessor-version":[{"id":18799,"href":"https:\/\/blogs.deia.eus\/anasagasti\/wp-json\/wp\/v2\/posts\/18797\/revisions\/18799"}],"wp:attachment":[{"href":"https:\/\/blogs.deia.eus\/anasagasti\/wp-json\/wp\/v2\/media?parent=18797"}],"wp:term":[{"taxonomy":"category","embeddable":true,"href":"https:\/\/blogs.deia.eus\/anasagasti\/wp-json\/wp\/v2\/categories?post=18797"},{"taxonomy":"post_tag","embeddable":true,"href":"https:\/\/blogs.deia.eus\/anasagasti\/wp-json\/wp\/v2\/tags?post=18797"}],"curies":[{"name":"wp","href":"https:\/\/api.w.org\/{rel}","templated":true}]}}