{"id":20300,"date":"2025-04-10T07:28:08","date_gmt":"2025-04-10T05:28:08","guid":{"rendered":"https:\/\/blogs.deia.eus\/anasagasti\/?p=20300"},"modified":"2025-04-10T07:28:08","modified_gmt":"2025-04-10T05:28:08","slug":"jose-antonio-zaldua-primer-secretario-del-parlamento-vasco","status":"publish","type":"post","link":"https:\/\/blogs.deia.eus\/anasagasti\/2025\/04\/10\/jose-antonio-zaldua-primer-secretario-del-parlamento-vasco\/","title":{"rendered":"JOSE ANTONIO ZALDUA, PRIMER SECRETARIO DEL PARLAMENTO VASCO"},"content":{"rendered":"\n<p>Jueves 10 de abril de 2025<\/p>\n\n\n\n<figure class=\"wp-block-image size-large\"><a href=\"https:\/\/blogs.deia.eus\/anasagasti\/files\/2025\/04\/1000406401.jpg\"><img loading=\"lazy\" decoding=\"async\" width=\"940\" height=\"754\" src=\"https:\/\/blogs.deia.eus\/anasagasti\/files\/2025\/04\/1000406401-940x754.jpg\" alt=\"\" class=\"wp-image-20301\" srcset=\"https:\/\/blogs.deia.eus\/anasagasti\/files\/2025\/04\/1000406401-940x754.jpg 940w, https:\/\/blogs.deia.eus\/anasagasti\/files\/2025\/04\/1000406401-580x465.jpg 580w, https:\/\/blogs.deia.eus\/anasagasti\/files\/2025\/04\/1000406401-768x616.jpg 768w, https:\/\/blogs.deia.eus\/anasagasti\/files\/2025\/04\/1000406401.jpg 958w\" sizes=\"auto, (max-width: 940px) 100vw, 940px\" \/><\/a><\/figure>\n\n\n\n<p><br>Vemos en la fotograf\u00eda a Karmele Zaldua, tras recoger el 31 de marzo de 2025, la medalla del Parlamento Vasco en Gernika dedicada a su aita en la celebraci\u00f3n del 45 aniversario de la constituci\u00f3n del primer Parlamento Vasco.<br>Jos\u00e9 Antonio Zaldua fue elegido parlamentario en la lista del EAJ-PNV de Gipuzkoa en 1980, y posteriormente secretario primero de la Mesa.<br>Hab\u00eda sido presidente de la Federaci\u00f3n de Ikastolas de Gipuzkoa y Euzkadi y un gran activista del euskera. En la d\u00e9cada de los a\u00f1os cincuenta fue fundador del importante grupo de fomento de la lengua y literatura vasca OARGUI. Su trabajo promotor de la cultura euskaldun le llevar\u00eda a la presidencia de la Federaci\u00f3n de Ikastolas y a la vocal\u00eda del Patronato de la escuela Universitaria de EGB de Donostia.<br>Falleci\u00f3 a los 55 a\u00f1os en un accidente de coche en Itziar, yendo a Gasteiz, el 26 de noviembre de 1983. Le sustituy\u00f3 en la Mesa Joseba Leizaola.<br>En la fotograf\u00eda vemos a su hija Karmele con la medalla y fotograf\u00eda \u00a0y en la contigua la Mesa de la C\u00e1mara con Pujana y Boneta, presidiendo la sesi\u00f3n donde se discut\u00eda la LTH y en el lugar de Zaldua, un ramo de flores. Su fallecimiento fue toda una conmoci\u00f3n en\u00a0 aquella primera legislatura.<\/p>\n<!-- AddThis Advanced Settings generic via filter on the_content --><!-- AddThis Share Buttons generic via filter on the_content -->","protected":false},"excerpt":{"rendered":"<p>Jueves 10 de abril de 2025 Vemos en la fotograf\u00eda a Karmele Zaldua, tras recoger el 31 de marzo de 2025, la medalla del Parlamento Vasco en Gernika dedicada a su aita en la celebraci\u00f3n del 45 aniversario de la constituci\u00f3n del primer Parlamento Vasco.Jos\u00e9 Antonio Zaldua fue elegido parlamentario en la lista del EAJ-PNV &hellip; <a href=\"https:\/\/blogs.deia.eus\/anasagasti\/2025\/04\/10\/jose-antonio-zaldua-primer-secretario-del-parlamento-vasco\/\" class=\"more-link\">Sigue leyendo <span class=\"screen-reader-text\">JOSE ANTONIO ZALDUA, PRIMER SECRETARIO DEL PARLAMENTO VASCO<\/span><\/a><!-- AddThis Advanced Settings generic via filter on get_the_excerpt --><!-- AddThis Share Buttons generic via filter on get_the_excerpt --><\/p>\n","protected":false},"author":19,"featured_media":0,"comment_status":"open","ping_status":"open","sticky":false,"template":"","format":"standard","meta":{"footnotes":""},"categories":[1],"tags":[],"class_list":["post-20300","post","type-post","status-publish","format-standard","hentry","category-general"],"_links":{"self":[{"href":"https:\/\/blogs.deia.eus\/anasagasti\/wp-json\/wp\/v2\/posts\/20300","targetHints":{"allow":["GET"]}}],"collection":[{"href":"https:\/\/blogs.deia.eus\/anasagasti\/wp-json\/wp\/v2\/posts"}],"about":[{"href":"https:\/\/blogs.deia.eus\/anasagasti\/wp-json\/wp\/v2\/types\/post"}],"author":[{"embeddable":true,"href":"https:\/\/blogs.deia.eus\/anasagasti\/wp-json\/wp\/v2\/users\/19"}],"replies":[{"embeddable":true,"href":"https:\/\/blogs.deia.eus\/anasagasti\/wp-json\/wp\/v2\/comments?post=20300"}],"version-history":[{"count":1,"href":"https:\/\/blogs.deia.eus\/anasagasti\/wp-json\/wp\/v2\/posts\/20300\/revisions"}],"predecessor-version":[{"id":20302,"href":"https:\/\/blogs.deia.eus\/anasagasti\/wp-json\/wp\/v2\/posts\/20300\/revisions\/20302"}],"wp:attachment":[{"href":"https:\/\/blogs.deia.eus\/anasagasti\/wp-json\/wp\/v2\/media?parent=20300"}],"wp:term":[{"taxonomy":"category","embeddable":true,"href":"https:\/\/blogs.deia.eus\/anasagasti\/wp-json\/wp\/v2\/categories?post=20300"},{"taxonomy":"post_tag","embeddable":true,"href":"https:\/\/blogs.deia.eus\/anasagasti\/wp-json\/wp\/v2\/tags?post=20300"}],"curies":[{"name":"wp","href":"https:\/\/api.w.org\/{rel}","templated":true}]}}