{"id":20303,"date":"2025-04-11T07:24:12","date_gmt":"2025-04-11T05:24:12","guid":{"rendered":"https:\/\/blogs.deia.eus\/anasagasti\/?p=20303"},"modified":"2025-04-11T07:24:12","modified_gmt":"2025-04-11T05:24:12","slug":"historia-viva","status":"publish","type":"post","link":"https:\/\/blogs.deia.eus\/anasagasti\/2025\/04\/11\/historia-viva\/","title":{"rendered":"HISTORIA VIVA"},"content":{"rendered":"\n<p>Viernes 11 de abril de 2025<\/p>\n\n\n\n<figure class=\"wp-block-image size-large\"><a href=\"https:\/\/blogs.deia.eus\/anasagasti\/files\/2025\/04\/1000407065.jpg\"><img loading=\"lazy\" decoding=\"async\" width=\"940\" height=\"705\" src=\"https:\/\/blogs.deia.eus\/anasagasti\/files\/2025\/04\/1000407065-940x705.jpg\" alt=\"\" class=\"wp-image-20304\" srcset=\"https:\/\/blogs.deia.eus\/anasagasti\/files\/2025\/04\/1000407065-940x705.jpg 940w, https:\/\/blogs.deia.eus\/anasagasti\/files\/2025\/04\/1000407065-580x435.jpg 580w, https:\/\/blogs.deia.eus\/anasagasti\/files\/2025\/04\/1000407065-768x576.jpg 768w, https:\/\/blogs.deia.eus\/anasagasti\/files\/2025\/04\/1000407065.jpg 1024w\" sizes=\"auto, (max-width: 940px) 100vw, 940px\" \/><\/a><\/figure>\n\n\n\n<p><br>En la fotograf\u00eda estoy con Teresa Querejazu, Jose Mari Gorordo y Andoni Monforte. Mucha experiencia y sabidur\u00eda acumulada. Cada uno de ellos nos ilustra de much\u00edsimas cosas. Y los tres tienen mucha marcha.<br>Tere Querejazu te cuenta todo sobre Bilbao. Su ama sufri\u00f3 el bombardeo de Gernika.\u201dAquel Bilbao. Los domingos en el Arenal. Misa de doce en San Nicol\u00e1s, gambas con mosto en los Fueros y la pasteler\u00eda del Boulevard que parec\u00eda una joyer\u00eda llena de caramelos y espejos\u201d. Y es una l\u00e1stima que no quiera escribir sobre sus mil trabajos en la C\u00e1mara de Comercio donde ha emprendido miles de planes, recordando con mucho cari\u00f1o todas las gestiones con la antrop\u00f3loga Sela Huxley que sac\u00f3 a la luz la existencia de toda una industria ballenera vasca.<br>Hace poco estuve con ella en Amorebieta ya que vino el presidente de la mayor Fundaci\u00f3n de Sud\u00e1frica. Su \u00a0chaval corr\u00eda una carrera internacional y se puso en contacto con el c\u00f3nsul honorario de aquel\u00a0 pa\u00eds Carlos Lerchundi y le ilustr\u00f3 de como desde la C\u00e1mara ten\u00edan historias con Sud\u00e1frica a cuenta de la ruta del vino.<br>Con el ex alcalde Jose Mari Gorordo tuve mucha relaci\u00f3n en los \u00a0a\u00f1os setenta al inicio de las campa\u00f1as electorales ,desde 1976,asi como del nacimiento de Deia.Un d\u00eda fuimos a Iru\u00f1a a proponerle la direcci\u00f3n del peri\u00f3dicos a Mirentxu Purroy \u00a0y la gr\u00faa nos llev\u00f3 el coche y Mirentxu nos dio calabazas. Fue Director de EITB, director de la C\u00e1mara y miembro del Tribunal de Cuentas y lleva ya varias tesis de grado sobre las C\u00e1maras de Comercio, El control de las Cuentas P\u00fablicas, las Obras de Fray Domingo de Lerin y Clavijo, Bizkaia en la Edad Media, Las Ermitas y en la actualidad nos dijo que se iba a Asparren a iniciar un nuevo trabajo.<br>Andoni Monforte, de Mallabia, fue diputado en el Congreso en las legislaturas de 1977 a 1986, Consejero de Sanidad y Seguridad Social del Consejo General Vasco, Eurodiputado de 1986 a 1989, director de la oficina de la UE del Gobierno Vasco, hijo de una raquetista campeona internacional y hombre de mil relaciones.<br>Tuvo a su cargo en el Congreso defender la postura del PNV en relaci\u00f3n con la OTAN. Vive en Gandia y de vez en cuando aparece por Euzkadi, se re\u00fane con amigos y vuelve a Valencia. Andoni, aunque en Mallabia de donde es le llaman Antontxu, nos cont\u00f3 c\u00f3mo estando encerrados en el Congreso por el golpe de estado de Tejero el 23 F, Bandr\u00e9s le hizo llegar el recado a Urralburu, que quer\u00eda confesarse pues aquello no ten\u00eda buena pinta. Urralburu hab\u00eda sido sacerdote del Verbo Divino. Nos habl\u00f3 asimismo del recientemente fallecido presidente de las Juntas Generales de Gipuzkoa en la IV Legislatura (1991-1995) Jon Esnal, m\u00e1s conocido como Pintxo, quien junto a otros tres amigos\u00a0 rescataron la estatua de Elcano que estaba en el Paseo Nuevo de Donostia ya que \u00a0el franquismo la hab\u00eda trasladado all\u00ed tras la guerra civil en 1978.\u2026..<br>Quedamos en volvernos a ver. Ser\u00eda bueno que alguien crear un Foro para que los jubiletas cuentacuentos tuvieran un lugar para \u00a0escuchar \u00a0viejas historias de todo tipo, que se van a perder pues nadie escribe sus memorias y la riqueza de estas vivencias corren el riesgo de perderse en la niebla. Y de verdad que son todas muy sabrosas. Lo digo pues estando en Euzko Gaztedi de Caracas creamos un Foro, los \u201cArratzaldekos\u201d donde los exiliados de la guerra, que ten\u00edan mil vivencias, nos contaban sus batallas que eran interesant\u00edsimas y no aburr\u00edan a nadie. Las grab\u00e1bamos y algunas est\u00e1n ya en alg\u00fan archivo. Quiz\u00e1s Gogora deber\u00eda crear un Foro audiovisual para este cometido. O en los Batzokis. O el propio Ayuntamiento.<\/p>\n<!-- AddThis Advanced Settings generic via filter on the_content --><!-- AddThis Share Buttons generic via filter on the_content -->","protected":false},"excerpt":{"rendered":"<p>Viernes 11 de abril de 2025 En la fotograf\u00eda estoy con Teresa Querejazu, Jose Mari Gorordo y Andoni Monforte. Mucha experiencia y sabidur\u00eda acumulada. Cada uno de ellos nos ilustra de much\u00edsimas cosas. Y los tres tienen mucha marcha.Tere Querejazu te cuenta todo sobre Bilbao. Su ama sufri\u00f3 el bombardeo de Gernika.\u201dAquel Bilbao. Los domingos &hellip; <a href=\"https:\/\/blogs.deia.eus\/anasagasti\/2025\/04\/11\/historia-viva\/\" class=\"more-link\">Sigue leyendo <span class=\"screen-reader-text\">HISTORIA VIVA<\/span><\/a><!-- AddThis Advanced Settings generic via filter on get_the_excerpt --><!-- AddThis Share Buttons generic via filter on get_the_excerpt --><\/p>\n","protected":false},"author":19,"featured_media":0,"comment_status":"open","ping_status":"open","sticky":false,"template":"","format":"standard","meta":{"footnotes":""},"categories":[1],"tags":[],"class_list":["post-20303","post","type-post","status-publish","format-standard","hentry","category-general"],"_links":{"self":[{"href":"https:\/\/blogs.deia.eus\/anasagasti\/wp-json\/wp\/v2\/posts\/20303","targetHints":{"allow":["GET"]}}],"collection":[{"href":"https:\/\/blogs.deia.eus\/anasagasti\/wp-json\/wp\/v2\/posts"}],"about":[{"href":"https:\/\/blogs.deia.eus\/anasagasti\/wp-json\/wp\/v2\/types\/post"}],"author":[{"embeddable":true,"href":"https:\/\/blogs.deia.eus\/anasagasti\/wp-json\/wp\/v2\/users\/19"}],"replies":[{"embeddable":true,"href":"https:\/\/blogs.deia.eus\/anasagasti\/wp-json\/wp\/v2\/comments?post=20303"}],"version-history":[{"count":1,"href":"https:\/\/blogs.deia.eus\/anasagasti\/wp-json\/wp\/v2\/posts\/20303\/revisions"}],"predecessor-version":[{"id":20305,"href":"https:\/\/blogs.deia.eus\/anasagasti\/wp-json\/wp\/v2\/posts\/20303\/revisions\/20305"}],"wp:attachment":[{"href":"https:\/\/blogs.deia.eus\/anasagasti\/wp-json\/wp\/v2\/media?parent=20303"}],"wp:term":[{"taxonomy":"category","embeddable":true,"href":"https:\/\/blogs.deia.eus\/anasagasti\/wp-json\/wp\/v2\/categories?post=20303"},{"taxonomy":"post_tag","embeddable":true,"href":"https:\/\/blogs.deia.eus\/anasagasti\/wp-json\/wp\/v2\/tags?post=20303"}],"curies":[{"name":"wp","href":"https:\/\/api.w.org\/{rel}","templated":true}]}}