{"id":20313,"date":"2025-04-14T07:47:20","date_gmt":"2025-04-14T05:47:20","guid":{"rendered":"https:\/\/blogs.deia.eus\/anasagasti\/?p=20313"},"modified":"2025-04-14T07:47:20","modified_gmt":"2025-04-14T05:47:20","slug":"sabremos-algun-dia-lo-que-paso-con-pertur","status":"publish","type":"post","link":"https:\/\/blogs.deia.eus\/anasagasti\/2025\/04\/14\/sabremos-algun-dia-lo-que-paso-con-pertur\/","title":{"rendered":"\u00bfSABREMOS ALG\u00daN D\u00cdA LO QUE PAS\u00d3 CON PERTUR?"},"content":{"rendered":"\n<p>Lunes 14 de abril de 2025<\/p>\n\n\n<div class=\"wp-block-image\">\n<figure class=\"aligncenter size-full\"><a href=\"https:\/\/blogs.deia.eus\/anasagasti\/files\/2025\/04\/1000411207.jpg\"><img loading=\"lazy\" decoding=\"async\" width=\"725\" height=\"1024\" src=\"https:\/\/blogs.deia.eus\/anasagasti\/files\/2025\/04\/1000411207.jpg\" alt=\"\" class=\"wp-image-20314\" srcset=\"https:\/\/blogs.deia.eus\/anasagasti\/files\/2025\/04\/1000411207.jpg 725w, https:\/\/blogs.deia.eus\/anasagasti\/files\/2025\/04\/1000411207-580x819.jpg 580w\" sizes=\"auto, (max-width: 725px) 100vw, 725px\" \/><\/a><\/figure>\n<\/div>\n\n\n<p><br>Juan Carlos de Borb\u00f3n demostr\u00f3 con la denuncia hecha a Revilla el verdadero rostro, que se ha ido deformando con el tiempo y arrojando luz sobre el mismo, sobre lo que fue la transici\u00f3n asentada en el pacto de silencio de todos los presidentes del gobierno espa\u00f1ol, la UCD, AP, el PP, el PSOE y hasta IU. Que un jefe del estado tuviera que \u00a0dimitir porque seg\u00fan su amante Corinna dijo que \u00a0ten\u00eda en la Zarzuela una m\u00e1quina de contar billetes, nos habla de la ejemplaridad del Borb\u00f3n, sus yates, sus se\u00f1oras, sus comisiones, sus borbonadas y la definici\u00f3n de la misma Corinna que Juan Carlos\u00a0 era una persona que no distingu\u00eda el bien del mal..<br>De eso habl\u00e9 el jueves 3 con Javier Rojo, ex presidente del Senado y personalidad socialista, con quien yo hab\u00eda discutido en su d\u00eda por su \u201cjuancarlismo\u201d. Me daba ahora \u00a0la raz\u00f3n, lo que no deja de ser un gran cambio, y me dijo vehementemente que le hab\u00eda llamado a Revilla para solidarizarse con \u00e9l y recordarme que \u00e9l estaba delante cuando el rey, tras el funeral en la Almudena por las v\u00edctimas del 11-M, en la puerta de la Iglesia me pregunt\u00f3 desafiante que por qu\u00e9 lo que yo dec\u00eda de \u00e9l en los medios no lo hac\u00eda a su cara. Le contest\u00e9 que encantado y que me llamara a su Palacio y le dir\u00eda a la cara lo que pensaba de su poco edificante vida y trayectoria as\u00ed como de las cartas que le hab\u00eda enviado y no me hab\u00eda contestado. La reina a su lado le dio un golpecito en su brazo y \u00e9l, muy borbonamente, solt\u00f3 una de sus caracter\u00edsticas carcajadas, me dio un medio abrazo, y hasta hoy. No me llam\u00f3, claro.<br>Ese mismo d\u00eda, aquel jueves, a las siete, presentaba su libro en la biblioteca de Biderrabieta, a sal\u00f3n lleno a rebosar, I\u00f1aki Mart\u00ednez \u201cManto de Silencio\u201d sobre\u00a0 la desaparici\u00f3n el 23 de julio de 1976 de Eduardo Moreno Bergaretxe \u201cPertur\u201d. Es uno de los muchos misterios sin aclarar aunque nadie duda que fueron los suyos quienes acabaron con \u00e9l para evitar que ETA dejara las armas. Eran a\u00f1os en los que el mundo se hallaba convulsionado por m\u00faltiples episodios que sacudieron la conciencia de muchos j\u00f3venes y por el nacimiento de movimientos revolucionarios que practicaban la violencia y el terrorismo junto a la eclosi\u00f3n de la Guerra Fr\u00eda.<br>El libro est\u00e1 bien escrito, tiene ritmo, una gran historia por detr\u00e1s y te atrapa. Conozco a I\u00f1aki de aquellos viejos tiempos cuando era dirigente de EE y sobre todo cuando me ayud\u00f3 a organizar en Panam\u00e1 el viaje del Lehendakari Carlos Garaikoetxea en 1983.<br>En el coloquio, adem\u00e1s de Juan Infante y Mar\u00eda Eugenia Salaverri, que aportaron su visi\u00f3n de\u00a0 aquellos a\u00f1os y de la publicaci\u00f3n, salieron varios de los sempiternos temas pendientes. \u00bfQu\u00e9 pas\u00f3 con aquellos tres j\u00f3venes gallegos que pasaron a Iparralde a ver una pel\u00edcula, les confundieron con polic\u00edas y les mataron?. \u00bfQu\u00e9 pas\u00f3 en 1976 en aquellos d\u00edas tras el secuestro en marzo de Aingeru Berazadi y por qu\u00e9 se le mat\u00f3?.<br>De esta fecha, concretamente del 1 de abril, record\u00e9 como a ra\u00edz de aquel secuestro y muerte se suspendi\u00f3 el Aberri Eguna convocado por el Gobierno Vasco en el exilio a celebrar en Iru\u00f1a como un pulso \u00a0democr\u00e1tico al gobierno de Arias Navarro y aquel asesinato lo impidi\u00f3. Y en lo personal a Joseba Goikoetxea, posteriormente asesinado por ETA, a Bingen Zubiri y a m\u00ed la polic\u00eda nos detuvo en la calle Ega\u00f1a cuando a ciclostil convoc\u00e1bamos \u00a0en nombre del PNV aquella jornada y estuvimos tres d\u00edas en las celdas de la Comisar\u00eda de la calle Gord\u00f3niz.<br>Tambi\u00e9n \u00a0el p\u00fablico pregunt\u00f3 el por qu\u00e9 en los pensums de estudios no se habla de lo que supuso ETA en esta sociedad. Y otra persona lo poco que estos temas est\u00e1n presentes.<br>Mucha gente en Bidebarrieta, buen coloquio y un tema pendiente de resolver. La desaparici\u00f3n de Pertur. Recomiendo el libro.<\/p>\n<!-- AddThis Advanced Settings generic via filter on the_content --><!-- AddThis Share Buttons generic via filter on the_content -->","protected":false},"excerpt":{"rendered":"<p>Lunes 14 de abril de 2025 Juan Carlos de Borb\u00f3n demostr\u00f3 con la denuncia hecha a Revilla el verdadero rostro, que se ha ido deformando con el tiempo y arrojando luz sobre el mismo, sobre lo que fue la transici\u00f3n asentada en el pacto de silencio de todos los presidentes del gobierno espa\u00f1ol, la UCD, &hellip; <a href=\"https:\/\/blogs.deia.eus\/anasagasti\/2025\/04\/14\/sabremos-algun-dia-lo-que-paso-con-pertur\/\" class=\"more-link\">Sigue leyendo <span class=\"screen-reader-text\">\u00bfSABREMOS ALG\u00daN D\u00cdA LO QUE PAS\u00d3 CON PERTUR?<\/span><\/a><!-- AddThis Advanced Settings generic via filter on get_the_excerpt --><!-- AddThis Share Buttons generic via filter on get_the_excerpt --><\/p>\n","protected":false},"author":19,"featured_media":0,"comment_status":"open","ping_status":"open","sticky":false,"template":"","format":"standard","meta":{"footnotes":""},"categories":[1],"tags":[],"class_list":["post-20313","post","type-post","status-publish","format-standard","hentry","category-general"],"_links":{"self":[{"href":"https:\/\/blogs.deia.eus\/anasagasti\/wp-json\/wp\/v2\/posts\/20313","targetHints":{"allow":["GET"]}}],"collection":[{"href":"https:\/\/blogs.deia.eus\/anasagasti\/wp-json\/wp\/v2\/posts"}],"about":[{"href":"https:\/\/blogs.deia.eus\/anasagasti\/wp-json\/wp\/v2\/types\/post"}],"author":[{"embeddable":true,"href":"https:\/\/blogs.deia.eus\/anasagasti\/wp-json\/wp\/v2\/users\/19"}],"replies":[{"embeddable":true,"href":"https:\/\/blogs.deia.eus\/anasagasti\/wp-json\/wp\/v2\/comments?post=20313"}],"version-history":[{"count":1,"href":"https:\/\/blogs.deia.eus\/anasagasti\/wp-json\/wp\/v2\/posts\/20313\/revisions"}],"predecessor-version":[{"id":20315,"href":"https:\/\/blogs.deia.eus\/anasagasti\/wp-json\/wp\/v2\/posts\/20313\/revisions\/20315"}],"wp:attachment":[{"href":"https:\/\/blogs.deia.eus\/anasagasti\/wp-json\/wp\/v2\/media?parent=20313"}],"wp:term":[{"taxonomy":"category","embeddable":true,"href":"https:\/\/blogs.deia.eus\/anasagasti\/wp-json\/wp\/v2\/categories?post=20313"},{"taxonomy":"post_tag","embeddable":true,"href":"https:\/\/blogs.deia.eus\/anasagasti\/wp-json\/wp\/v2\/tags?post=20313"}],"curies":[{"name":"wp","href":"https:\/\/api.w.org\/{rel}","templated":true}]}}