{"id":20422,"date":"2025-05-06T12:30:56","date_gmt":"2025-05-06T10:30:56","guid":{"rendered":"https:\/\/blogs.deia.eus\/anasagasti\/?p=20422"},"modified":"2025-05-06T12:30:56","modified_gmt":"2025-05-06T10:30:56","slug":"la-justicia-no-es-igual-para-todos","status":"publish","type":"post","link":"https:\/\/blogs.deia.eus\/anasagasti\/2025\/05\/06\/la-justicia-no-es-igual-para-todos\/","title":{"rendered":"LA JUSTICIA NO ES IGUAL PARA TODOS"},"content":{"rendered":"\n<p><strong>Martes 6 de mayo de 2025<\/strong><\/p>\n\n\n<div class=\"wp-block-image\">\n<figure class=\"aligncenter size-full\"><a href=\"https:\/\/blogs.deia.eus\/anasagasti\/files\/2025\/05\/Juan-Carlos-I.jpg\"><img loading=\"lazy\" decoding=\"async\" width=\"592\" height=\"449\" src=\"https:\/\/blogs.deia.eus\/anasagasti\/files\/2025\/05\/Juan-Carlos-I.jpg\" alt=\"\" class=\"wp-image-20423\" srcset=\"https:\/\/blogs.deia.eus\/anasagasti\/files\/2025\/05\/Juan-Carlos-I.jpg 592w, https:\/\/blogs.deia.eus\/anasagasti\/files\/2025\/05\/Juan-Carlos-I-580x440.jpg 580w\" sizes=\"auto, (max-width: 592px) 100vw, 592px\" \/><\/a><\/figure>\n<\/div>\n\n\n<p>En uno de aquellos pl\u00fambeos y mentirosos mensajes de Navidad del entonces rey Juan Carlos de Borb\u00f3n y a cuenta de los manejos de su hija y yerno, nos dijo aquello de que\u201d la Justicia es igual para todos\u201d. Le falt\u00f3 decir que salvo para \u00e9l.<\/p>\n\n\n\n<p>Una vez m\u00e1s comprobamos lo que esa frase signific\u00f3 de caradurismo pol\u00edtico&nbsp; cuando este lunes el Supremo hizo otra de los suyas para protegerle.<\/p>\n\n\n\n<p><strong>Ana Mar\u00eda Pascual del diario P\u00fablico, nos lo cuenta as\u00ed:<\/strong><\/p>\n\n\n\n<p><em>\u201cA diez d\u00edas para que se celebre el acto de conciliaci\u00f3n&nbsp;entre la representaci\u00f3n legal de <strong>Juan Carlos de Borb\u00f3n<\/strong>&nbsp;y la de <strong>Miguel \u00c1ngel Revilla<\/strong>, expresidente de Cantabria, paso previo a la interposici\u00f3n de la demanda por vulneraci\u00f3n del <strong>derecho al honor<\/strong> anunciada por el rey em\u00e9rito, el Tribunal Supremo dio a conocer su respuesta negativa a investigar a Juan Carlos I e inadmite la querella que un grupo de juristas e intelectuales present\u00f3 hace cuatro meses y medio&nbsp;contra \u00e9l&nbsp;por cinco delitos fiscales.<\/em><\/p>\n\n\n\n<p><em>La respuesta de la&nbsp;<strong>Sala Segunda del Supremo<\/strong>, competente para pronunciarse sobre las querellas contra personas aforadas, como lo es el rey em\u00e9rito, se ha hecho esperar. El contenido ha sido tan previsible que, de hecho, los querellantes aguardaban, m\u00e1s que la propia decisi\u00f3n, los argumentos que esgrimir\u00eda el Alto Tribunal para rechazar investigar al&nbsp;<strong>rey em\u00e9rito<\/strong>. As\u00ed lo indican los propios impulsores de la querella.<\/em><\/p>\n\n\n\n<p><em>Y estos argumentos no convencen a los querellantes, que los tildan de \u00abdecepcionantes\u00bb y preparan ya el&nbsp;<strong>recurso de s\u00faplica<\/strong>&nbsp;contra el auto, con ponencia de&nbsp;Manuel Marchena, expresidente de la Sala Segunda,el juez del Proc\u00e9s.. \u00abEl Supremo&nbsp;<a href=\"https:\/\/www.publico.es\/politica\/tribunales\/supremo-rechaza-querella-manos-limpias-pedro-sanchez-hecha-recortes-prensa.html\">reprocha a Manos Limpias que haga querellas con recortes de prensa<\/a><\/em><em>&#8230; Y resulta que \u00e9l hace lo mismo\u2014espeta&nbsp;<strong>Jos\u00e9 Antonio Mart\u00edn Pall\u00edn<\/strong>, magistrado em\u00e9rito del Tribunal Supremo, director jur\u00eddico de la querella contra el em\u00e9rito\u2014, pues introduce en su resoluci\u00f3n referencias a las&nbsp;<strong>diligencias previas 40\/2020 de la Fiscal\u00eda<\/strong>, cuando no est\u00e1n en autos, es decir, que las saca de Internet\u00bb.&nbsp; &nbsp;<\/em><\/p>\n\n\n\n<p><em>Es lo que hay en esta Espa\u00f1a chapucera y amparadora de todo tipo de corrupci\u00f3n.\u201d<\/em><\/p>\n<!-- AddThis Advanced Settings generic via filter on the_content --><!-- AddThis Share Buttons generic via filter on the_content -->","protected":false},"excerpt":{"rendered":"<p>Martes 6 de mayo de 2025 En uno de aquellos pl\u00fambeos y mentirosos mensajes de Navidad del entonces rey Juan Carlos de Borb\u00f3n y a cuenta de los manejos de su hija y yerno, nos dijo aquello de que\u201d la Justicia es igual para todos\u201d. Le falt\u00f3 decir que salvo para \u00e9l. Una vez m\u00e1s &hellip; <a href=\"https:\/\/blogs.deia.eus\/anasagasti\/2025\/05\/06\/la-justicia-no-es-igual-para-todos\/\" class=\"more-link\">Sigue leyendo <span class=\"screen-reader-text\">LA JUSTICIA NO ES IGUAL PARA TODOS<\/span><\/a><!-- AddThis Advanced Settings generic via filter on get_the_excerpt --><!-- AddThis Share Buttons generic via filter on get_the_excerpt --><\/p>\n","protected":false},"author":19,"featured_media":0,"comment_status":"open","ping_status":"open","sticky":false,"template":"","format":"standard","meta":{"footnotes":""},"categories":[1],"tags":[],"class_list":["post-20422","post","type-post","status-publish","format-standard","hentry","category-general"],"_links":{"self":[{"href":"https:\/\/blogs.deia.eus\/anasagasti\/wp-json\/wp\/v2\/posts\/20422","targetHints":{"allow":["GET"]}}],"collection":[{"href":"https:\/\/blogs.deia.eus\/anasagasti\/wp-json\/wp\/v2\/posts"}],"about":[{"href":"https:\/\/blogs.deia.eus\/anasagasti\/wp-json\/wp\/v2\/types\/post"}],"author":[{"embeddable":true,"href":"https:\/\/blogs.deia.eus\/anasagasti\/wp-json\/wp\/v2\/users\/19"}],"replies":[{"embeddable":true,"href":"https:\/\/blogs.deia.eus\/anasagasti\/wp-json\/wp\/v2\/comments?post=20422"}],"version-history":[{"count":1,"href":"https:\/\/blogs.deia.eus\/anasagasti\/wp-json\/wp\/v2\/posts\/20422\/revisions"}],"predecessor-version":[{"id":20424,"href":"https:\/\/blogs.deia.eus\/anasagasti\/wp-json\/wp\/v2\/posts\/20422\/revisions\/20424"}],"wp:attachment":[{"href":"https:\/\/blogs.deia.eus\/anasagasti\/wp-json\/wp\/v2\/media?parent=20422"}],"wp:term":[{"taxonomy":"category","embeddable":true,"href":"https:\/\/blogs.deia.eus\/anasagasti\/wp-json\/wp\/v2\/categories?post=20422"},{"taxonomy":"post_tag","embeddable":true,"href":"https:\/\/blogs.deia.eus\/anasagasti\/wp-json\/wp\/v2\/tags?post=20422"}],"curies":[{"name":"wp","href":"https:\/\/api.w.org\/{rel}","templated":true}]}}