{"id":20429,"date":"2025-05-08T12:59:20","date_gmt":"2025-05-08T10:59:20","guid":{"rendered":"https:\/\/blogs.deia.eus\/anasagasti\/?p=20429"},"modified":"2025-05-08T13:01:04","modified_gmt":"2025-05-08T11:01:04","slug":"pilar-zubiarrain-una-mujer-de-bandera","status":"publish","type":"post","link":"https:\/\/blogs.deia.eus\/anasagasti\/2025\/05\/08\/pilar-zubiarrain-una-mujer-de-bandera\/","title":{"rendered":"PILAR ZUBIARRAIN, UNA MUJER DE BANDERA"},"content":{"rendered":"\n<p><strong>Jueves 8 de mayo de 202<\/strong>5<\/p>\n\n\n<div class=\"wp-block-image\">\n<figure class=\"aligncenter size-full is-resized\"><a href=\"https:\/\/blogs.deia.eus\/anasagasti\/files\/2025\/05\/pilar-zubiarrain.jpg\"><img loading=\"lazy\" decoding=\"async\" width=\"776\" height=\"675\" src=\"https:\/\/blogs.deia.eus\/anasagasti\/files\/2025\/05\/pilar-zubiarrain.jpg\" alt=\"\" class=\"wp-image-20430\" style=\"width:470px;height:auto\" srcset=\"https:\/\/blogs.deia.eus\/anasagasti\/files\/2025\/05\/pilar-zubiarrain.jpg 776w, https:\/\/blogs.deia.eus\/anasagasti\/files\/2025\/05\/pilar-zubiarrain-580x505.jpg 580w, https:\/\/blogs.deia.eus\/anasagasti\/files\/2025\/05\/pilar-zubiarrain-768x668.jpg 768w\" sizes=\"auto, (max-width: 776px) 100vw, 776px\" \/><\/a><\/figure>\n<\/div>\n\n\n<p>V\u00edctima de la violencia a finales de los 90 y comienzos de los 2000, gobern\u00f3 la localidad &nbsp;de Altzo entre 2003 y 2007<\/p>\n\n\n\n<p>La persecuci\u00f3n del mundo violento a quienes no pensaban ni actuaban como ellos, &nbsp;fue una de las inmensas tragedias vividas por esta sociedad ejercida por quienes cre\u00edan que con esos m\u00e9todos iban a lograr su prop\u00f3sito. Afortunadamente cesaron en una estrategia, la de la socializaci\u00f3n del sufrimiento, producto de mentes intolerantes, fan\u00e1ticas y obsesivas que en la actualidad comienza a tomar forma, no con acciones parecidas, sino tratando de conectar e inocular fanatismo en gente joven inmadura como abonado para sus pr\u00e9dicas.<\/p>\n\n\n\n<p>Tomando como modelo la dictadura rusa, cubana, venezolana o nicarag\u00fcense y hasta china y coreana, hay que vacunarse contra esta plaga y tomar referencias de valent\u00eda.<\/p>\n\n\n\n<p>Por eso desde la sociedad hay que enfrentarse democr\u00e1ticamente a la intimidaci\u00f3n y una de esas personas que lo hizo fue una mujer valiente que desgraciadamente acaba de fallecer.<\/p>\n\n\n\n<p>Hablamos con dolor de la que \u00a0fuera\u00a0alcaldesa de Altzo\u00a0Pilar Zubiarrain Lasa quien ha \u00a0fallecido este martes\u00a0a los 58 a\u00f1os de edad, que \u00a0fue\u00a0\u201cv\u00edctima de la persecuci\u00f3n\u201d\u00a0y a la que hay que agradecer su compromiso p\u00fablico. Primera edil entre 2003 y 2007, fue una de las impulsoras de la figura del\u00a0Gigante de Altzo, as\u00ed como\u00a0el Haya de Imaz, que el bertsolari Manuel Antonio Imaz plant\u00f3 en 1836.<\/p>\n\n\n\n<p>Nombrada&nbsp;primera edil como cabeza de lista del PNV en 2003&nbsp;con 65 votos y m\u00e1s de 100 nulos, correspondientes a la lista de la izquierda abertzale ilegalizada, en 1997&nbsp;le quemaron el coche y dos a\u00f1os despu\u00e9s, un caser\u00edo centenario&nbsp;en el que viv\u00edan sus padres y una t\u00eda con movilidad reducida, acci\u00f3n que qued\u00f3 impune por falta de acusados, sin olvidar las constantes concentraciones de simpatizantes de la izquierda abertzale ante el despacho de abogados donde trabajaba.<\/p>\n\n\n\n<p>Fue una \u00e9poca dura. Muy dura, bajo persecuci\u00f3n de ETA y los sectores de la izquierda abertzale que empleaban la violencia callejera y el hostigamiento social como estrategia. Lejos de los medios de comunicaci\u00f3n, &nbsp;aceptaba las invitaciones a charlas, en las que asegur\u00f3 c\u00f3mo \u201cla violencia de persecuci\u00f3n es como que te echen gota a gota&nbsp;un cubo de agua. Deseas que te echen todo el cubo de una vez para terminar con el sufrimiento\u201d.&nbsp;<\/p>\n\n\n\n<p>Fiel a su estilo, relativizaba este hostigamiento, en comparaci\u00f3n con lo que viv\u00edan otras v\u00edctimas: \u201cTe das cuenta de que mientras tienes vida tienes una oportunidad, hay gente a la que por desgracia han privado de sus seres queridos, que sufrir\u00edan el doble de lo que yo sufr\u00ed y que dar\u00edan todos sus bienes por tenerlos vivos\u201d.<\/p>\n\n\n\n<p>En un contexto en el que decenas de listas de Batasuna fueron ilegalizadas, ella&nbsp;acept\u00f3 asumir el gobierno de su Altzo natal, pese a las acusaciones de ladrona,&nbsp;<em>lapurra<\/em>.<\/p>\n\n\n\n<p>Doble v\u00edctima<\/p>\n\n\n\n<p>Lejos de la Alcald\u00eda, su caso volvi\u00f3 a la palestra en 2009, cuando el 1 de octubre la Fiscal\u00eda recurri\u00f3 el sobreseimiento del Juzgado de Tolosa, despu\u00e9s de que el Abogado del Estado denunciara por mantener una banderola de los presos.<\/p>\n\n\n\n<p>Una decisi\u00f3n que lleg\u00f3 antes de que ella fuera alcaldesa en una resoluci\u00f3n que facilitaba e instaba a todos los domicilios una banderola igual, como record\u00f3 en un acto p\u00fablico: \u201cNo la puse ni denunci\u00e9 estos hechos porque en aquel momento, con&nbsp;el caser\u00edo que todav\u00eda echaba humo, no pod\u00eda ni con mi alma, pero imagina el sentimiento de burla, impotencia, dolor&nbsp;que sentimos tanto yo como mi familia cuando recibimos la citada bandera. La devolv\u00ed ofendida\u201d.<\/p>\n\n\n\n<p>Entre 2004 y 2005 dilat\u00f3 el cumplimiento de la sentencia (\u00abno estaba dispuesta a volver a aguantar las presiones, no ten\u00eda fuerzas y alargu\u00e9 el cumplimiento de la sentencia, sabiendo que era ilegal, aunque estaba y estoy plenamente conforme con el contenido de la misma\u00bb). La petici\u00f3n de que fuera traducida al euskera supuso tres a\u00f1os de retraso, hasta 2008, con Zubiarrain ya fuera del Consistorio.<\/p>\n\n\n\n<p>GB a esta emakume del EAJ-PNV que estuvo a la altura de la trayectoria con valores de una organizaci\u00f3n centenaria.<\/p>\n<!-- AddThis Advanced Settings generic via filter on the_content --><!-- AddThis Share Buttons generic via filter on the_content -->","protected":false},"excerpt":{"rendered":"<p>Jueves 8 de mayo de 2025 V\u00edctima de la violencia a finales de los 90 y comienzos de los 2000, gobern\u00f3 la localidad &nbsp;de Altzo entre 2003 y 2007 La persecuci\u00f3n del mundo violento a quienes no pensaban ni actuaban como ellos, &nbsp;fue una de las inmensas tragedias vividas por esta sociedad ejercida por quienes &hellip; <a href=\"https:\/\/blogs.deia.eus\/anasagasti\/2025\/05\/08\/pilar-zubiarrain-una-mujer-de-bandera\/\" class=\"more-link\">Sigue leyendo <span class=\"screen-reader-text\">PILAR ZUBIARRAIN, UNA MUJER DE BANDERA<\/span><\/a><!-- AddThis Advanced Settings generic via filter on get_the_excerpt --><!-- AddThis Share Buttons generic via filter on get_the_excerpt --><\/p>\n","protected":false},"author":19,"featured_media":0,"comment_status":"open","ping_status":"open","sticky":false,"template":"","format":"standard","meta":{"footnotes":""},"categories":[1],"tags":[],"class_list":["post-20429","post","type-post","status-publish","format-standard","hentry","category-general"],"_links":{"self":[{"href":"https:\/\/blogs.deia.eus\/anasagasti\/wp-json\/wp\/v2\/posts\/20429","targetHints":{"allow":["GET"]}}],"collection":[{"href":"https:\/\/blogs.deia.eus\/anasagasti\/wp-json\/wp\/v2\/posts"}],"about":[{"href":"https:\/\/blogs.deia.eus\/anasagasti\/wp-json\/wp\/v2\/types\/post"}],"author":[{"embeddable":true,"href":"https:\/\/blogs.deia.eus\/anasagasti\/wp-json\/wp\/v2\/users\/19"}],"replies":[{"embeddable":true,"href":"https:\/\/blogs.deia.eus\/anasagasti\/wp-json\/wp\/v2\/comments?post=20429"}],"version-history":[{"count":2,"href":"https:\/\/blogs.deia.eus\/anasagasti\/wp-json\/wp\/v2\/posts\/20429\/revisions"}],"predecessor-version":[{"id":20433,"href":"https:\/\/blogs.deia.eus\/anasagasti\/wp-json\/wp\/v2\/posts\/20429\/revisions\/20433"}],"wp:attachment":[{"href":"https:\/\/blogs.deia.eus\/anasagasti\/wp-json\/wp\/v2\/media?parent=20429"}],"wp:term":[{"taxonomy":"category","embeddable":true,"href":"https:\/\/blogs.deia.eus\/anasagasti\/wp-json\/wp\/v2\/categories?post=20429"},{"taxonomy":"post_tag","embeddable":true,"href":"https:\/\/blogs.deia.eus\/anasagasti\/wp-json\/wp\/v2\/tags?post=20429"}],"curies":[{"name":"wp","href":"https:\/\/api.w.org\/{rel}","templated":true}]}}