{"id":20435,"date":"2025-05-09T08:06:37","date_gmt":"2025-05-09T06:06:37","guid":{"rendered":"https:\/\/blogs.deia.eus\/anasagasti\/?p=20435"},"modified":"2025-05-09T08:07:16","modified_gmt":"2025-05-09T06:07:16","slug":"una-forma-de-hacer-politica-irresponsable-y-pancartera","status":"publish","type":"post","link":"https:\/\/blogs.deia.eus\/anasagasti\/2025\/05\/09\/una-forma-de-hacer-politica-irresponsable-y-pancartera\/","title":{"rendered":"UNA FORMA DE HACER POL\u00cdTICA IRRESPONSABLE Y\u00a0 PANCARTERA."},"content":{"rendered":"\n<p><strong>Viernes 9 de mayo de 2025<\/strong><\/p>\n\n\n<div class=\"wp-block-image\">\n<figure class=\"aligncenter size-full is-resized\"><a href=\"https:\/\/blogs.deia.eus\/anasagasti\/files\/2025\/05\/Mafalda.jpg\"><img loading=\"lazy\" decoding=\"async\" width=\"256\" height=\"197\" src=\"https:\/\/blogs.deia.eus\/anasagasti\/files\/2025\/05\/Mafalda.jpg\" alt=\"\" class=\"wp-image-20436\" style=\"width:408px;height:auto\" \/><\/a><\/figure>\n<\/div>\n\n\n<p>Eretza me comenta algo con lo que estoy muy de acuerdo:<\/p>\n\n\n\n<p>Pues s\u00ed, Zabalgarbi y Zubieta iban a ser zonas de zombis vivientes\u2026 Igual que Boroa\u2026 Anunciaban calamidades sin fin y una devastaci\u00f3n que ni Chernobil\u2026 Cuando unos cuantos alcaldes, de esa formaci\u00f3n que anunciaba el fin del mundo con esas infraestructuras, han tenido que gestionar a\u00f1os despu\u00e9s la colocaci\u00f3n de unas placas solares o aerogeneradores en su t\u00e9rmino municipal, se han encontrado con la resaca de una forma de hacer pol\u00edtica irresponsable y pancartera, que ahora se les vuelve en contra. El monstruo devora a sus creadores. De verdad que ser\u00eda digno de ver a esos mismos gestionando Osakidetza, Educaci\u00f3n, Ertzaintza o Industria\u2026<\/p>\n\n\n\n<p>Yendo a la OPA BBVA-Sabadell, en un Estado moderno, de la UE, con normas y organismos de regulaci\u00f3n, supervisi\u00f3n y control bien ordenados, lo que no debiera ocurrir es que la absorci\u00f3n de un banco por otro, cosa que en la vida econ\u00f3mica de los pa\u00edses ocurre, ha ocurrido y ocurrir\u00e1 multitud de ocasiones, despu\u00e9s de haber pasado los filtros correspondientes de competencia, llegue a la mesa del Gobierno y su presidente nos anuncie un proceso de participaci\u00f3n p\u00fablica en ese proceso. Semejante lavada de manos populista, de verdad que no es seria y desde Europa espero que sus autoridades monetarias tomen nota.<\/p>\n<!-- AddThis Advanced Settings generic via filter on the_content --><!-- AddThis Share Buttons generic via filter on the_content -->","protected":false},"excerpt":{"rendered":"<p>Viernes 9 de mayo de 2025 Eretza me comenta algo con lo que estoy muy de acuerdo: Pues s\u00ed, Zabalgarbi y Zubieta iban a ser zonas de zombis vivientes\u2026 Igual que Boroa\u2026 Anunciaban calamidades sin fin y una devastaci\u00f3n que ni Chernobil\u2026 Cuando unos cuantos alcaldes, de esa formaci\u00f3n que anunciaba el fin del mundo &hellip; <a href=\"https:\/\/blogs.deia.eus\/anasagasti\/2025\/05\/09\/una-forma-de-hacer-politica-irresponsable-y-pancartera\/\" class=\"more-link\">Sigue leyendo <span class=\"screen-reader-text\">UNA FORMA DE HACER POL\u00cdTICA IRRESPONSABLE Y\u00a0 PANCARTERA.<\/span><\/a><!-- AddThis Advanced Settings generic via filter on get_the_excerpt --><!-- AddThis Share Buttons generic via filter on get_the_excerpt --><\/p>\n","protected":false},"author":19,"featured_media":0,"comment_status":"open","ping_status":"open","sticky":false,"template":"","format":"standard","meta":{"footnotes":""},"categories":[1],"tags":[],"class_list":["post-20435","post","type-post","status-publish","format-standard","hentry","category-general"],"_links":{"self":[{"href":"https:\/\/blogs.deia.eus\/anasagasti\/wp-json\/wp\/v2\/posts\/20435","targetHints":{"allow":["GET"]}}],"collection":[{"href":"https:\/\/blogs.deia.eus\/anasagasti\/wp-json\/wp\/v2\/posts"}],"about":[{"href":"https:\/\/blogs.deia.eus\/anasagasti\/wp-json\/wp\/v2\/types\/post"}],"author":[{"embeddable":true,"href":"https:\/\/blogs.deia.eus\/anasagasti\/wp-json\/wp\/v2\/users\/19"}],"replies":[{"embeddable":true,"href":"https:\/\/blogs.deia.eus\/anasagasti\/wp-json\/wp\/v2\/comments?post=20435"}],"version-history":[{"count":2,"href":"https:\/\/blogs.deia.eus\/anasagasti\/wp-json\/wp\/v2\/posts\/20435\/revisions"}],"predecessor-version":[{"id":20438,"href":"https:\/\/blogs.deia.eus\/anasagasti\/wp-json\/wp\/v2\/posts\/20435\/revisions\/20438"}],"wp:attachment":[{"href":"https:\/\/blogs.deia.eus\/anasagasti\/wp-json\/wp\/v2\/media?parent=20435"}],"wp:term":[{"taxonomy":"category","embeddable":true,"href":"https:\/\/blogs.deia.eus\/anasagasti\/wp-json\/wp\/v2\/categories?post=20435"},{"taxonomy":"post_tag","embeddable":true,"href":"https:\/\/blogs.deia.eus\/anasagasti\/wp-json\/wp\/v2\/tags?post=20435"}],"curies":[{"name":"wp","href":"https:\/\/api.w.org\/{rel}","templated":true}]}}