{"id":20447,"date":"2025-05-13T09:40:08","date_gmt":"2025-05-13T07:40:08","guid":{"rendered":"https:\/\/blogs.deia.eus\/anasagasti\/?p=20447"},"modified":"2025-05-13T09:41:03","modified_gmt":"2025-05-13T07:41:03","slug":"el-pasaporte-del-diputado-vascoirazusta","status":"publish","type":"post","link":"https:\/\/blogs.deia.eus\/anasagasti\/2025\/05\/13\/el-pasaporte-del-diputado-vascoirazusta\/","title":{"rendered":"EL PASAPORTE DEL DIPUTADO VASCO, IRAZUSTA"},"content":{"rendered":"\n<p><strong>Martes 13 de mayo de 2025<\/strong><\/p>\n\n\n<div class=\"wp-block-image\">\n<figure class=\"aligncenter size-full is-resized\"><a href=\"https:\/\/blogs.deia.eus\/anasagasti\/files\/2025\/05\/pasaporte-de-irazusta-.jpg\"><img loading=\"lazy\" decoding=\"async\" width=\"261\" height=\"189\" src=\"https:\/\/blogs.deia.eus\/anasagasti\/files\/2025\/05\/pasaporte-de-irazusta-.jpg\" alt=\"\" class=\"wp-image-20448\" style=\"width:601px;height:auto\" \/><\/a><\/figure>\n<\/div>\n\n\n<p>A ra\u00edz de leer la biograf\u00eda del nuevo Papa Le\u00f3n XIV y de como hab\u00eda sido obispo en el Per\u00fa, record\u00e9 como el diputado del PNV, Juan Antonio de Irazusta que hab\u00eda sido uno de los miembros de la minor\u00eda actuante en el Congreso durante la Rep\u00fablica hab\u00eda viajado a Am\u00e9rica exiliado y terminado su vida como sacerdote en el Per\u00fa.<\/p>\n\n\n\n<p>Este post lo ley\u00f3 Guillermo L\u00f3pez Glen y desde Barranquilla, en Colombia, me ha mandado este comentario y fotograf\u00eda del pasaporte de Irazusta, iniciativa &nbsp;que agradezco.<\/p>\n\n\n\n<p>Me dice lo siguiente:<\/p>\n\n\n\n<p>El Muelle de Puerto Colombia, ubicado a tan solo 30 minutos de Barranquilla, fue testigo tambi\u00e9n de la llegada de inmigrantes vascos durante la \u00e9poca de la Regeneraci\u00f3n (periodo que sigui\u00f3 a la perdida de las colonias espa\u00f1olas en am\u00e9rica y Asia). Estas oleadas de hombres y mujeres, incluyendo religiosos, industriales, t\u00e9cnicos, amas de casa, refugiados y exiliados, buscaban un nuevo comienzo en tierras colombianas.&nbsp;<\/p>\n\n\n\n<p>Pasado el tiempo, uno de esos aguerridos personajes fue Juan Antonio Irazusta y Mu\u00f1oa, nacido en Tolosa, Pa\u00eds Vasco, el 9 de junio de 1884. El estallido de la guerra civil espa\u00f1ola lo llev\u00f3 a buscar refugio, y con su pasaporte viaj\u00f3 a Francia, donde obtuvo permiso para inmigrar a nuestro pa\u00eds.<\/p>\n\n\n\n<p>El 25 de octubre de 1936, desembarc\u00f3 en Puerto Colombia, Atl\u00e1ntico desde el vapor Cuba. En mayo de 1938, aunque la guerra dificult\u00f3 la obtenci\u00f3n de sus documentos, Juan Antonio no se rindi\u00f3. Demostr\u00f3 su nacionalidad y su val\u00eda a trav\u00e9s de su pasaporte y su trayectoria profesional.&nbsp;<\/p>\n\n\n\n<p>En julio de 1938, se convirti\u00f3 en ciudadano colombiano por adopci\u00f3n, encontrando un nuevo hogar y un futuro prometedor en Colombia.&nbsp;<\/p>\n\n\n\n<p>Muchos vascos ingresaron por este emblem\u00e1tico Muelle, El segundo m\u00e1s largo del mundo en su momento, y el m\u00e1s importante de Colombia durante las 4 primeras d\u00e9cadas del siglo XX.&nbsp;<\/p>\n\n\n\n<p><a href=\"https:\/\/www.facebook.com\/hashtag\/historia?__eep__=6&amp;__cft__%5b0%5d=AZXpetMwMFnfu378ynrrtAo4dc4UGSEexhtF-Wk9YoX69j4P11lBskBeyhYRJaVHICtiBGhUZ9cLMKGFWdqqB3sJL98AbDItEg0AhtswrHflMavgY-afsSYAsZ5-6tp2hel4IgzlwfXesdnRZILMOgYt&amp;__tn__=R%5d-R\">#Historia<\/a>&nbsp;<a href=\"https:\/\/www.facebook.com\/hashtag\/inmigrantesvascos?__eep__=6&amp;__cft__%5b0%5d=AZXpetMwMFnfu378ynrrtAo4dc4UGSEexhtF-Wk9YoX69j4P11lBskBeyhYRJaVHICtiBGhUZ9cLMKGFWdqqB3sJL98AbDItEg0AhtswrHflMavgY-afsSYAsZ5-6tp2hel4IgzlwfXesdnRZILMOgYt&amp;__tn__=R%5d-R\">#InmigrantesVascos<\/a>&nbsp;<a href=\"https:\/\/www.facebook.com\/hashtag\/puertocolombia?__eep__=6&amp;__cft__%5b0%5d=AZXpetMwMFnfu378ynrrtAo4dc4UGSEexhtF-Wk9YoX69j4P11lBskBeyhYRJaVHICtiBGhUZ9cLMKGFWdqqB3sJL98AbDItEg0AhtswrHflMavgY-afsSYAsZ5-6tp2hel4IgzlwfXesdnRZILMOgYt&amp;__tn__=R%5d-R\">#PuertoColombia<\/a>&nbsp;<a href=\"https:\/\/www.facebook.com\/hashtag\/euskadi?__eep__=6&amp;__cft__%5b0%5d=AZXpetMwMFnfu378ynrrtAo4dc4UGSEexhtF-Wk9YoX69j4P11lBskBeyhYRJaVHICtiBGhUZ9cLMKGFWdqqB3sJL98AbDItEg0AhtswrHflMavgY-afsSYAsZ5-6tp2hel4IgzlwfXesdnRZILMOgYt&amp;__tn__=R%5d-R\">#Euskadi<\/a>&nbsp;<a href=\"https:\/\/www.facebook.com\/hashtag\/colombia?__eep__=6&amp;__cft__%5b0%5d=AZXpetMwMFnfu378ynrrtAo4dc4UGSEexhtF-Wk9YoX69j4P11lBskBeyhYRJaVHICtiBGhUZ9cLMKGFWdqqB3sJL98AbDItEg0AhtswrHflMavgY-afsSYAsZ5-6tp2hel4IgzlwfXesdnRZILMOgYt&amp;__tn__=R%5d-R\">#Colombia<\/a>&nbsp;<a href=\"https:\/\/www.facebook.com\/hashtag\/valent%C3%ADa?__eep__=6&amp;__cft__%5b0%5d=AZXpetMwMFnfu378ynrrtAo4dc4UGSEexhtF-Wk9YoX69j4P11lBskBeyhYRJaVHICtiBGhUZ9cLMKGFWdqqB3sJL98AbDItEg0AhtswrHflMavgY-afsSYAsZ5-6tp2hel4IgzlwfXesdnRZILMOgYt&amp;__tn__=R%5d-R\">#Valent\u00eda<\/a>&nbsp;<a href=\"https:\/\/www.facebook.com\/hashtag\/esperanza?__eep__=6&amp;__cft__%5b0%5d=AZXpetMwMFnfu378ynrrtAo4dc4UGSEexhtF-Wk9YoX69j4P11lBskBeyhYRJaVHICtiBGhUZ9cLMKGFWdqqB3sJL98AbDItEg0AhtswrHflMavgY-afsSYAsZ5-6tp2hel4IgzlwfXesdnRZILMOgYt&amp;__tn__=R%5d-R\">#Esperanza<\/a>&nbsp;<a href=\"https:\/\/www.facebook.com\/hashtag\/nuevocomienzo?__eep__=6&amp;__cft__%5b0%5d=AZXpetMwMFnfu378ynrrtAo4dc4UGSEexhtF-Wk9YoX69j4P11lBskBeyhYRJaVHICtiBGhUZ9cLMKGFWdqqB3sJL98AbDItEg0AhtswrHflMavgY-afsSYAsZ5-6tp2hel4IgzlwfXesdnRZILMOgYt&amp;__tn__=R%5d-R\">#NuevoComienzo<\/a><\/p>\n<!-- AddThis Advanced Settings generic via filter on the_content --><!-- AddThis Share Buttons generic via filter on the_content -->","protected":false},"excerpt":{"rendered":"<p>Martes 13 de mayo de 2025 A ra\u00edz de leer la biograf\u00eda del nuevo Papa Le\u00f3n XIV y de como hab\u00eda sido obispo en el Per\u00fa, record\u00e9 como el diputado del PNV, Juan Antonio de Irazusta que hab\u00eda sido uno de los miembros de la minor\u00eda actuante en el Congreso durante la Rep\u00fablica hab\u00eda viajado &hellip; <a href=\"https:\/\/blogs.deia.eus\/anasagasti\/2025\/05\/13\/el-pasaporte-del-diputado-vascoirazusta\/\" class=\"more-link\">Sigue leyendo <span class=\"screen-reader-text\">EL PASAPORTE DEL DIPUTADO VASCO, IRAZUSTA<\/span><\/a><!-- AddThis Advanced Settings generic via filter on get_the_excerpt --><!-- AddThis Share Buttons generic via filter on get_the_excerpt --><\/p>\n","protected":false},"author":19,"featured_media":0,"comment_status":"open","ping_status":"open","sticky":false,"template":"","format":"standard","meta":{"footnotes":""},"categories":[1],"tags":[],"class_list":["post-20447","post","type-post","status-publish","format-standard","hentry","category-general"],"_links":{"self":[{"href":"https:\/\/blogs.deia.eus\/anasagasti\/wp-json\/wp\/v2\/posts\/20447","targetHints":{"allow":["GET"]}}],"collection":[{"href":"https:\/\/blogs.deia.eus\/anasagasti\/wp-json\/wp\/v2\/posts"}],"about":[{"href":"https:\/\/blogs.deia.eus\/anasagasti\/wp-json\/wp\/v2\/types\/post"}],"author":[{"embeddable":true,"href":"https:\/\/blogs.deia.eus\/anasagasti\/wp-json\/wp\/v2\/users\/19"}],"replies":[{"embeddable":true,"href":"https:\/\/blogs.deia.eus\/anasagasti\/wp-json\/wp\/v2\/comments?post=20447"}],"version-history":[{"count":2,"href":"https:\/\/blogs.deia.eus\/anasagasti\/wp-json\/wp\/v2\/posts\/20447\/revisions"}],"predecessor-version":[{"id":20450,"href":"https:\/\/blogs.deia.eus\/anasagasti\/wp-json\/wp\/v2\/posts\/20447\/revisions\/20450"}],"wp:attachment":[{"href":"https:\/\/blogs.deia.eus\/anasagasti\/wp-json\/wp\/v2\/media?parent=20447"}],"wp:term":[{"taxonomy":"category","embeddable":true,"href":"https:\/\/blogs.deia.eus\/anasagasti\/wp-json\/wp\/v2\/categories?post=20447"},{"taxonomy":"post_tag","embeddable":true,"href":"https:\/\/blogs.deia.eus\/anasagasti\/wp-json\/wp\/v2\/tags?post=20447"}],"curies":[{"name":"wp","href":"https:\/\/api.w.org\/{rel}","templated":true}]}}